{"id":1018,"date":"2020-08-07T09:02:36","date_gmt":"2020-08-07T12:02:36","guid":{"rendered":"https:\/\/www.lumiun.com\/blog\/?p=1018"},"modified":"2022-05-02T15:02:10","modified_gmt":"2022-05-02T18:02:10","slug":"10-habitos-negativos-que-comprometem-a-produtividade-dos-profissionais-e-o-impacto-nas-empresas","status":"publish","type":"post","link":"https:\/\/www.lumiun.com\/blog\/10-habitos-negativos-que-comprometem-a-produtividade-dos-profissionais-e-o-impacto-nas-empresas\/","title":{"rendered":"10 h\u00e1bitos negativos que comprometem a produtividade dos profissionais e o impacto para as empresas"},"content":{"rendered":"<p><span style=\"font-weight: 400;\">Apesar da tecnologia ser uma aliada das empresas e dos profissionais, tamb\u00e9m pode se tornar a principal respons\u00e1vel pela<\/span> <a href=\"https:\/\/www.lumiun.com\/blog\/2016\/12\/como-melhorar-a-baixa-produtividade-dos-profissionais-no-brasil\/\"><span style=\"font-weight: 400;\">baixa produtividade<\/span><\/a><span style=\"font-weight: 400;\"> dos colaboradores nas empresas com a ocorr\u00eancia de h\u00e1bitos negativos.<\/span><\/p>\n<p><span style=\"font-weight: 400;\">Segundo uma pesquisa feita pela <\/span><a href=\"https:\/\/www.workfront.com\/resources\/state-work-2020\"><span style=\"font-weight: 400;\">Workfront<\/span><\/a><span style=\"font-weight: 400;\">, os funcion\u00e1rios gastam apenas 43% do tempo da semana de trabalho em fun\u00e7\u00f5es que foram contratados para fazer e s\u00e3o interrompidos por ferramentas na internet no m\u00ednimo 14 vezes por dia.\u00a0<\/span><\/p>\n<div class=\"rock-convert-banner\"><a href=\"https:\/\/conteudo.lumiun.com\/infografico-produtividade-profissional-internet?utm_medium=rock-convert&utm_source=blog&utm_campaign=banner-meio-artigo\" target=\"_blank\" class=\"rock-convert-cta-link\" data-cta-id=\"5085\" data-cta-title=\"Infogr\u00e1fico produtividade dos funcion\u00e1rios na internet\"><picture><source srcset=\"https:\/\/www.lumiun.com\/blog\/wp-content\/webp-express\/webp-images\/uploads\/Imagem-CTA-Artigo-SafeSearch-teste3.png.webp 619w, https:\/\/www.lumiun.com\/blog\/wp-content\/webp-express\/webp-images\/uploads\/Imagem-CTA-Artigo-SafeSearch-teste3-500x203.png.webp 500w, https:\/\/www.lumiun.com\/blog\/wp-content\/webp-express\/webp-images\/uploads\/Imagem-CTA-Artigo-SafeSearch-teste3-380x154.png.webp 380w\" sizes=\"(max-width: 619px) 100vw, 619px\" type=\"image\/webp\"><img fetchpriority=\"high\" decoding=\"async\" width=\"619\" height=\"251\" src=\"https:\/\/www.lumiun.com\/blog\/wp-content\/uploads\/Imagem-CTA-Artigo-SafeSearch-teste3.png\" class=\"attachment-full size-full webpexpress-processed\" alt=\"\" title=\"Infogr\u00e1fico produtividade dos funcion\u00e1rios na internet\" srcset=\"https:\/\/www.lumiun.com\/blog\/wp-content\/uploads\/Imagem-CTA-Artigo-SafeSearch-teste3.png 619w, https:\/\/www.lumiun.com\/blog\/wp-content\/uploads\/Imagem-CTA-Artigo-SafeSearch-teste3-500x203.png 500w, https:\/\/www.lumiun.com\/blog\/wp-content\/uploads\/Imagem-CTA-Artigo-SafeSearch-teste3-380x154.png 380w\" sizes=\"(max-width: 619px) 100vw, 619px\" loading=\"eager\"><\/picture><\/a><\/div>\n<p><span style=\"font-weight: 400;\">Quando os profissionais trabalham conectados na internet ou pr\u00f3ximos dos seus smartphones, ficam a um clique de dist\u00e2ncia de distra\u00e7\u00f5es tentadoras da sua vida pessoal, como conversar com amigos e familiares, acessar as redes sociais ou buscar conte\u00fados de interesse pessoal. Essa alta conectividade que a tecnologia oferece n\u00e3o \u00e9 por si s\u00f3 negativa, mas gera h\u00e1bitos negativos e precisa ser devidamente gerenciada, tanto pelo pr\u00f3prio profissional quanto pela empresa.<\/span><\/p>\n<p><span style=\"font-weight: 400;\">Para resolver esse problema de h\u00e1bitos negativos, os gestores precisam<\/span> <a href=\"https:\/\/www.lumiun.com\/blog\/2016\/01\/passo-a-passo-como-criar-um-manual-de-etica-e-bom-uso-da-internet-no-trabalho\/\"><span style=\"font-weight: 400;\">criar uma cultura de bom uso da internet no ambiente corporativo<\/span><\/a><span style=\"font-weight: 400;\">, primeiramente mantendo um di\u00e1logo aberto com os colaboradores sobre as consequ\u00eancias do desperd\u00edcio de tempo. Tamb\u00e9m podem ser utilizadas<\/span><a href=\"https:\/\/www.lumiun.com\/blog\/2017\/04\/ferramentas-online-para-melhorar-gestao-em-pequenas-e-medias-empresas\/\"> <span style=\"font-weight: 400;\">ferramentas de gest\u00e3o<\/span><\/a><span style=\"font-weight: 400;\"> para controlar e otimizar o uso dos recursos de tecnologia e definir estrat\u00e9gias em conjunto com a equipe para que a produtividade se mantenha em alto n\u00edvel.<\/span><\/p>\n<h3 id=\"pesquisa-sobre-produtividade-dos-profissionais\">Pesquisa sobre produtividade dos profissionais<\/h3>\n<p><picture><source srcset=\"https:\/\/www.lumiun.com\/blog\/wp-content\/webp-express\/webp-images\/uploads\/10-h\u00e1bitos-negativos1.jpg.webp 1201w, https:\/\/www.lumiun.com\/blog\/wp-content\/webp-express\/webp-images\/uploads\/10-h\u00e1bitos-negativos1-500x125.jpg.webp 500w, https:\/\/www.lumiun.com\/blog\/wp-content\/webp-express\/webp-images\/uploads\/10-h\u00e1bitos-negativos1-1140x286.jpg.webp 1140w, https:\/\/www.lumiun.com\/blog\/wp-content\/webp-express\/webp-images\/uploads\/10-h\u00e1bitos-negativos1-768x192.jpg.webp 768w, https:\/\/www.lumiun.com\/blog\/wp-content\/webp-express\/webp-images\/uploads\/10-h\u00e1bitos-negativos1-380x95.jpg.webp 380w, https:\/\/www.lumiun.com\/blog\/wp-content\/webp-express\/webp-images\/uploads\/10-h\u00e1bitos-negativos1-800x200.jpg.webp 800w, https:\/\/www.lumiun.com\/blog\/wp-content\/webp-express\/webp-images\/uploads\/10-h\u00e1bitos-negativos1-1160x291.jpg.webp 1160w\" sizes=\"(max-width: 1201px) 100vw, 1201px\" type=\"image\/webp\"><img decoding=\"async\" class=\"alignnone wp-image-6537 size-full webpexpress-processed\" src=\"https:\/\/www.lumiun.com\/blog\/wp-content\/uploads\/10-h\u00e1bitos-negativos1.jpg\" alt=\"\" width=\"1201\" height=\"301\" srcset=\"https:\/\/www.lumiun.com\/blog\/wp-content\/uploads\/10-h\u00e1bitos-negativos1.jpg 1201w, https:\/\/www.lumiun.com\/blog\/wp-content\/uploads\/10-h\u00e1bitos-negativos1-500x125.jpg 500w, https:\/\/www.lumiun.com\/blog\/wp-content\/uploads\/10-h\u00e1bitos-negativos1-1140x286.jpg 1140w, https:\/\/www.lumiun.com\/blog\/wp-content\/uploads\/10-h\u00e1bitos-negativos1-768x192.jpg 768w, https:\/\/www.lumiun.com\/blog\/wp-content\/uploads\/10-h\u00e1bitos-negativos1-380x95.jpg 380w, https:\/\/www.lumiun.com\/blog\/wp-content\/uploads\/10-h\u00e1bitos-negativos1-800x200.jpg 800w, https:\/\/www.lumiun.com\/blog\/wp-content\/uploads\/10-h\u00e1bitos-negativos1-1160x291.jpg 1160w\" sizes=\"(max-width: 1201px) 100vw, 1201px\"><\/picture><\/p>\n<p>Na pesquisa, 94% dos funcion\u00e1rios pesquisados afirmam que o tempo perdido se deve a facilidade de pesquisar no google. Ainda sobre a pesquisa, 47% dos entrevistados dizem que acessam as redes sociais mesmo sendo proibido na empresa, 40% enviam e-mails com piadas, 26% trocam links do YouTube e incr\u00edveis 11% assistem pornografia durante o expediente, ou seja, 1 em cada 10 funcion\u00e1rios.<\/p>\n<p>O principal culpado de n\u00fameros t\u00e3o alarmantes, \u00e9 o h\u00e1bito do desperd\u00edcio do tempo no ambiente de trabalho. Veja a seguir alguns h\u00e1bitos que mais prejudicam a produtividade nas empresas:<\/p>\n<ol>\n<li>Uso do celular para troca de mensagens<\/li>\n<li>Navega\u00e7\u00e3o na internet<\/li>\n<li>Conversa e fofoca entre os colaboradores durante o expediente<\/li>\n<li>Acesso \u00e0s redes sociais (Facebook, Twitter, Instagram)<\/li>\n<li>Distra\u00e7\u00f5es geradas pelos colegas de trabalho<\/li>\n<li>Intervalos para lanches ou chamadas particulares<\/li>\n<li>Uso do e-mail pessoal<\/li>\n<li>Reuni\u00f5es desnecess\u00e1rias e improdutivas<\/li>\n<li>Excesso de barulho interno e externo<\/li>\n<li>Espa\u00e7o de trabalho inadequado ou limitado para o exerc\u00edcio das atividades<\/li>\n<\/ol>\n<h3 id=\"para-profissionais-em-home-office\">Para profissionais em Home Office<\/h3>\n<p><picture><source srcset=\"https:\/\/www.lumiun.com\/blog\/wp-content\/webp-express\/webp-images\/uploads\/10-h\u00e1bitos-negativos2.jpg.webp 1201w, https:\/\/www.lumiun.com\/blog\/wp-content\/webp-express\/webp-images\/uploads\/10-h\u00e1bitos-negativos2-500x125.jpg.webp 500w, https:\/\/www.lumiun.com\/blog\/wp-content\/webp-express\/webp-images\/uploads\/10-h\u00e1bitos-negativos2-1140x286.jpg.webp 1140w, https:\/\/www.lumiun.com\/blog\/wp-content\/webp-express\/webp-images\/uploads\/10-h\u00e1bitos-negativos2-768x192.jpg.webp 768w, https:\/\/www.lumiun.com\/blog\/wp-content\/webp-express\/webp-images\/uploads\/10-h\u00e1bitos-negativos2-380x95.jpg.webp 380w, https:\/\/www.lumiun.com\/blog\/wp-content\/webp-express\/webp-images\/uploads\/10-h\u00e1bitos-negativos2-800x200.jpg.webp 800w, https:\/\/www.lumiun.com\/blog\/wp-content\/webp-express\/webp-images\/uploads\/10-h\u00e1bitos-negativos2-1160x291.jpg.webp 1160w\" sizes=\"(max-width: 1201px) 100vw, 1201px\" type=\"image\/webp\"><img decoding=\"async\" class=\"alignnone wp-image-6539 size-full webpexpress-processed\" src=\"https:\/\/www.lumiun.com\/blog\/wp-content\/uploads\/10-h\u00e1bitos-negativos2.jpg\" alt=\"\" width=\"1201\" height=\"301\" srcset=\"https:\/\/www.lumiun.com\/blog\/wp-content\/uploads\/10-h\u00e1bitos-negativos2.jpg 1201w, https:\/\/www.lumiun.com\/blog\/wp-content\/uploads\/10-h\u00e1bitos-negativos2-500x125.jpg 500w, https:\/\/www.lumiun.com\/blog\/wp-content\/uploads\/10-h\u00e1bitos-negativos2-1140x286.jpg 1140w, https:\/\/www.lumiun.com\/blog\/wp-content\/uploads\/10-h\u00e1bitos-negativos2-768x192.jpg 768w, https:\/\/www.lumiun.com\/blog\/wp-content\/uploads\/10-h\u00e1bitos-negativos2-380x95.jpg 380w, https:\/\/www.lumiun.com\/blog\/wp-content\/uploads\/10-h\u00e1bitos-negativos2-800x200.jpg 800w, https:\/\/www.lumiun.com\/blog\/wp-content\/uploads\/10-h\u00e1bitos-negativos2-1160x291.jpg 1160w\" sizes=\"(max-width: 1201px) 100vw, 1201px\"><\/picture><\/p>\n<p>No momento, considerando que a economia encontra-se abalada pela pandemia, a busca por produtividade dos funcion\u00e1rios se tornou ainda maior, levando em conta que cada centavo de faturamento da empresa, na maioria, requer mais trabalho agora.<\/p>\n<ol>\n<li>Para os trabalhadores remotos, alguns h\u00e1bitos devem ser levados em considera\u00e7\u00e3o para que n\u00e3o haja perda de produtividade, como por exemplo:<\/li>\n<li>Ambiente de trabalho em casa inapropriado<\/li>\n<li>Distra\u00e7\u00f5es oriundas da casa ou afazeres dom\u00e9sticos<\/li>\n<li>Hor\u00e1rio de trabalho n\u00e3o bem definido<\/li>\n<li>Vestimentas inapropriadas ou de uso em dias de lazer<\/li>\n<li>Falta de comunica\u00e7\u00e3o com colegas e gestores<\/li>\n<\/ol>\n<p>Al\u00e9m dos problemas listados, ainda podem ocorrer problemas de <a href=\"https:\/\/www.lumiun.com\/blog\/10-dicas-de-seguranca-na-internet-em-2020-para-pmes\/\" target=\"_blank\" rel=\"noopener noreferrer\">seguran\u00e7a<\/a>, como perda de informa\u00e7\u00f5es ou comprometimento dos recursos de tecnologia em home office ou n\u00e3o. Muitas vezes a <a href=\"https:\/\/www.lumiun.com\/blog\/como-melhorar-a-velocidade-da-internet-na-minha-empresa\/\" target=\"_blank\" rel=\"noopener noreferrer\">velocidade de internet<\/a> fica comprometida por conta do uso indevido desses recursos.<\/p>\n<p>Empresas que definem regras ou limites dificilmente conseguem fazer o controle quando o modo de trabalho do funcion\u00e1rio \u00e9 remoto. Grande parte das empresas aderem ao controle de acesso \u00e0 internet, definindo o que pode ou n\u00e3o ser acessado pelos colaboradores, mesmo que os mesmo se encontrem trabalhando em casa.<\/p>\n<h3 id=\"desperdicio-de-tempo\">Desperd\u00edcio de tempo<\/h3>\n<p><picture><source srcset=\"https:\/\/www.lumiun.com\/blog\/wp-content\/webp-express\/webp-images\/uploads\/10-h\u00e1bitos-negativos3.jpg.webp 1201w, https:\/\/www.lumiun.com\/blog\/wp-content\/webp-express\/webp-images\/uploads\/10-h\u00e1bitos-negativos3-500x125.jpg.webp 500w, https:\/\/www.lumiun.com\/blog\/wp-content\/webp-express\/webp-images\/uploads\/10-h\u00e1bitos-negativos3-1140x286.jpg.webp 1140w, https:\/\/www.lumiun.com\/blog\/wp-content\/webp-express\/webp-images\/uploads\/10-h\u00e1bitos-negativos3-768x192.jpg.webp 768w, https:\/\/www.lumiun.com\/blog\/wp-content\/webp-express\/webp-images\/uploads\/10-h\u00e1bitos-negativos3-380x95.jpg.webp 380w, https:\/\/www.lumiun.com\/blog\/wp-content\/webp-express\/webp-images\/uploads\/10-h\u00e1bitos-negativos3-800x200.jpg.webp 800w, https:\/\/www.lumiun.com\/blog\/wp-content\/webp-express\/webp-images\/uploads\/10-h\u00e1bitos-negativos3-1160x291.jpg.webp 1160w\" sizes=\"(max-width: 1201px) 100vw, 1201px\" type=\"image\/webp\"><img decoding=\"async\" class=\"alignnone wp-image-6540 size-full webpexpress-processed\" src=\"https:\/\/www.lumiun.com\/blog\/wp-content\/uploads\/10-h\u00e1bitos-negativos3.jpg\" alt=\"\" width=\"1201\" height=\"301\" srcset=\"https:\/\/www.lumiun.com\/blog\/wp-content\/uploads\/10-h\u00e1bitos-negativos3.jpg 1201w, https:\/\/www.lumiun.com\/blog\/wp-content\/uploads\/10-h\u00e1bitos-negativos3-500x125.jpg 500w, https:\/\/www.lumiun.com\/blog\/wp-content\/uploads\/10-h\u00e1bitos-negativos3-1140x286.jpg 1140w, https:\/\/www.lumiun.com\/blog\/wp-content\/uploads\/10-h\u00e1bitos-negativos3-768x192.jpg 768w, https:\/\/www.lumiun.com\/blog\/wp-content\/uploads\/10-h\u00e1bitos-negativos3-380x95.jpg 380w, https:\/\/www.lumiun.com\/blog\/wp-content\/uploads\/10-h\u00e1bitos-negativos3-800x200.jpg 800w, https:\/\/www.lumiun.com\/blog\/wp-content\/uploads\/10-h\u00e1bitos-negativos3-1160x291.jpg 1160w\" sizes=\"(max-width: 1201px) 100vw, 1201px\"><\/picture><\/p>\n<p>Para auxiliar os gestores, temos dispon\u00edvel uma <a href=\"https:\/\/www.lumiun.com\/calculo-desperdicio\" target=\"_blank\" rel=\"noopener noreferrer\">calculadora <\/a>que permite estimar o custo do desperd\u00edcio de tempo dos colaboradores. Dessa forma, fica mais f\u00e1cil definir algum tipo de solu\u00e7\u00e3o para a baixa produtividade, em busca de melhorar o <a href=\"https:\/\/www.lumiun.com\/blog\/2017\/01\/qual-e-a-importancia-da-organizacao-no-ambiente-corporativo\/\" target=\"_blank\" rel=\"noopener noreferrer\">ambiente corporativo<\/a>.<\/p>\n<p>Claro\u00a0que o impacto pode variar muito em cada empresa, por isso\u00a0o mais importante \u00e9 que os gestores monitorem a produtividade da sua equipe e reconhe\u00e7am esse problema de desperd\u00edcio de tempo como uma realidade, para que possam ser tomadas medidas, no sentido de evitar qualquer impacto negativo nos resultados da empresa.<\/p>\n<p>Esse \u00e9 um tema sempre pol\u00eamico e exige muito bom senso na defini\u00e7\u00e3o das estrat\u00e9gias para manter a equipe sempre produtiva e motivada, sem causar frustra\u00e7\u00e3o nos colaboradores ou criar um ambiente de trabalho negativo.<\/p>\n<p>Na sua empresa, como \u00e9 tratada essa quest\u00e3o de desperd\u00edcio de tempo e uso da internet e celulares pelos colaboradores? Compartilhe sua experi\u00eancia e opini\u00e3o nos coment\u00e1rios!<\/p>\n","protected":false},"excerpt":{"rendered":"Apesar da tecnologia ser uma aliada das empresas e dos profissionais, tamb\u00e9m pode se tornar a principal respons\u00e1vel&hellip;\n","protected":false},"author":2,"featured_media":6542,"comment_status":"closed","ping_status":"open","sticky":false,"template":"","format":"image","meta":{"content-type":"","footnotes":""},"categories":[17],"tags":[29,65,33,28,62,26,5,47,35,64,24,8,67,49],"yoast_head":"<!-- This site is optimized with the Yoast SEO plugin v24.0 - https:\/\/yoast.com\/wordpress\/plugins\/seo\/ -->\n<title>10 h\u00e1bitos negativos que comprometem a produtividade dos profissionais e o impacto para as empresas | Lumiun Blog<\/title>\n<meta name=\"description\" content=\"A tecnologia \u00e9 uma aliada das empresas, mas tamb\u00e9m pode ser a respons\u00e1vel pela baixa produtividade, com a ocorr\u00eancia de h\u00e1bitos negativos. Confira o artigo!\" \/>\n<meta name=\"robots\" content=\"index, follow, max-snippet:-1, max-image-preview:large, max-video-preview:-1\" \/>\n<link rel=\"canonical\" href=\"https:\/\/www.lumiun.com\/blog\/10-habitos-negativos-que-comprometem-a-produtividade-dos-profissionais-e-o-impacto-nas-empresas\/\" \/>\n<meta property=\"og:locale\" content=\"pt_BR\" \/>\n<meta property=\"og:type\" content=\"article\" \/>\n<meta property=\"og:title\" content=\"10 h\u00e1bitos negativos que comprometem a produtividade dos profissionais e o impacto para as empresas | Lumiun Blog\" \/>\n<meta property=\"og:description\" content=\"A tecnologia \u00e9 uma aliada das empresas, mas tamb\u00e9m pode ser a respons\u00e1vel pela baixa produtividade, com a ocorr\u00eancia de h\u00e1bitos negativos. Confira o artigo!\" \/>\n<meta property=\"og:url\" content=\"https:\/\/www.lumiun.com\/blog\/10-habitos-negativos-que-comprometem-a-produtividade-dos-profissionais-e-o-impacto-nas-empresas\/\" \/>\n<meta property=\"og:site_name\" content=\"Lumiun Blog\" \/>\n<meta property=\"article:publisher\" content=\"https:\/\/www.facebook.com\/LumiunTecnologia\/\" \/>\n<meta property=\"article:published_time\" content=\"2020-08-07T12:02:36+00:00\" \/>\n<meta property=\"article:modified_time\" content=\"2022-05-02T18:02:10+00:00\" \/>\n<meta property=\"og:image\" content=\"https:\/\/www.lumiun.com\/blog\/wp-content\/uploads\/10-h\u00e1bitos-negativos-1.jpg\" \/>\n\t<meta property=\"og:image:width\" content=\"1201\" \/>\n\t<meta property=\"og:image:height\" content=\"709\" \/>\n\t<meta property=\"og:image:type\" content=\"image\/jpeg\" \/>\n<meta name=\"author\" content=\"Equipe Lumiun\" \/>\n<meta name=\"twitter:card\" content=\"summary_large_image\" \/>\n<meta name=\"twitter:label1\" content=\"Escrito por\" \/>\n\t<meta name=\"twitter:data1\" content=\"Equipe Lumiun\" \/>\n\t<meta name=\"twitter:label2\" content=\"Est. tempo de leitura\" \/>\n\t<meta name=\"twitter:data2\" content=\"4 minutos\" \/>\n<script type=\"application\/ld+json\" class=\"yoast-schema-graph\">{\"@context\":\"https:\/\/schema.org\",\"@graph\":[{\"@type\":\"Article\",\"@id\":\"https:\/\/www.lumiun.com\/blog\/10-habitos-negativos-que-comprometem-a-produtividade-dos-profissionais-e-o-impacto-nas-empresas\/#article\",\"isPartOf\":{\"@id\":\"https:\/\/www.lumiun.com\/blog\/10-habitos-negativos-que-comprometem-a-produtividade-dos-profissionais-e-o-impacto-nas-empresas\/\"},\"author\":{\"name\":\"Equipe Lumiun\",\"@id\":\"https:\/\/www.lumiun.com\/blog\/#\/schema\/person\/ec6073b9f8118a645a39feb51b710f3a\"},\"headline\":\"10 h\u00e1bitos negativos que comprometem a produtividade dos profissionais e o impacto para as empresas\",\"datePublished\":\"2020-08-07T12:02:36+00:00\",\"dateModified\":\"2022-05-02T18:02:10+00:00\",\"mainEntityOfPage\":{\"@id\":\"https:\/\/www.lumiun.com\/blog\/10-habitos-negativos-que-comprometem-a-produtividade-dos-profissionais-e-o-impacto-nas-empresas\/\"},\"wordCount\":782,\"publisher\":{\"@id\":\"https:\/\/www.lumiun.com\/blog\/#organization\"},\"image\":{\"@id\":\"https:\/\/www.lumiun.com\/blog\/10-habitos-negativos-que-comprometem-a-produtividade-dos-profissionais-e-o-impacto-nas-empresas\/#primaryimage\"},\"thumbnailUrl\":\"https:\/\/www.lumiun.com\/blog\/wp-content\/uploads\/10-h\u00e1bitos-negativos-1.jpg\",\"keywords\":[\"bloqueio\",\"controle\",\"empresas\",\"equipe\",\"gerenciamento de tempo\",\"gestao\",\"internet\",\"monitoramento\",\"privacidade\",\"procrastina\u00e7\u00e3o\",\"produtividade\",\"redes sociais\",\"resultados\",\"tempo\"],\"articleSection\":[\"Gest\u00e3o e Produtividade\"],\"inLanguage\":\"pt-BR\"},{\"@type\":\"WebPage\",\"@id\":\"https:\/\/www.lumiun.com\/blog\/10-habitos-negativos-que-comprometem-a-produtividade-dos-profissionais-e-o-impacto-nas-empresas\/\",\"url\":\"https:\/\/www.lumiun.com\/blog\/10-habitos-negativos-que-comprometem-a-produtividade-dos-profissionais-e-o-impacto-nas-empresas\/\",\"name\":\"10 h\u00e1bitos negativos que comprometem a produtividade dos profissionais e o impacto para as empresas | Lumiun Blog\",\"isPartOf\":{\"@id\":\"https:\/\/www.lumiun.com\/blog\/#website\"},\"primaryImageOfPage\":{\"@id\":\"https:\/\/www.lumiun.com\/blog\/10-habitos-negativos-que-comprometem-a-produtividade-dos-profissionais-e-o-impacto-nas-empresas\/#primaryimage\"},\"image\":{\"@id\":\"https:\/\/www.lumiun.com\/blog\/10-habitos-negativos-que-comprometem-a-produtividade-dos-profissionais-e-o-impacto-nas-empresas\/#primaryimage\"},\"thumbnailUrl\":\"https:\/\/www.lumiun.com\/blog\/wp-content\/uploads\/10-h\u00e1bitos-negativos-1.jpg\",\"datePublished\":\"2020-08-07T12:02:36+00:00\",\"dateModified\":\"2022-05-02T18:02:10+00:00\",\"description\":\"A tecnologia \u00e9 uma aliada das empresas, mas tamb\u00e9m pode ser a respons\u00e1vel pela baixa produtividade, com a ocorr\u00eancia de h\u00e1bitos negativos. Confira o artigo!\",\"breadcrumb\":{\"@id\":\"https:\/\/www.lumiun.com\/blog\/10-habitos-negativos-que-comprometem-a-produtividade-dos-profissionais-e-o-impacto-nas-empresas\/#breadcrumb\"},\"inLanguage\":\"pt-BR\",\"potentialAction\":[{\"@type\":\"ReadAction\",\"target\":[\"https:\/\/www.lumiun.com\/blog\/10-habitos-negativos-que-comprometem-a-produtividade-dos-profissionais-e-o-impacto-nas-empresas\/\"]}]},{\"@type\":\"ImageObject\",\"inLanguage\":\"pt-BR\",\"@id\":\"https:\/\/www.lumiun.com\/blog\/10-habitos-negativos-que-comprometem-a-produtividade-dos-profissionais-e-o-impacto-nas-empresas\/#primaryimage\",\"url\":\"https:\/\/www.lumiun.com\/blog\/wp-content\/uploads\/10-h\u00e1bitos-negativos-1.jpg\",\"contentUrl\":\"https:\/\/www.lumiun.com\/blog\/wp-content\/uploads\/10-h\u00e1bitos-negativos-1.jpg\",\"width\":1201,\"height\":709},{\"@type\":\"BreadcrumbList\",\"@id\":\"https:\/\/www.lumiun.com\/blog\/10-habitos-negativos-que-comprometem-a-produtividade-dos-profissionais-e-o-impacto-nas-empresas\/#breadcrumb\",\"itemListElement\":[{\"@type\":\"ListItem\",\"position\":1,\"name\":\"In\u00edcio\",\"item\":\"https:\/\/www.lumiun.com\/blog\/\"},{\"@type\":\"ListItem\",\"position\":2,\"name\":\"10 h\u00e1bitos negativos que comprometem a produtividade dos profissionais e o impacto para as empresas\"}]},{\"@type\":\"WebSite\",\"@id\":\"https:\/\/www.lumiun.com\/blog\/#website\",\"url\":\"https:\/\/www.lumiun.com\/blog\/\",\"name\":\"Lumiun Blog\",\"description\":\"Conte\u00fado sobre gest\u00e3o e seguran\u00e7a da internet para gestores e profissionais de TI\",\"publisher\":{\"@id\":\"https:\/\/www.lumiun.com\/blog\/#organization\"},\"potentialAction\":[{\"@type\":\"SearchAction\",\"target\":{\"@type\":\"EntryPoint\",\"urlTemplate\":\"https:\/\/www.lumiun.com\/blog\/?s={search_term_string}\"},\"query-input\":{\"@type\":\"PropertyValueSpecification\",\"valueRequired\":true,\"valueName\":\"search_term_string\"}}],\"inLanguage\":\"pt-BR\"},{\"@type\":\"Organization\",\"@id\":\"https:\/\/www.lumiun.com\/blog\/#organization\",\"name\":\"Lumiun Tecnologia\",\"url\":\"https:\/\/www.lumiun.com\/blog\/\",\"logo\":{\"@type\":\"ImageObject\",\"inLanguage\":\"pt-BR\",\"@id\":\"https:\/\/www.lumiun.com\/blog\/#\/schema\/logo\/image\/\",\"url\":\"https:\/\/www.lumiun.com\/blog\/wp-content\/uploads\/logo-lumiun.png\",\"contentUrl\":\"https:\/\/www.lumiun.com\/blog\/wp-content\/uploads\/logo-lumiun.png\",\"width\":1500,\"height\":930,\"caption\":\"Lumiun Tecnologia\"},\"image\":{\"@id\":\"https:\/\/www.lumiun.com\/blog\/#\/schema\/logo\/image\/\"},\"sameAs\":[\"https:\/\/www.facebook.com\/LumiunTecnologia\/\",\"https:\/\/www.linkedin.com\/company\/lumiun---cloud-managed-network\/\",\"https:\/\/www.youtube.com\/LumiunNetwork\"]},{\"@type\":\"Person\",\"@id\":\"https:\/\/www.lumiun.com\/blog\/#\/schema\/person\/ec6073b9f8118a645a39feb51b710f3a\",\"name\":\"Equipe Lumiun\",\"image\":{\"@type\":\"ImageObject\",\"inLanguage\":\"pt-BR\",\"@id\":\"https:\/\/www.lumiun.com\/blog\/#\/schema\/person\/image\/\",\"url\":\"https:\/\/secure.gravatar.com\/avatar\/65646655862a1ff55ad08c98066a36cc?s=96&d=mm&r=g\",\"contentUrl\":\"https:\/\/secure.gravatar.com\/avatar\/65646655862a1ff55ad08c98066a36cc?s=96&d=mm&r=g\",\"caption\":\"Equipe Lumiun\"},\"description\":\"Especialistas em tecnologia e ciberseguran\u00e7a, dedicados a simplificar o controle e prote\u00e7\u00e3o de redes corporativas. Apoiamos empresas a crescerem com mais seguran\u00e7a, efici\u00eancia e conectividade.\",\"sameAs\":[\"https:\/\/www.lumiun.com\"],\"url\":\"https:\/\/www.lumiun.com\/blog\/author\/cledison\/\"}]}<\/script>\n<!-- \/ Yoast SEO plugin. -->","yoast_head_json":{"title":"10 h\u00e1bitos negativos que comprometem a produtividade dos profissionais e o impacto para as empresas | Lumiun Blog","description":"A tecnologia \u00e9 uma aliada das empresas, mas tamb\u00e9m pode ser a respons\u00e1vel pela baixa produtividade, com a ocorr\u00eancia de h\u00e1bitos negativos. Confira o artigo!","robots":{"index":"index","follow":"follow","max-snippet":"max-snippet:-1","max-image-preview":"max-image-preview:large","max-video-preview":"max-video-preview:-1"},"canonical":"https:\/\/www.lumiun.com\/blog\/10-habitos-negativos-que-comprometem-a-produtividade-dos-profissionais-e-o-impacto-nas-empresas\/","og_locale":"pt_BR","og_type":"article","og_title":"10 h\u00e1bitos negativos que comprometem a produtividade dos profissionais e o impacto para as empresas | Lumiun Blog","og_description":"A tecnologia \u00e9 uma aliada das empresas, mas tamb\u00e9m pode ser a respons\u00e1vel pela baixa produtividade, com a ocorr\u00eancia de h\u00e1bitos negativos. Confira o artigo!","og_url":"https:\/\/www.lumiun.com\/blog\/10-habitos-negativos-que-comprometem-a-produtividade-dos-profissionais-e-o-impacto-nas-empresas\/","og_site_name":"Lumiun Blog","article_publisher":"https:\/\/www.facebook.com\/LumiunTecnologia\/","article_published_time":"2020-08-07T12:02:36+00:00","article_modified_time":"2022-05-02T18:02:10+00:00","og_image":[{"width":1201,"height":709,"url":"https:\/\/www.lumiun.com\/blog\/wp-content\/uploads\/10-h\u00e1bitos-negativos-1.jpg","type":"image\/jpeg"}],"author":"Equipe Lumiun","twitter_card":"summary_large_image","twitter_misc":{"Escrito por":"Equipe Lumiun","Est. tempo de leitura":"4 minutos"},"schema":{"@context":"https:\/\/schema.org","@graph":[{"@type":"Article","@id":"https:\/\/www.lumiun.com\/blog\/10-habitos-negativos-que-comprometem-a-produtividade-dos-profissionais-e-o-impacto-nas-empresas\/#article","isPartOf":{"@id":"https:\/\/www.lumiun.com\/blog\/10-habitos-negativos-que-comprometem-a-produtividade-dos-profissionais-e-o-impacto-nas-empresas\/"},"author":{"name":"Equipe Lumiun","@id":"https:\/\/www.lumiun.com\/blog\/#\/schema\/person\/ec6073b9f8118a645a39feb51b710f3a"},"headline":"10 h\u00e1bitos negativos que comprometem a produtividade dos profissionais e o impacto para as empresas","datePublished":"2020-08-07T12:02:36+00:00","dateModified":"2022-05-02T18:02:10+00:00","mainEntityOfPage":{"@id":"https:\/\/www.lumiun.com\/blog\/10-habitos-negativos-que-comprometem-a-produtividade-dos-profissionais-e-o-impacto-nas-empresas\/"},"wordCount":782,"publisher":{"@id":"https:\/\/www.lumiun.com\/blog\/#organization"},"image":{"@id":"https:\/\/www.lumiun.com\/blog\/10-habitos-negativos-que-comprometem-a-produtividade-dos-profissionais-e-o-impacto-nas-empresas\/#primaryimage"},"thumbnailUrl":"https:\/\/www.lumiun.com\/blog\/wp-content\/uploads\/10-h\u00e1bitos-negativos-1.jpg","keywords":["bloqueio","controle","empresas","equipe","gerenciamento de tempo","gestao","internet","monitoramento","privacidade","procrastina\u00e7\u00e3o","produtividade","redes sociais","resultados","tempo"],"articleSection":["Gest\u00e3o e Produtividade"],"inLanguage":"pt-BR"},{"@type":"WebPage","@id":"https:\/\/www.lumiun.com\/blog\/10-habitos-negativos-que-comprometem-a-produtividade-dos-profissionais-e-o-impacto-nas-empresas\/","url":"https:\/\/www.lumiun.com\/blog\/10-habitos-negativos-que-comprometem-a-produtividade-dos-profissionais-e-o-impacto-nas-empresas\/","name":"10 h\u00e1bitos negativos que comprometem a produtividade dos profissionais e o impacto para as empresas | Lumiun Blog","isPartOf":{"@id":"https:\/\/www.lumiun.com\/blog\/#website"},"primaryImageOfPage":{"@id":"https:\/\/www.lumiun.com\/blog\/10-habitos-negativos-que-comprometem-a-produtividade-dos-profissionais-e-o-impacto-nas-empresas\/#primaryimage"},"image":{"@id":"https:\/\/www.lumiun.com\/blog\/10-habitos-negativos-que-comprometem-a-produtividade-dos-profissionais-e-o-impacto-nas-empresas\/#primaryimage"},"thumbnailUrl":"https:\/\/www.lumiun.com\/blog\/wp-content\/uploads\/10-h\u00e1bitos-negativos-1.jpg","datePublished":"2020-08-07T12:02:36+00:00","dateModified":"2022-05-02T18:02:10+00:00","description":"A tecnologia \u00e9 uma aliada das empresas, mas tamb\u00e9m pode ser a respons\u00e1vel pela baixa produtividade, com a ocorr\u00eancia de h\u00e1bitos negativos. Confira o artigo!","breadcrumb":{"@id":"https:\/\/www.lumiun.com\/blog\/10-habitos-negativos-que-comprometem-a-produtividade-dos-profissionais-e-o-impacto-nas-empresas\/#breadcrumb"},"inLanguage":"pt-BR","potentialAction":[{"@type":"ReadAction","target":["https:\/\/www.lumiun.com\/blog\/10-habitos-negativos-que-comprometem-a-produtividade-dos-profissionais-e-o-impacto-nas-empresas\/"]}]},{"@type":"ImageObject","inLanguage":"pt-BR","@id":"https:\/\/www.lumiun.com\/blog\/10-habitos-negativos-que-comprometem-a-produtividade-dos-profissionais-e-o-impacto-nas-empresas\/#primaryimage","url":"https:\/\/www.lumiun.com\/blog\/wp-content\/uploads\/10-h\u00e1bitos-negativos-1.jpg","contentUrl":"https:\/\/www.lumiun.com\/blog\/wp-content\/uploads\/10-h\u00e1bitos-negativos-1.jpg","width":1201,"height":709},{"@type":"BreadcrumbList","@id":"https:\/\/www.lumiun.com\/blog\/10-habitos-negativos-que-comprometem-a-produtividade-dos-profissionais-e-o-impacto-nas-empresas\/#breadcrumb","itemListElement":[{"@type":"ListItem","position":1,"name":"In\u00edcio","item":"https:\/\/www.lumiun.com\/blog\/"},{"@type":"ListItem","position":2,"name":"10 h\u00e1bitos negativos que comprometem a produtividade dos profissionais e o impacto para as empresas"}]},{"@type":"WebSite","@id":"https:\/\/www.lumiun.com\/blog\/#website","url":"https:\/\/www.lumiun.com\/blog\/","name":"Lumiun Blog","description":"Conte\u00fado sobre gest\u00e3o e seguran\u00e7a da internet para gestores e profissionais de TI","publisher":{"@id":"https:\/\/www.lumiun.com\/blog\/#organization"},"potentialAction":[{"@type":"SearchAction","target":{"@type":"EntryPoint","urlTemplate":"https:\/\/www.lumiun.com\/blog\/?s={search_term_string}"},"query-input":{"@type":"PropertyValueSpecification","valueRequired":true,"valueName":"search_term_string"}}],"inLanguage":"pt-BR"},{"@type":"Organization","@id":"https:\/\/www.lumiun.com\/blog\/#organization","name":"Lumiun Tecnologia","url":"https:\/\/www.lumiun.com\/blog\/","logo":{"@type":"ImageObject","inLanguage":"pt-BR","@id":"https:\/\/www.lumiun.com\/blog\/#\/schema\/logo\/image\/","url":"https:\/\/www.lumiun.com\/blog\/wp-content\/uploads\/logo-lumiun.png","contentUrl":"https:\/\/www.lumiun.com\/blog\/wp-content\/uploads\/logo-lumiun.png","width":1500,"height":930,"caption":"Lumiun Tecnologia"},"image":{"@id":"https:\/\/www.lumiun.com\/blog\/#\/schema\/logo\/image\/"},"sameAs":["https:\/\/www.facebook.com\/LumiunTecnologia\/","https:\/\/www.linkedin.com\/company\/lumiun---cloud-managed-network\/","https:\/\/www.youtube.com\/LumiunNetwork"]},{"@type":"Person","@id":"https:\/\/www.lumiun.com\/blog\/#\/schema\/person\/ec6073b9f8118a645a39feb51b710f3a","name":"Equipe Lumiun","image":{"@type":"ImageObject","inLanguage":"pt-BR","@id":"https:\/\/www.lumiun.com\/blog\/#\/schema\/person\/image\/","url":"https:\/\/secure.gravatar.com\/avatar\/65646655862a1ff55ad08c98066a36cc?s=96&d=mm&r=g","contentUrl":"https:\/\/secure.gravatar.com\/avatar\/65646655862a1ff55ad08c98066a36cc?s=96&d=mm&r=g","caption":"Equipe Lumiun"},"description":"Especialistas em tecnologia e ciberseguran\u00e7a, dedicados a simplificar o controle e prote\u00e7\u00e3o de redes corporativas. Apoiamos empresas a crescerem com mais seguran\u00e7a, efici\u00eancia e conectividade.","sameAs":["https:\/\/www.lumiun.com"],"url":"https:\/\/www.lumiun.com\/blog\/author\/cledison\/"}]}},"_links":{"self":[{"href":"https:\/\/www.lumiun.com\/blog\/wp-json\/wp\/v2\/posts\/1018"}],"collection":[{"href":"https:\/\/www.lumiun.com\/blog\/wp-json\/wp\/v2\/posts"}],"about":[{"href":"https:\/\/www.lumiun.com\/blog\/wp-json\/wp\/v2\/types\/post"}],"author":[{"embeddable":true,"href":"https:\/\/www.lumiun.com\/blog\/wp-json\/wp\/v2\/users\/2"}],"replies":[{"embeddable":true,"href":"https:\/\/www.lumiun.com\/blog\/wp-json\/wp\/v2\/comments?post=1018"}],"version-history":[{"count":38,"href":"https:\/\/www.lumiun.com\/blog\/wp-json\/wp\/v2\/posts\/1018\/revisions"}],"predecessor-version":[{"id":7784,"href":"https:\/\/www.lumiun.com\/blog\/wp-json\/wp\/v2\/posts\/1018\/revisions\/7784"}],"wp:featuredmedia":[{"embeddable":true,"href":"https:\/\/www.lumiun.com\/blog\/wp-json\/wp\/v2\/media\/6542"}],"wp:attachment":[{"href":"https:\/\/www.lumiun.com\/blog\/wp-json\/wp\/v2\/media?parent=1018"}],"wp:term":[{"taxonomy":"category","embeddable":true,"href":"https:\/\/www.lumiun.com\/blog\/wp-json\/wp\/v2\/categories?post=1018"},{"taxonomy":"post_tag","embeddable":true,"href":"https:\/\/www.lumiun.com\/blog\/wp-json\/wp\/v2\/tags?post=1018"}],"curies":[{"name":"wp","href":"https:\/\/api.w.org\/{rel}","templated":true}]}}