{"id":1965,"date":"2017-10-16T10:56:26","date_gmt":"2017-10-16T12:56:26","guid":{"rendered":"https:\/\/www.lumiun.com\/blog\/?p=1965"},"modified":"2022-05-02T15:01:16","modified_gmt":"2022-05-02T18:01:16","slug":"como-melhorar-a-baixa-produtividade-dos-profissionais-no-brasil","status":"publish","type":"post","link":"https:\/\/www.lumiun.com\/blog\/como-melhorar-a-baixa-produtividade-dos-profissionais-no-brasil\/","title":{"rendered":"Como melhorar a baixa produtividade dos profissionais no Brasil"},"content":{"rendered":"<p>Voc\u00ea j\u00e1 deve ter lido ou ouvido sobre a baixa produtividade dos profissionais no Brasil. \u00c9 comum mat\u00e9rias apontando a <a href=\"http:\/\/www1.folha.uol.com.br\/mercado\/2015\/05\/1635927-1-trabalhador-americano-produz-como-4-brasileiros.shtml\" target=\"_blank\" rel=\"noopener noreferrer\">diferen\u00e7a de produtividade entre os brasileiros e americanos<\/a> e estudos que mostram os <a href=\"http:\/\/economia.estadao.com.br\/noticias\/geral,trabalhador-brasileiro-tem-a-menor-produtividade-entre-12-paises,1638292\" target=\"_blank\" rel=\"noopener noreferrer\">\u00edndices e crescimento produtivo em diferentes pa\u00edses<\/a>.<\/p>\n<p>Essa defini\u00e7\u00e3o de produtividade \u00e9 calculada com base em quanto cada profissional contribui para o <strong>PIB (Produto Interno Bruto)<\/strong> em cada pa\u00eds.\u00a0Dessa forma n\u00e3o nos surpreende o Brasil estar distante dos pa\u00edses com maior produtividade, ficando em <strong>75\u00ba no mundo<\/strong>.<\/p>\n<p>Confira no gr\u00e1fico abaixo a coloca\u00e7\u00e3o de cada pa\u00eds no quesito produtividade de cada trabalhador:<\/p>\n<figure id=\"attachment_1968\" aria-describedby=\"caption-attachment-1968\" style=\"width: 495px\" class=\"wp-caption aligncenter\"><a href=\"https:\/\/www.lumiun.com\/blog\/wp-content\/uploads\/2016\/12\/brasil-colocacao-produtividade.jpg\"><picture><source srcset=\"https:\/\/www.lumiun.com\/blog\/wp-content\/webp-express\/webp-images\/uploads\/2016\/12\/brasil-colocacao-produtividade.jpg.webp 630w, https:\/\/www.lumiun.com\/blog\/wp-content\/webp-express\/webp-images\/uploads\/2016\/12\/brasil-colocacao-produtividade-500x364.jpg.webp 500w, https:\/\/www.lumiun.com\/blog\/wp-content\/webp-express\/webp-images\/uploads\/2016\/12\/brasil-colocacao-produtividade-380x277.jpg.webp 380w, https:\/\/www.lumiun.com\/blog\/wp-content\/webp-express\/webp-images\/uploads\/2016\/12\/brasil-colocacao-produtividade-300x218.jpg.webp 300w\" sizes=\"(max-width: 495px) 100vw, 495px\" type=\"image\/webp\"><img decoding=\"async\" class=\"wp-image-1968  webpexpress-processed\" src=\"https:\/\/www.lumiun.com\/blog\/wp-content\/uploads\/2016\/12\/brasil-colocacao-produtividade.jpg\" alt=\"brasil-colocacao-produtividade\" width=\"495\" height=\"361\" srcset=\"https:\/\/www.lumiun.com\/blog\/wp-content\/uploads\/2016\/12\/brasil-colocacao-produtividade.jpg 630w, https:\/\/www.lumiun.com\/blog\/wp-content\/uploads\/2016\/12\/brasil-colocacao-produtividade-500x364.jpg 500w, https:\/\/www.lumiun.com\/blog\/wp-content\/uploads\/2016\/12\/brasil-colocacao-produtividade-380x277.jpg 380w, https:\/\/www.lumiun.com\/blog\/wp-content\/uploads\/2016\/12\/brasil-colocacao-produtividade-300x218.jpg 300w\" sizes=\"(max-width: 495px) 100vw, 495px\"><\/picture><\/a><figcaption id=\"caption-attachment-1968\" class=\"wp-caption-text\">Produtividade dos profissionais por pa\u00edses<\/figcaption><\/figure>\n<p>Pior do que essa posi\u00e7\u00e3o, \u00e9 o fato de que o Brasil n\u00e3o tem evolu\u00eddo em rela\u00e7\u00e3o a produtividade dos seus profissionais. Em rela\u00e7\u00e3o aos americanos a dist\u00e2ncia vem aumentando cada vez mais e chegando perto aos n\u00edveis de 1950, como mostra esse infogr\u00e1fico do <strong>Conference Board<\/strong>, organiza\u00e7\u00e3o americana que analisa dados de milhares de empresas em mais de 60 pa\u00edses.<\/p>\n<p>O gr\u00e1fico tamb\u00e9m mostra que os trabalhadores brasileiros ainda s\u00e3o mais produtivos que os chineses e indianos.<\/p>\n<figure id=\"attachment_1970\" aria-describedby=\"caption-attachment-1970\" style=\"width: 525px\" class=\"wp-caption aligncenter\"><a href=\"https:\/\/www.lumiun.com\/blog\/wp-content\/uploads\/2016\/12\/produtividade-brasileiros-comparativo.jpg\"><picture><source srcset=\"https:\/\/www.lumiun.com\/blog\/wp-content\/webp-express\/webp-images\/uploads\/2016\/12\/produtividade-brasileiros-comparativo.jpg.webp 620w, https:\/\/www.lumiun.com\/blog\/wp-content\/webp-express\/webp-images\/uploads\/2016\/12\/produtividade-brasileiros-comparativo-354x500.jpg.webp 354w, https:\/\/www.lumiun.com\/blog\/wp-content\/webp-express\/webp-images\/uploads\/2016\/12\/produtividade-brasileiros-comparativo-380x536.jpg.webp 380w, https:\/\/www.lumiun.com\/blog\/wp-content\/webp-express\/webp-images\/uploads\/2016\/12\/produtividade-brasileiros-comparativo-212x300.jpg.webp 212w\" sizes=\"(max-width: 525px) 100vw, 525px\" type=\"image\/webp\"><img decoding=\"async\" class=\"wp-image-1970  webpexpress-processed\" src=\"https:\/\/www.lumiun.com\/blog\/wp-content\/uploads\/2016\/12\/produtividade-brasileiros-comparativo.jpg\" alt=\"produtividade-brasileiros-comparativo\" width=\"525\" height=\"741\" srcset=\"https:\/\/www.lumiun.com\/blog\/wp-content\/uploads\/2016\/12\/produtividade-brasileiros-comparativo.jpg 620w, https:\/\/www.lumiun.com\/blog\/wp-content\/uploads\/2016\/12\/produtividade-brasileiros-comparativo-354x500.jpg 354w, https:\/\/www.lumiun.com\/blog\/wp-content\/uploads\/2016\/12\/produtividade-brasileiros-comparativo-380x536.jpg 380w, https:\/\/www.lumiun.com\/blog\/wp-content\/uploads\/2016\/12\/produtividade-brasileiros-comparativo-212x300.jpg 212w\" sizes=\"(max-width: 525px) 100vw, 525px\"><\/picture><\/a><figcaption id=\"caption-attachment-1970\" class=\"wp-caption-text\">Comparativo de produtividade de trabalhadores<\/figcaption><\/figure>\n<p>Segundo especialistas, os baixos \u00edndices de produtividade no Brasil s\u00e3o derivados de tr\u00eas fatores, principalmente:<\/p>\n<ul>\n<li>Baixo n\u00edvel educacional e falta de qualifica\u00e7\u00e3o t\u00e9cnica dos profissionais brasileiros<\/li>\n<li>Baixo n\u00edvel de recursos em rela\u00e7\u00e3o a equipamentos e maquin\u00e1rio e estruturas de apoio<\/li>\n<li>Inefici\u00eancia da economia e gargalos de\u00a0infraestrutura do pa\u00eds<\/li>\n<li>Falta de interesse dos profissionais em buscar melhores resultados<\/li>\n<\/ul>\n<p>O baixo n\u00edvel de educa\u00e7\u00e3o no Brasil claramente \u00e9 um dos limitadores para a melhoria na produ\u00e7\u00e3o de riquezas no pa\u00eds. Os brasileiros estudam em m\u00e9dia 7 anos, enquanto nos EUA s\u00e3o em m\u00e9dia 12 anos de estudos, incluindo ensino superior, al\u00e9m da diferen\u00e7a na qualidade do ensino. N\u00e3o por acaso que a Coreia do Sul est\u00e1 no topo da lista dos pa\u00edses mais produtivos, j\u00e1 que \u00e9 uma das na\u00e7\u00f5es que mais investe em educa\u00e7\u00e3o no mundo.<\/p>\n<p>Da mesma forma, os investimentos em infraestrutura, tanto pelo mercado privado como pelo governo, \u00e9 ainda muito baixo. Boa parte das empresas n\u00e3o investe em m\u00e1quinas e equipamentos e n\u00e3o valoriza a cria\u00e7\u00e3o de um bom ambiente de trabalho para os seus colaboradores, o que influencia diretamente e negativamente na produtividade da equipe e da empresa de modo geral.<\/p>\n<p>A falta de interesse dos profissionais em buscar melhores resultados tamb\u00e9m \u00e9 um fator determinantes para o Brasil estar com baixos n\u00edveis de produtividade, pois os profissionais brasileiros mostram-se acomodados e sem for\u00e7a de vontade de aperfei\u00e7oar e aumentar os seus resultados em suas atividades.<\/p>\n<p>Analisando os quatro fatores em separado, podemos perceber que os dois primeiros est\u00e3o diretamente ligados a pr\u00e1ticas de gest\u00e3o das empresas e que \u00e9 poss\u00edvel contornar essa baixa produtividade com uma postura voltada para a qualifica\u00e7\u00e3o dos colaboradores e investimento adequando em m\u00e1quinas\/equipamentos e ambiente de trabalho adequando.<\/p>\n<p>Portanto, cabe as empresas reverterem a m\u00e9dia baixa produtividade dos profissionais no Brasil, atrav\u00e9s de pr\u00e1ticas de treinamento e qualifica\u00e7\u00e3o dos colaboradores e investimento em equipamentos e ambiente de trabalho favor\u00e1vel \u00e0 produ\u00e7\u00e3o e alto desempenho dos profissionais.<\/p>\n<p>Mas, os profissionais precisam demonstrar interesse em aumentar a produtividade e sua performance diante das atividades propostas. Somente dessa forma, resultante de uma uni\u00e3o das empresas e dos profissionais que \u00e9 poss\u00edvel melhorar essa coloca\u00e7\u00e3o brasileira.<\/p>\n<p>Agora, trazendo essa an\u00e1lise para a pr\u00e1tica da estrat\u00e9gia e gest\u00e3o nas empresas, fica claro que \u00e9 poss\u00edvel alcan\u00e7ar n\u00edveis de produtividade de pa\u00edses como Estados Unidos e Coreia do Sul. Para isso \u00e9 fundamental, primeiro, atrair profissionais com bom n\u00edvel de forma\u00e7\u00e3o e investir em qualifica\u00e7\u00e3o permanente da equipe.<\/p>\n<p>Em mais uma compara\u00e7\u00e3o, no EUA os profissionais recebem em <strong>m\u00e9dia 120 horas de treinamento<\/strong> por ano, enquanto no Brasil a m\u00e9dia fica em <strong>apenas 30 horas<\/strong>.<\/p>\n<p>Al\u00e9m disso, \u00e9 fundamental <a href=\"https:\/\/www.lumiun.com\/blog\/2016\/02\/como-melhorar-a-produtividade-dos-profissionais-atraves-da-gestao\/\" target=\"_blank\" rel=\"noopener noreferrer\">utilizar pr\u00e1ticas de gest\u00e3o para aumentar a produtividade da equipe<\/a>, algumas pr\u00e1ticas importantes s\u00e3o:<\/p>\n<ul>\n<li>Defini\u00e7\u00e3o de metas por equipe e colaboradores<\/li>\n<li>Valoriza\u00e7\u00e3o do trabalho coletivo e <a href=\"https:\/\/www.lumiun.com\/blog\/2017\/09\/comunicacao-interna-nas-empresas-como-melhorar-o-relacionamento-com-os-colaboradores\/\" target=\"_blank\" rel=\"noopener noreferrer\">comunica\u00e7\u00e3o interna<\/a><\/li>\n<li>Explorar recursos de TI, como sistemas e equipamentos modernos<\/li>\n<li>Gest\u00e3o de tarefas e acompanhamento de resultados<\/li>\n<li>Benef\u00edcios e b\u00f4nus para os colaboradores com base em resultados apresentados<\/li>\n<\/ul>\n<p>Cada uma dessas medidas tem como objetivo extrair ao m\u00e1ximo a capacidade dos profissionais e permitir que estes possam desempenhar suas tarefas da melhor forma.<\/p>\n<p>Tamb\u00e9m \u00e9 importante ressaltar que cada empresa e equipe possui caracter\u00edsticas peculiares e cabe aos gestores identificar quais os pontos mais relevantes e que devem receber mais aten\u00e7\u00e3o quanto ao investimento no capital humano da empresa.<\/p>\n<p>Em complemento ao investimento em capital humano, \u00e9 necess\u00e1rio tamb\u00e9m investir em equipamentos infraestrutura, nesse caso as prioridades devem estar de acordo com o perfil de cada empresa, por exemplo ind\u00fastrias, necessitam de m\u00e1quinas modernas, equipamentos de apoio de qualidade e processos muito bem definidos.<\/p>\n<p>J\u00e1 ambientes de escrit\u00f3rio o investimento passa por instala\u00e7\u00f5es confort\u00e1veis e recursos de tecnologia de qualidade, como equipamentos de alto desempenho, <a href=\"https:\/\/www.lumiun.com\/blog\/2017\/04\/ferramentas-online-para-melhorar-gestao-em-pequenas-e-medias-empresas\/\" target=\"_blank\" rel=\"noopener noreferrer\">ferramentas de gest\u00e3o modernas<\/a> e internet de boa qualidade.<\/p>\n<p>Trazendo esse tema para a utiliza\u00e7\u00e3o mais segura e produtiva da internet nas empresas, que \u00e9 um dos objetivos principais dos conte\u00fados do nosso blog e da <a href=\"https:\/\/www.lumiun.com\" target=\"_blank\" rel=\"noopener noreferrer\">Lumiun Tecnologia<\/a> como solu\u00e7\u00e3o para esse fim, \u00e9 necess\u00e1rio que os gestores entendam o quanto um bom funcionamento da rede pode contribuir na execu\u00e7\u00e3o das tarefas.<\/p>\n<p>At\u00e9 mesmo a import\u00e2ncia de gerenciar a internet para que a rede seja utilizada de forma produtiva, evitando desperd\u00edcio de tempo da equipe e de recursos, priorizando os servi\u00e7os e recursos relacionados \u00e0s atividades da empresa. Pra saber mais <a href=\"https:\/\/www.lumiun.com\/bloqueio-sites-redes-sociais\" target=\"_blank\" rel=\"noopener noreferrer\">entre em contato com nosso atendimento<\/a>.<\/p>\n<p>Concluindo, o mais importante \u00e9 que as empresas e gestores assumam a responsabilidade de buscarem continuamente potencializar a sua produtividade e que para isso \u00e9 fundamental investir em capital humano e infraestrutura.<\/p>\n<p>Inclusive, essa estrat\u00e9gia de investimento \u00e9 comum nas empresas que mais crescem e se desenvolvem no pa\u00eds, j\u00e1 que em um mercado cada vez mais competitivo, o diferencial muitas vezes passa a ser a efici\u00eancia da empresa, em rela\u00e7\u00e3o aos concorrentes.<\/p>\n<p>Gostou desse conte\u00fado? Compartilhe conosco sua experi\u00eancia ou vis\u00e3o sobre esse tema, como voc\u00ea percebe que sua empresa encara essa quest\u00e3o de produtividade dos profissionais e o que mais pode ser feito pra alcan\u00e7armos os pa\u00edses que est\u00e3o no topo da lista dos mais produtivos do mundo!<\/p>\n","protected":false},"excerpt":{"rendered":"Voc\u00ea j\u00e1 deve ter lido ou ouvido sobre a baixa produtividade dos profissionais no Brasil. \u00c9 comum mat\u00e9rias&hellip;\n","protected":false},"author":2,"featured_media":1967,"comment_status":"closed","ping_status":"open","sticky":false,"template":"","format":"image","meta":{"content-type":"","footnotes":""},"categories":[17],"tags":[33,62,26,5,64,24,53,8,49],"yoast_head":"<!-- This site is optimized with the Yoast SEO plugin v24.0 - https:\/\/yoast.com\/wordpress\/plugins\/seo\/ -->\n<title>Como melhorar a baixa produtividade dos profissionais no Brasil | Lumiun Blog<\/title>\n<meta name=\"description\" content=\"Um estudo sobre \u00edndices e crescimento produtivo em diferentes pa\u00edses \u00e9 um alerta para a baixa produtividade dos profissionais no Brasil. Acompanhe o artigo!\" \/>\n<meta name=\"robots\" content=\"index, follow, max-snippet:-1, max-image-preview:large, max-video-preview:-1\" \/>\n<link rel=\"canonical\" href=\"https:\/\/www.lumiun.com\/blog\/como-melhorar-a-baixa-produtividade-dos-profissionais-no-brasil\/\" \/>\n<meta property=\"og:locale\" content=\"pt_BR\" \/>\n<meta property=\"og:type\" content=\"article\" \/>\n<meta property=\"og:title\" content=\"Como melhorar a baixa produtividade dos profissionais no Brasil | Lumiun Blog\" \/>\n<meta property=\"og:description\" content=\"Um estudo sobre \u00edndices e crescimento produtivo em diferentes pa\u00edses \u00e9 um alerta para a baixa produtividade dos profissionais no Brasil. Acompanhe o artigo!\" \/>\n<meta property=\"og:url\" content=\"https:\/\/www.lumiun.com\/blog\/como-melhorar-a-baixa-produtividade-dos-profissionais-no-brasil\/\" \/>\n<meta property=\"og:site_name\" content=\"Lumiun Blog\" \/>\n<meta property=\"article:publisher\" content=\"https:\/\/www.facebook.com\/LumiunTecnologia\/\" \/>\n<meta property=\"article:published_time\" content=\"2017-10-16T12:56:26+00:00\" \/>\n<meta property=\"article:modified_time\" content=\"2022-05-02T18:01:16+00:00\" \/>\n<meta property=\"og:image\" content=\"https:\/\/www.lumiun.com\/blog\/wp-content\/uploads\/2016\/12\/produtividade-profissionais-no-trabalho.jpg\" \/>\n\t<meta property=\"og:image:width\" content=\"1200\" \/>\n\t<meta property=\"og:image:height\" content=\"638\" \/>\n\t<meta property=\"og:image:type\" content=\"image\/jpeg\" \/>\n<meta name=\"author\" content=\"Equipe Lumiun\" \/>\n<meta name=\"twitter:card\" content=\"summary_large_image\" \/>\n<meta name=\"twitter:label1\" content=\"Escrito por\" \/>\n\t<meta name=\"twitter:data1\" content=\"Equipe Lumiun\" \/>\n\t<meta name=\"twitter:label2\" content=\"Est. tempo de leitura\" \/>\n\t<meta name=\"twitter:data2\" content=\"6 minutos\" \/>\n<script type=\"application\/ld+json\" class=\"yoast-schema-graph\">{\"@context\":\"https:\/\/schema.org\",\"@graph\":[{\"@type\":\"Article\",\"@id\":\"https:\/\/www.lumiun.com\/blog\/como-melhorar-a-baixa-produtividade-dos-profissionais-no-brasil\/#article\",\"isPartOf\":{\"@id\":\"https:\/\/www.lumiun.com\/blog\/como-melhorar-a-baixa-produtividade-dos-profissionais-no-brasil\/\"},\"author\":{\"name\":\"Equipe Lumiun\",\"@id\":\"https:\/\/www.lumiun.com\/blog\/#\/schema\/person\/ec6073b9f8118a645a39feb51b710f3a\"},\"headline\":\"Como melhorar a baixa produtividade dos profissionais no Brasil\",\"datePublished\":\"2017-10-16T12:56:26+00:00\",\"dateModified\":\"2022-05-02T18:01:16+00:00\",\"mainEntityOfPage\":{\"@id\":\"https:\/\/www.lumiun.com\/blog\/como-melhorar-a-baixa-produtividade-dos-profissionais-no-brasil\/\"},\"wordCount\":1159,\"publisher\":{\"@id\":\"https:\/\/www.lumiun.com\/blog\/#organization\"},\"image\":{\"@id\":\"https:\/\/www.lumiun.com\/blog\/como-melhorar-a-baixa-produtividade-dos-profissionais-no-brasil\/#primaryimage\"},\"thumbnailUrl\":\"https:\/\/www.lumiun.com\/blog\/wp-content\/uploads\/2016\/12\/produtividade-profissionais-no-trabalho.jpg\",\"keywords\":[\"empresas\",\"gerenciamento de tempo\",\"gestao\",\"internet\",\"procrastina\u00e7\u00e3o\",\"produtividade\",\"profissional\",\"redes sociais\",\"tempo\"],\"articleSection\":[\"Gest\u00e3o e Produtividade\"],\"inLanguage\":\"pt-BR\"},{\"@type\":\"WebPage\",\"@id\":\"https:\/\/www.lumiun.com\/blog\/como-melhorar-a-baixa-produtividade-dos-profissionais-no-brasil\/\",\"url\":\"https:\/\/www.lumiun.com\/blog\/como-melhorar-a-baixa-produtividade-dos-profissionais-no-brasil\/\",\"name\":\"Como melhorar a baixa produtividade dos profissionais no Brasil | Lumiun Blog\",\"isPartOf\":{\"@id\":\"https:\/\/www.lumiun.com\/blog\/#website\"},\"primaryImageOfPage\":{\"@id\":\"https:\/\/www.lumiun.com\/blog\/como-melhorar-a-baixa-produtividade-dos-profissionais-no-brasil\/#primaryimage\"},\"image\":{\"@id\":\"https:\/\/www.lumiun.com\/blog\/como-melhorar-a-baixa-produtividade-dos-profissionais-no-brasil\/#primaryimage\"},\"thumbnailUrl\":\"https:\/\/www.lumiun.com\/blog\/wp-content\/uploads\/2016\/12\/produtividade-profissionais-no-trabalho.jpg\",\"datePublished\":\"2017-10-16T12:56:26+00:00\",\"dateModified\":\"2022-05-02T18:01:16+00:00\",\"description\":\"Um estudo sobre \u00edndices e crescimento produtivo em diferentes pa\u00edses \u00e9 um alerta para a baixa produtividade dos profissionais no Brasil. Acompanhe o artigo!\",\"breadcrumb\":{\"@id\":\"https:\/\/www.lumiun.com\/blog\/como-melhorar-a-baixa-produtividade-dos-profissionais-no-brasil\/#breadcrumb\"},\"inLanguage\":\"pt-BR\",\"potentialAction\":[{\"@type\":\"ReadAction\",\"target\":[\"https:\/\/www.lumiun.com\/blog\/como-melhorar-a-baixa-produtividade-dos-profissionais-no-brasil\/\"]}]},{\"@type\":\"ImageObject\",\"inLanguage\":\"pt-BR\",\"@id\":\"https:\/\/www.lumiun.com\/blog\/como-melhorar-a-baixa-produtividade-dos-profissionais-no-brasil\/#primaryimage\",\"url\":\"https:\/\/www.lumiun.com\/blog\/wp-content\/uploads\/2016\/12\/produtividade-profissionais-no-trabalho.jpg\",\"contentUrl\":\"https:\/\/www.lumiun.com\/blog\/wp-content\/uploads\/2016\/12\/produtividade-profissionais-no-trabalho.jpg\",\"width\":1200,\"height\":638,\"caption\":\"produtividade-profissionais-no-trabalho\"},{\"@type\":\"BreadcrumbList\",\"@id\":\"https:\/\/www.lumiun.com\/blog\/como-melhorar-a-baixa-produtividade-dos-profissionais-no-brasil\/#breadcrumb\",\"itemListElement\":[{\"@type\":\"ListItem\",\"position\":1,\"name\":\"In\u00edcio\",\"item\":\"https:\/\/www.lumiun.com\/blog\/\"},{\"@type\":\"ListItem\",\"position\":2,\"name\":\"Como melhorar a baixa produtividade dos profissionais no Brasil\"}]},{\"@type\":\"WebSite\",\"@id\":\"https:\/\/www.lumiun.com\/blog\/#website\",\"url\":\"https:\/\/www.lumiun.com\/blog\/\",\"name\":\"Lumiun Blog\",\"description\":\"Conte\u00fado sobre gest\u00e3o e seguran\u00e7a da internet para gestores e profissionais de TI\",\"publisher\":{\"@id\":\"https:\/\/www.lumiun.com\/blog\/#organization\"},\"potentialAction\":[{\"@type\":\"SearchAction\",\"target\":{\"@type\":\"EntryPoint\",\"urlTemplate\":\"https:\/\/www.lumiun.com\/blog\/?s={search_term_string}\"},\"query-input\":{\"@type\":\"PropertyValueSpecification\",\"valueRequired\":true,\"valueName\":\"search_term_string\"}}],\"inLanguage\":\"pt-BR\"},{\"@type\":\"Organization\",\"@id\":\"https:\/\/www.lumiun.com\/blog\/#organization\",\"name\":\"Lumiun Tecnologia\",\"url\":\"https:\/\/www.lumiun.com\/blog\/\",\"logo\":{\"@type\":\"ImageObject\",\"inLanguage\":\"pt-BR\",\"@id\":\"https:\/\/www.lumiun.com\/blog\/#\/schema\/logo\/image\/\",\"url\":\"https:\/\/www.lumiun.com\/blog\/wp-content\/uploads\/logo-lumiun.png\",\"contentUrl\":\"https:\/\/www.lumiun.com\/blog\/wp-content\/uploads\/logo-lumiun.png\",\"width\":1500,\"height\":930,\"caption\":\"Lumiun Tecnologia\"},\"image\":{\"@id\":\"https:\/\/www.lumiun.com\/blog\/#\/schema\/logo\/image\/\"},\"sameAs\":[\"https:\/\/www.facebook.com\/LumiunTecnologia\/\",\"https:\/\/www.linkedin.com\/company\/lumiun---cloud-managed-network\/\",\"https:\/\/www.youtube.com\/LumiunNetwork\"]},{\"@type\":\"Person\",\"@id\":\"https:\/\/www.lumiun.com\/blog\/#\/schema\/person\/ec6073b9f8118a645a39feb51b710f3a\",\"name\":\"Equipe Lumiun\",\"image\":{\"@type\":\"ImageObject\",\"inLanguage\":\"pt-BR\",\"@id\":\"https:\/\/www.lumiun.com\/blog\/#\/schema\/person\/image\/\",\"url\":\"https:\/\/secure.gravatar.com\/avatar\/65646655862a1ff55ad08c98066a36cc?s=96&d=mm&r=g\",\"contentUrl\":\"https:\/\/secure.gravatar.com\/avatar\/65646655862a1ff55ad08c98066a36cc?s=96&d=mm&r=g\",\"caption\":\"Equipe Lumiun\"},\"description\":\"Especialistas em tecnologia e ciberseguran\u00e7a, dedicados a simplificar o controle e prote\u00e7\u00e3o de redes corporativas. Apoiamos empresas a crescerem com mais seguran\u00e7a, efici\u00eancia e conectividade.\",\"sameAs\":[\"https:\/\/www.lumiun.com\"],\"url\":\"https:\/\/www.lumiun.com\/blog\/author\/cledison\/\"}]}<\/script>\n<!-- \/ Yoast SEO plugin. -->","yoast_head_json":{"title":"Como melhorar a baixa produtividade dos profissionais no Brasil | Lumiun Blog","description":"Um estudo sobre \u00edndices e crescimento produtivo em diferentes pa\u00edses \u00e9 um alerta para a baixa produtividade dos profissionais no Brasil. Acompanhe o artigo!","robots":{"index":"index","follow":"follow","max-snippet":"max-snippet:-1","max-image-preview":"max-image-preview:large","max-video-preview":"max-video-preview:-1"},"canonical":"https:\/\/www.lumiun.com\/blog\/como-melhorar-a-baixa-produtividade-dos-profissionais-no-brasil\/","og_locale":"pt_BR","og_type":"article","og_title":"Como melhorar a baixa produtividade dos profissionais no Brasil | Lumiun Blog","og_description":"Um estudo sobre \u00edndices e crescimento produtivo em diferentes pa\u00edses \u00e9 um alerta para a baixa produtividade dos profissionais no Brasil. Acompanhe o artigo!","og_url":"https:\/\/www.lumiun.com\/blog\/como-melhorar-a-baixa-produtividade-dos-profissionais-no-brasil\/","og_site_name":"Lumiun Blog","article_publisher":"https:\/\/www.facebook.com\/LumiunTecnologia\/","article_published_time":"2017-10-16T12:56:26+00:00","article_modified_time":"2022-05-02T18:01:16+00:00","og_image":[{"width":1200,"height":638,"url":"https:\/\/www.lumiun.com\/blog\/wp-content\/uploads\/2016\/12\/produtividade-profissionais-no-trabalho.jpg","type":"image\/jpeg"}],"author":"Equipe Lumiun","twitter_card":"summary_large_image","twitter_misc":{"Escrito por":"Equipe Lumiun","Est. tempo de leitura":"6 minutos"},"schema":{"@context":"https:\/\/schema.org","@graph":[{"@type":"Article","@id":"https:\/\/www.lumiun.com\/blog\/como-melhorar-a-baixa-produtividade-dos-profissionais-no-brasil\/#article","isPartOf":{"@id":"https:\/\/www.lumiun.com\/blog\/como-melhorar-a-baixa-produtividade-dos-profissionais-no-brasil\/"},"author":{"name":"Equipe Lumiun","@id":"https:\/\/www.lumiun.com\/blog\/#\/schema\/person\/ec6073b9f8118a645a39feb51b710f3a"},"headline":"Como melhorar a baixa produtividade dos profissionais no Brasil","datePublished":"2017-10-16T12:56:26+00:00","dateModified":"2022-05-02T18:01:16+00:00","mainEntityOfPage":{"@id":"https:\/\/www.lumiun.com\/blog\/como-melhorar-a-baixa-produtividade-dos-profissionais-no-brasil\/"},"wordCount":1159,"publisher":{"@id":"https:\/\/www.lumiun.com\/blog\/#organization"},"image":{"@id":"https:\/\/www.lumiun.com\/blog\/como-melhorar-a-baixa-produtividade-dos-profissionais-no-brasil\/#primaryimage"},"thumbnailUrl":"https:\/\/www.lumiun.com\/blog\/wp-content\/uploads\/2016\/12\/produtividade-profissionais-no-trabalho.jpg","keywords":["empresas","gerenciamento de tempo","gestao","internet","procrastina\u00e7\u00e3o","produtividade","profissional","redes sociais","tempo"],"articleSection":["Gest\u00e3o e Produtividade"],"inLanguage":"pt-BR"},{"@type":"WebPage","@id":"https:\/\/www.lumiun.com\/blog\/como-melhorar-a-baixa-produtividade-dos-profissionais-no-brasil\/","url":"https:\/\/www.lumiun.com\/blog\/como-melhorar-a-baixa-produtividade-dos-profissionais-no-brasil\/","name":"Como melhorar a baixa produtividade dos profissionais no Brasil | Lumiun Blog","isPartOf":{"@id":"https:\/\/www.lumiun.com\/blog\/#website"},"primaryImageOfPage":{"@id":"https:\/\/www.lumiun.com\/blog\/como-melhorar-a-baixa-produtividade-dos-profissionais-no-brasil\/#primaryimage"},"image":{"@id":"https:\/\/www.lumiun.com\/blog\/como-melhorar-a-baixa-produtividade-dos-profissionais-no-brasil\/#primaryimage"},"thumbnailUrl":"https:\/\/www.lumiun.com\/blog\/wp-content\/uploads\/2016\/12\/produtividade-profissionais-no-trabalho.jpg","datePublished":"2017-10-16T12:56:26+00:00","dateModified":"2022-05-02T18:01:16+00:00","description":"Um estudo sobre \u00edndices e crescimento produtivo em diferentes pa\u00edses \u00e9 um alerta para a baixa produtividade dos profissionais no Brasil. Acompanhe o artigo!","breadcrumb":{"@id":"https:\/\/www.lumiun.com\/blog\/como-melhorar-a-baixa-produtividade-dos-profissionais-no-brasil\/#breadcrumb"},"inLanguage":"pt-BR","potentialAction":[{"@type":"ReadAction","target":["https:\/\/www.lumiun.com\/blog\/como-melhorar-a-baixa-produtividade-dos-profissionais-no-brasil\/"]}]},{"@type":"ImageObject","inLanguage":"pt-BR","@id":"https:\/\/www.lumiun.com\/blog\/como-melhorar-a-baixa-produtividade-dos-profissionais-no-brasil\/#primaryimage","url":"https:\/\/www.lumiun.com\/blog\/wp-content\/uploads\/2016\/12\/produtividade-profissionais-no-trabalho.jpg","contentUrl":"https:\/\/www.lumiun.com\/blog\/wp-content\/uploads\/2016\/12\/produtividade-profissionais-no-trabalho.jpg","width":1200,"height":638,"caption":"produtividade-profissionais-no-trabalho"},{"@type":"BreadcrumbList","@id":"https:\/\/www.lumiun.com\/blog\/como-melhorar-a-baixa-produtividade-dos-profissionais-no-brasil\/#breadcrumb","itemListElement":[{"@type":"ListItem","position":1,"name":"In\u00edcio","item":"https:\/\/www.lumiun.com\/blog\/"},{"@type":"ListItem","position":2,"name":"Como melhorar a baixa produtividade dos profissionais no Brasil"}]},{"@type":"WebSite","@id":"https:\/\/www.lumiun.com\/blog\/#website","url":"https:\/\/www.lumiun.com\/blog\/","name":"Lumiun Blog","description":"Conte\u00fado sobre gest\u00e3o e seguran\u00e7a da internet para gestores e profissionais de TI","publisher":{"@id":"https:\/\/www.lumiun.com\/blog\/#organization"},"potentialAction":[{"@type":"SearchAction","target":{"@type":"EntryPoint","urlTemplate":"https:\/\/www.lumiun.com\/blog\/?s={search_term_string}"},"query-input":{"@type":"PropertyValueSpecification","valueRequired":true,"valueName":"search_term_string"}}],"inLanguage":"pt-BR"},{"@type":"Organization","@id":"https:\/\/www.lumiun.com\/blog\/#organization","name":"Lumiun Tecnologia","url":"https:\/\/www.lumiun.com\/blog\/","logo":{"@type":"ImageObject","inLanguage":"pt-BR","@id":"https:\/\/www.lumiun.com\/blog\/#\/schema\/logo\/image\/","url":"https:\/\/www.lumiun.com\/blog\/wp-content\/uploads\/logo-lumiun.png","contentUrl":"https:\/\/www.lumiun.com\/blog\/wp-content\/uploads\/logo-lumiun.png","width":1500,"height":930,"caption":"Lumiun Tecnologia"},"image":{"@id":"https:\/\/www.lumiun.com\/blog\/#\/schema\/logo\/image\/"},"sameAs":["https:\/\/www.facebook.com\/LumiunTecnologia\/","https:\/\/www.linkedin.com\/company\/lumiun---cloud-managed-network\/","https:\/\/www.youtube.com\/LumiunNetwork"]},{"@type":"Person","@id":"https:\/\/www.lumiun.com\/blog\/#\/schema\/person\/ec6073b9f8118a645a39feb51b710f3a","name":"Equipe Lumiun","image":{"@type":"ImageObject","inLanguage":"pt-BR","@id":"https:\/\/www.lumiun.com\/blog\/#\/schema\/person\/image\/","url":"https:\/\/secure.gravatar.com\/avatar\/65646655862a1ff55ad08c98066a36cc?s=96&d=mm&r=g","contentUrl":"https:\/\/secure.gravatar.com\/avatar\/65646655862a1ff55ad08c98066a36cc?s=96&d=mm&r=g","caption":"Equipe Lumiun"},"description":"Especialistas em tecnologia e ciberseguran\u00e7a, dedicados a simplificar o controle e prote\u00e7\u00e3o de redes corporativas. Apoiamos empresas a crescerem com mais seguran\u00e7a, efici\u00eancia e conectividade.","sameAs":["https:\/\/www.lumiun.com"],"url":"https:\/\/www.lumiun.com\/blog\/author\/cledison\/"}]}},"_links":{"self":[{"href":"https:\/\/www.lumiun.com\/blog\/wp-json\/wp\/v2\/posts\/1965"}],"collection":[{"href":"https:\/\/www.lumiun.com\/blog\/wp-json\/wp\/v2\/posts"}],"about":[{"href":"https:\/\/www.lumiun.com\/blog\/wp-json\/wp\/v2\/types\/post"}],"author":[{"embeddable":true,"href":"https:\/\/www.lumiun.com\/blog\/wp-json\/wp\/v2\/users\/2"}],"replies":[{"embeddable":true,"href":"https:\/\/www.lumiun.com\/blog\/wp-json\/wp\/v2\/comments?post=1965"}],"version-history":[{"count":23,"href":"https:\/\/www.lumiun.com\/blog\/wp-json\/wp\/v2\/posts\/1965\/revisions"}],"predecessor-version":[{"id":4271,"href":"https:\/\/www.lumiun.com\/blog\/wp-json\/wp\/v2\/posts\/1965\/revisions\/4271"}],"wp:featuredmedia":[{"embeddable":true,"href":"https:\/\/www.lumiun.com\/blog\/wp-json\/wp\/v2\/media\/1967"}],"wp:attachment":[{"href":"https:\/\/www.lumiun.com\/blog\/wp-json\/wp\/v2\/media?parent=1965"}],"wp:term":[{"taxonomy":"category","embeddable":true,"href":"https:\/\/www.lumiun.com\/blog\/wp-json\/wp\/v2\/categories?post=1965"},{"taxonomy":"post_tag","embeddable":true,"href":"https:\/\/www.lumiun.com\/blog\/wp-json\/wp\/v2\/tags?post=1965"}],"curies":[{"name":"wp","href":"https:\/\/api.w.org\/{rel}","templated":true}]}}