{"id":1989,"date":"2016-12-08T15:06:54","date_gmt":"2016-12-08T17:06:54","guid":{"rendered":"https:\/\/www.lumiun.com\/blog\/?p=1989"},"modified":"2022-05-02T15:01:37","modified_gmt":"2022-05-02T18:01:37","slug":"dica-como-desativar-o-compartilhamento-de-arquivos-no-windows","status":"publish","type":"post","link":"https:\/\/www.lumiun.com\/blog\/dica-como-desativar-o-compartilhamento-de-arquivos-no-windows\/","title":{"rendered":"Dica: como desativar o compartilhamento de arquivos no Windows"},"content":{"rendered":"<p>Um cliente, que h\u00e1 pouco tempo contratou o Lumiun para proteger sua rede, nos perguntou o que poderia fazer para evitar que arquivos armazenados no seu computador fossem acessados por outros usu\u00e1rios na sua rede interna. Ele possui um escrit\u00f3rio e quer saber como desativar o compartilhamento de arquivos no Windows. Ent\u00e3o, segue a dica.<\/p>\n<p><em>Se voc\u00ea usa Windows 10, acesse o artigo <a href=\"https:\/\/www.lumiun.com\/blog\/como-desativar-o-compartilhamento-de-arquivos-no-windows-10\/\">Como desativar o compartilhamento de arquivos no Windows 10<\/a><\/em><\/p>\n<ol>\n<li>Certifique-se de que voc\u00ea n\u00e3o precisa dos compartilhamentos. O compartilhamento de arquivos e impressoras permite que os arquivos armazenados e as impressoras instaladas nesse computador sejam acessados por outros computadores. Verifique se voc\u00ea realmente n\u00e3o possui, por exemplo, uma impressora, ligada ao seu computador, que \u00e9 utilizada por outra pessoas na empresa.<\/li>\n<li>Abra o menu Iniciar e pesquise por \u201ccentral de rede\u201d. Clique no atalho para a <strong>Central de Rede e Compartilhamento<\/strong>.<br \/>\n<a href=\"https:\/\/www.lumiun.com\/blog\/wp-content\/uploads\/2016\/12\/menu-iniciar-central-de-rede-e-compartilhamento.png\"><picture><source srcset=\"https:\/\/www.lumiun.com\/blog\/wp-content\/webp-express\/webp-images\/uploads\/2016\/12\/menu-iniciar-central-de-rede-e-compartilhamento-300x284.png.webp 300w, https:\/\/www.lumiun.com\/blog\/wp-content\/webp-express\/webp-images\/uploads\/2016\/12\/menu-iniciar-central-de-rede-e-compartilhamento-380x361.png.webp 380w, https:\/\/www.lumiun.com\/blog\/wp-content\/webp-express\/webp-images\/uploads\/2016\/12\/menu-iniciar-central-de-rede-e-compartilhamento.png.webp 392w\" sizes=\"(max-width: 300px) 100vw, 300px\" type=\"image\/webp\"><img decoding=\"async\" class=\"alignnone wp-image-1990 size-medium webpexpress-processed\" src=\"https:\/\/www.lumiun.com\/blog\/wp-content\/uploads\/2016\/12\/menu-iniciar-central-de-rede-e-compartilhamento-300x284.png\" alt=\"menu iniciar - central de rede e compartilhamento\" width=\"300\" height=\"284\" srcset=\"https:\/\/www.lumiun.com\/blog\/wp-content\/uploads\/2016\/12\/menu-iniciar-central-de-rede-e-compartilhamento-300x284.png 300w, https:\/\/www.lumiun.com\/blog\/wp-content\/uploads\/2016\/12\/menu-iniciar-central-de-rede-e-compartilhamento-380x361.png 380w, https:\/\/www.lumiun.com\/blog\/wp-content\/uploads\/2016\/12\/menu-iniciar-central-de-rede-e-compartilhamento.png 392w\" sizes=\"(max-width: 300px) 100vw, 300px\"><\/picture><\/a><\/li>\n<li>Na Central de Rede e Compartilhamento, clique no link <strong>Alterar as configura\u00e7\u00f5es de compartilhamento avan\u00e7adas<\/strong>.<br \/>\n<a href=\"https:\/\/www.lumiun.com\/blog\/wp-content\/uploads\/2016\/12\/central-de-rede-e-compartilhamento-link-alterar-as-configura\u00e7\u00f5es-de-compartilhamento-avan\u00e7adas.png\"><img decoding=\"async\" class=\"alignnone wp-image-1991\" src=\"https:\/\/www.lumiun.com\/blog\/wp-content\/uploads\/2016\/12\/central-de-rede-e-compartilhamento-link-alterar-as-configura\u00e7\u00f5es-de-compartilhamento-avan\u00e7adas.png\" alt=\"central de rede e compartilhamento - link alterar as configura\u00e7\u00f5es de compartilhamento avan\u00e7adas\" width=\"600\" height=\"395\" srcset=\"https:\/\/www.lumiun.com\/blog\/wp-content\/uploads\/2016\/12\/central-de-rede-e-compartilhamento-link-alterar-as-configura\u00e7\u00f5es-de-compartilhamento-avan\u00e7adas.png 728w, https:\/\/www.lumiun.com\/blog\/wp-content\/uploads\/2016\/12\/central-de-rede-e-compartilhamento-link-alterar-as-configura\u00e7\u00f5es-de-compartilhamento-avan\u00e7adas-500x329.png 500w, https:\/\/www.lumiun.com\/blog\/wp-content\/uploads\/2016\/12\/central-de-rede-e-compartilhamento-link-alterar-as-configura\u00e7\u00f5es-de-compartilhamento-avan\u00e7adas-380x250.png 380w, https:\/\/www.lumiun.com\/blog\/wp-content\/uploads\/2016\/12\/central-de-rede-e-compartilhamento-link-alterar-as-configura\u00e7\u00f5es-de-compartilhamento-avan\u00e7adas-300x197.png 300w\" sizes=\"(max-width: 600px) 100vw, 600px\" \/><\/a><\/li>\n<li>Na janela \u201cConfigura\u00e7\u00f5es de compartilhamento avan\u00e7adas\u201d, sob o perfil <strong>Particular<\/strong>, selecione a op\u00e7\u00e3o \u201c<strong>Desativar compartilhamento de arquivo e impressora<\/strong>\u201d.<br \/>\n<a href=\"https:\/\/www.lumiun.com\/blog\/wp-content\/uploads\/2016\/12\/configura\u00e7\u00f5es-de-compartilhamento-avan\u00e7adas-particular-desativar-compartilhamento-de-arquivo-e-impressora.png\"><img decoding=\"async\" class=\"alignnone wp-image-1992\" src=\"https:\/\/www.lumiun.com\/blog\/wp-content\/uploads\/2016\/12\/configura\u00e7\u00f5es-de-compartilhamento-avan\u00e7adas-particular-desativar-compartilhamento-de-arquivo-e-impressora.png\" alt=\"configura\u00e7\u00f5es de compartilhamento avan\u00e7adas - particular - desativar compartilhamento de arquivo e impressora\" width=\"600\" height=\"446\" srcset=\"https:\/\/www.lumiun.com\/blog\/wp-content\/uploads\/2016\/12\/configura\u00e7\u00f5es-de-compartilhamento-avan\u00e7adas-particular-desativar-compartilhamento-de-arquivo-e-impressora.png 728w, https:\/\/www.lumiun.com\/blog\/wp-content\/uploads\/2016\/12\/configura\u00e7\u00f5es-de-compartilhamento-avan\u00e7adas-particular-desativar-compartilhamento-de-arquivo-e-impressora-500x372.png 500w, https:\/\/www.lumiun.com\/blog\/wp-content\/uploads\/2016\/12\/configura\u00e7\u00f5es-de-compartilhamento-avan\u00e7adas-particular-desativar-compartilhamento-de-arquivo-e-impressora-200x150.png 200w, https:\/\/www.lumiun.com\/blog\/wp-content\/uploads\/2016\/12\/configura\u00e7\u00f5es-de-compartilhamento-avan\u00e7adas-particular-desativar-compartilhamento-de-arquivo-e-impressora-380x282.png 380w, https:\/\/www.lumiun.com\/blog\/wp-content\/uploads\/2016\/12\/configura\u00e7\u00f5es-de-compartilhamento-avan\u00e7adas-particular-desativar-compartilhamento-de-arquivo-e-impressora-300x222.png 300w\" sizes=\"(max-width: 600px) 100vw, 600px\" \/><\/a><\/li>\n<li>Sob o perfil \u201c<strong>Convidado ou P\u00fablico<\/strong>\u201d selecione tamb\u00e9m a op\u00e7\u00e3o \u201c<strong>Desativar compartilhamento de arquivo e impressora<\/strong>\u201d.<br \/>\n<a href=\"https:\/\/www.lumiun.com\/blog\/wp-content\/uploads\/2016\/12\/configura\u00e7\u00f5es-de-compartilhamento-avan\u00e7adas-convidado-ou-p\u00fablico-desativar-compartilhamento-de-arquivo-e-impressora.png\"><img decoding=\"async\" class=\"alignnone wp-image-1993\" src=\"https:\/\/www.lumiun.com\/blog\/wp-content\/uploads\/2016\/12\/configura\u00e7\u00f5es-de-compartilhamento-avan\u00e7adas-convidado-ou-p\u00fablico-desativar-compartilhamento-de-arquivo-e-impressora.png\" alt=\"configura\u00e7\u00f5es de compartilhamento avan\u00e7adas - convidado ou p\u00fablico - desativar compartilhamento de arquivo e impressora\" width=\"600\" height=\"446\" srcset=\"https:\/\/www.lumiun.com\/blog\/wp-content\/uploads\/2016\/12\/configura\u00e7\u00f5es-de-compartilhamento-avan\u00e7adas-convidado-ou-p\u00fablico-desativar-compartilhamento-de-arquivo-e-impressora.png 728w, https:\/\/www.lumiun.com\/blog\/wp-content\/uploads\/2016\/12\/configura\u00e7\u00f5es-de-compartilhamento-avan\u00e7adas-convidado-ou-p\u00fablico-desativar-compartilhamento-de-arquivo-e-impressora-500x372.png 500w, https:\/\/www.lumiun.com\/blog\/wp-content\/uploads\/2016\/12\/configura\u00e7\u00f5es-de-compartilhamento-avan\u00e7adas-convidado-ou-p\u00fablico-desativar-compartilhamento-de-arquivo-e-impressora-200x150.png 200w, https:\/\/www.lumiun.com\/blog\/wp-content\/uploads\/2016\/12\/configura\u00e7\u00f5es-de-compartilhamento-avan\u00e7adas-convidado-ou-p\u00fablico-desativar-compartilhamento-de-arquivo-e-impressora-380x282.png 380w, https:\/\/www.lumiun.com\/blog\/wp-content\/uploads\/2016\/12\/configura\u00e7\u00f5es-de-compartilhamento-avan\u00e7adas-convidado-ou-p\u00fablico-desativar-compartilhamento-de-arquivo-e-impressora-300x222.png 300w\" sizes=\"(max-width: 600px) 100vw, 600px\" \/><\/a><\/li>\n<li>Clique no bot\u00e3o <strong>Salvar altera\u00e7\u00f5es<\/strong>. Pronto.<\/li>\n<\/ol>\n<p>Se surgirem d\u00favidas, estamos \u00e0 disposi\u00e7\u00e3o!<\/p>\n","protected":false},"excerpt":{"rendered":"Um cliente, que h\u00e1 pouco tempo contratou o Lumiun para proteger sua rede, nos perguntou o que poderia&hellip;\n","protected":false},"author":3,"featured_media":2018,"comment_status":"closed","ping_status":"open","sticky":false,"template":"","format":"image","meta":{"content-type":"","footnotes":""},"categories":[22],"tags":[57,27,25,56],"yoast_head":"<!-- This site is optimized with the Yoast SEO plugin v24.0 - https:\/\/yoast.com\/wordpress\/plugins\/seo\/ -->\n<title>Dica: como desativar o compartilhamento de arquivos no Windows | Lumiun Blog<\/title>\n<meta name=\"description\" content=\"Saiba como desativar o compartilhamento de arquivos no Windows para que seus arquivos n\u00e3o sejam acessados por outros usu\u00e1rios na sua rede interna.\" \/>\n<meta name=\"robots\" content=\"index, follow, max-snippet:-1, max-image-preview:large, max-video-preview:-1\" \/>\n<link rel=\"canonical\" href=\"https:\/\/www.lumiun.com\/blog\/dica-como-desativar-o-compartilhamento-de-arquivos-no-windows\/\" \/>\n<meta property=\"og:locale\" content=\"pt_BR\" \/>\n<meta property=\"og:type\" content=\"article\" \/>\n<meta property=\"og:title\" content=\"Dica: como desativar o compartilhamento de arquivos no Windows | Lumiun Blog\" \/>\n<meta property=\"og:description\" content=\"Saiba como desativar o compartilhamento de arquivos no Windows para que seus arquivos n\u00e3o sejam acessados por outros usu\u00e1rios na sua rede interna.\" \/>\n<meta property=\"og:url\" content=\"https:\/\/www.lumiun.com\/blog\/dica-como-desativar-o-compartilhamento-de-arquivos-no-windows\/\" \/>\n<meta property=\"og:site_name\" content=\"Lumiun Blog\" \/>\n<meta property=\"article:publisher\" content=\"https:\/\/www.facebook.com\/LumiunTecnologia\/\" \/>\n<meta property=\"article:published_time\" content=\"2016-12-08T17:06:54+00:00\" \/>\n<meta property=\"article:modified_time\" content=\"2022-05-02T18:01:37+00:00\" \/>\n<meta property=\"og:image\" content=\"https:\/\/www.lumiun.com\/blog\/wp-content\/uploads\/2016\/12\/arquivos.jpg\" \/>\n\t<meta property=\"og:image:width\" content=\"1200\" \/>\n\t<meta property=\"og:image:height\" content=\"550\" \/>\n\t<meta property=\"og:image:type\" content=\"image\/jpeg\" \/>\n<meta name=\"author\" content=\"Heini Thomas Geib\" \/>\n<meta name=\"twitter:card\" content=\"summary_large_image\" \/>\n<meta name=\"twitter:label1\" content=\"Escrito por\" \/>\n\t<meta name=\"twitter:data1\" content=\"Heini Thomas Geib\" \/>\n\t<meta name=\"twitter:label2\" content=\"Est. tempo de leitura\" \/>\n\t<meta name=\"twitter:data2\" content=\"1 minuto\" \/>\n<script type=\"application\/ld+json\" class=\"yoast-schema-graph\">{\"@context\":\"https:\/\/schema.org\",\"@graph\":[{\"@type\":\"Article\",\"@id\":\"https:\/\/www.lumiun.com\/blog\/dica-como-desativar-o-compartilhamento-de-arquivos-no-windows\/#article\",\"isPartOf\":{\"@id\":\"https:\/\/www.lumiun.com\/blog\/dica-como-desativar-o-compartilhamento-de-arquivos-no-windows\/\"},\"author\":{\"name\":\"Heini Thomas Geib\",\"@id\":\"https:\/\/www.lumiun.com\/blog\/#\/schema\/person\/0c3fde4c6366a5ccadbed531ce93f15a\"},\"headline\":\"Dica: como desativar o compartilhamento de arquivos no Windows\",\"datePublished\":\"2016-12-08T17:06:54+00:00\",\"dateModified\":\"2022-05-02T18:01:37+00:00\",\"mainEntityOfPage\":{\"@id\":\"https:\/\/www.lumiun.com\/blog\/dica-como-desativar-o-compartilhamento-de-arquivos-no-windows\/\"},\"wordCount\":228,\"publisher\":{\"@id\":\"https:\/\/www.lumiun.com\/blog\/#organization\"},\"image\":{\"@id\":\"https:\/\/www.lumiun.com\/blog\/dica-como-desativar-o-compartilhamento-de-arquivos-no-windows\/#primaryimage\"},\"thumbnailUrl\":\"https:\/\/www.lumiun.com\/blog\/wp-content\/uploads\/2016\/12\/arquivos.jpg\",\"keywords\":[\"compartilhamento\",\"dicas\",\"seguran\u00e7a\",\"windows\"],\"articleSection\":[\"Seguran\u00e7a na internet\"],\"inLanguage\":\"pt-BR\"},{\"@type\":\"WebPage\",\"@id\":\"https:\/\/www.lumiun.com\/blog\/dica-como-desativar-o-compartilhamento-de-arquivos-no-windows\/\",\"url\":\"https:\/\/www.lumiun.com\/blog\/dica-como-desativar-o-compartilhamento-de-arquivos-no-windows\/\",\"name\":\"Dica: como desativar o compartilhamento de arquivos no Windows | Lumiun Blog\",\"isPartOf\":{\"@id\":\"https:\/\/www.lumiun.com\/blog\/#website\"},\"primaryImageOfPage\":{\"@id\":\"https:\/\/www.lumiun.com\/blog\/dica-como-desativar-o-compartilhamento-de-arquivos-no-windows\/#primaryimage\"},\"image\":{\"@id\":\"https:\/\/www.lumiun.com\/blog\/dica-como-desativar-o-compartilhamento-de-arquivos-no-windows\/#primaryimage\"},\"thumbnailUrl\":\"https:\/\/www.lumiun.com\/blog\/wp-content\/uploads\/2016\/12\/arquivos.jpg\",\"datePublished\":\"2016-12-08T17:06:54+00:00\",\"dateModified\":\"2022-05-02T18:01:37+00:00\",\"description\":\"Saiba como desativar o compartilhamento de arquivos no Windows para que seus arquivos n\u00e3o sejam acessados por outros usu\u00e1rios na sua rede interna.\",\"breadcrumb\":{\"@id\":\"https:\/\/www.lumiun.com\/blog\/dica-como-desativar-o-compartilhamento-de-arquivos-no-windows\/#breadcrumb\"},\"inLanguage\":\"pt-BR\",\"potentialAction\":[{\"@type\":\"ReadAction\",\"target\":[\"https:\/\/www.lumiun.com\/blog\/dica-como-desativar-o-compartilhamento-de-arquivos-no-windows\/\"]}]},{\"@type\":\"ImageObject\",\"inLanguage\":\"pt-BR\",\"@id\":\"https:\/\/www.lumiun.com\/blog\/dica-como-desativar-o-compartilhamento-de-arquivos-no-windows\/#primaryimage\",\"url\":\"https:\/\/www.lumiun.com\/blog\/wp-content\/uploads\/2016\/12\/arquivos.jpg\",\"contentUrl\":\"https:\/\/www.lumiun.com\/blog\/wp-content\/uploads\/2016\/12\/arquivos.jpg\",\"width\":1200,\"height\":550},{\"@type\":\"BreadcrumbList\",\"@id\":\"https:\/\/www.lumiun.com\/blog\/dica-como-desativar-o-compartilhamento-de-arquivos-no-windows\/#breadcrumb\",\"itemListElement\":[{\"@type\":\"ListItem\",\"position\":1,\"name\":\"In\u00edcio\",\"item\":\"https:\/\/www.lumiun.com\/blog\/\"},{\"@type\":\"ListItem\",\"position\":2,\"name\":\"Dica: como desativar o compartilhamento de arquivos no Windows\"}]},{\"@type\":\"WebSite\",\"@id\":\"https:\/\/www.lumiun.com\/blog\/#website\",\"url\":\"https:\/\/www.lumiun.com\/blog\/\",\"name\":\"Lumiun Blog\",\"description\":\"Conte\u00fado sobre gest\u00e3o e seguran\u00e7a da internet para gestores e profissionais de TI\",\"publisher\":{\"@id\":\"https:\/\/www.lumiun.com\/blog\/#organization\"},\"potentialAction\":[{\"@type\":\"SearchAction\",\"target\":{\"@type\":\"EntryPoint\",\"urlTemplate\":\"https:\/\/www.lumiun.com\/blog\/?s={search_term_string}\"},\"query-input\":{\"@type\":\"PropertyValueSpecification\",\"valueRequired\":true,\"valueName\":\"search_term_string\"}}],\"inLanguage\":\"pt-BR\"},{\"@type\":\"Organization\",\"@id\":\"https:\/\/www.lumiun.com\/blog\/#organization\",\"name\":\"Lumiun Tecnologia\",\"url\":\"https:\/\/www.lumiun.com\/blog\/\",\"logo\":{\"@type\":\"ImageObject\",\"inLanguage\":\"pt-BR\",\"@id\":\"https:\/\/www.lumiun.com\/blog\/#\/schema\/logo\/image\/\",\"url\":\"https:\/\/www.lumiun.com\/blog\/wp-content\/uploads\/logo-lumiun.png\",\"contentUrl\":\"https:\/\/www.lumiun.com\/blog\/wp-content\/uploads\/logo-lumiun.png\",\"width\":1500,\"height\":930,\"caption\":\"Lumiun Tecnologia\"},\"image\":{\"@id\":\"https:\/\/www.lumiun.com\/blog\/#\/schema\/logo\/image\/\"},\"sameAs\":[\"https:\/\/www.facebook.com\/LumiunTecnologia\/\",\"https:\/\/www.linkedin.com\/company\/lumiun---cloud-managed-network\/\",\"https:\/\/www.youtube.com\/LumiunNetwork\"]},{\"@type\":\"Person\",\"@id\":\"https:\/\/www.lumiun.com\/blog\/#\/schema\/person\/0c3fde4c6366a5ccadbed531ce93f15a\",\"name\":\"Heini Thomas Geib\",\"image\":{\"@type\":\"ImageObject\",\"inLanguage\":\"pt-BR\",\"@id\":\"https:\/\/www.lumiun.com\/blog\/#\/schema\/person\/image\/\",\"url\":\"https:\/\/secure.gravatar.com\/avatar\/e84354da422e09dd4be09916ab7b3984?s=96&d=mm&r=g\",\"contentUrl\":\"https:\/\/secure.gravatar.com\/avatar\/e84354da422e09dd4be09916ab7b3984?s=96&d=mm&r=g\",\"caption\":\"Heini Thomas Geib\"},\"description\":\"Cofundador da Lumiun Tecnologia. Graduado em Inform\u00e1tica, especialista em Redes de Computadores (UFRGS), MBA em Gest\u00e3o Empresarial (FGV). Trabalhando h\u00e1 mais de 15 anos na \u00e1rea de Redes.\",\"url\":\"https:\/\/www.lumiun.com\/blog\/author\/heini\/\"}]}<\/script>\n<!-- \/ Yoast SEO plugin. -->","yoast_head_json":{"title":"Dica: como desativar o compartilhamento de arquivos no Windows | Lumiun Blog","description":"Saiba como desativar o compartilhamento de arquivos no Windows para que seus arquivos n\u00e3o sejam acessados por outros usu\u00e1rios na sua rede interna.","robots":{"index":"index","follow":"follow","max-snippet":"max-snippet:-1","max-image-preview":"max-image-preview:large","max-video-preview":"max-video-preview:-1"},"canonical":"https:\/\/www.lumiun.com\/blog\/dica-como-desativar-o-compartilhamento-de-arquivos-no-windows\/","og_locale":"pt_BR","og_type":"article","og_title":"Dica: como desativar o compartilhamento de arquivos no Windows | Lumiun Blog","og_description":"Saiba como desativar o compartilhamento de arquivos no Windows para que seus arquivos n\u00e3o sejam acessados por outros usu\u00e1rios na sua rede interna.","og_url":"https:\/\/www.lumiun.com\/blog\/dica-como-desativar-o-compartilhamento-de-arquivos-no-windows\/","og_site_name":"Lumiun Blog","article_publisher":"https:\/\/www.facebook.com\/LumiunTecnologia\/","article_published_time":"2016-12-08T17:06:54+00:00","article_modified_time":"2022-05-02T18:01:37+00:00","og_image":[{"width":1200,"height":550,"url":"https:\/\/www.lumiun.com\/blog\/wp-content\/uploads\/2016\/12\/arquivos.jpg","type":"image\/jpeg"}],"author":"Heini Thomas Geib","twitter_card":"summary_large_image","twitter_misc":{"Escrito por":"Heini Thomas Geib","Est. tempo de leitura":"1 minuto"},"schema":{"@context":"https:\/\/schema.org","@graph":[{"@type":"Article","@id":"https:\/\/www.lumiun.com\/blog\/dica-como-desativar-o-compartilhamento-de-arquivos-no-windows\/#article","isPartOf":{"@id":"https:\/\/www.lumiun.com\/blog\/dica-como-desativar-o-compartilhamento-de-arquivos-no-windows\/"},"author":{"name":"Heini Thomas Geib","@id":"https:\/\/www.lumiun.com\/blog\/#\/schema\/person\/0c3fde4c6366a5ccadbed531ce93f15a"},"headline":"Dica: como desativar o compartilhamento de arquivos no Windows","datePublished":"2016-12-08T17:06:54+00:00","dateModified":"2022-05-02T18:01:37+00:00","mainEntityOfPage":{"@id":"https:\/\/www.lumiun.com\/blog\/dica-como-desativar-o-compartilhamento-de-arquivos-no-windows\/"},"wordCount":228,"publisher":{"@id":"https:\/\/www.lumiun.com\/blog\/#organization"},"image":{"@id":"https:\/\/www.lumiun.com\/blog\/dica-como-desativar-o-compartilhamento-de-arquivos-no-windows\/#primaryimage"},"thumbnailUrl":"https:\/\/www.lumiun.com\/blog\/wp-content\/uploads\/2016\/12\/arquivos.jpg","keywords":["compartilhamento","dicas","seguran\u00e7a","windows"],"articleSection":["Seguran\u00e7a na internet"],"inLanguage":"pt-BR"},{"@type":"WebPage","@id":"https:\/\/www.lumiun.com\/blog\/dica-como-desativar-o-compartilhamento-de-arquivos-no-windows\/","url":"https:\/\/www.lumiun.com\/blog\/dica-como-desativar-o-compartilhamento-de-arquivos-no-windows\/","name":"Dica: como desativar o compartilhamento de arquivos no Windows | Lumiun Blog","isPartOf":{"@id":"https:\/\/www.lumiun.com\/blog\/#website"},"primaryImageOfPage":{"@id":"https:\/\/www.lumiun.com\/blog\/dica-como-desativar-o-compartilhamento-de-arquivos-no-windows\/#primaryimage"},"image":{"@id":"https:\/\/www.lumiun.com\/blog\/dica-como-desativar-o-compartilhamento-de-arquivos-no-windows\/#primaryimage"},"thumbnailUrl":"https:\/\/www.lumiun.com\/blog\/wp-content\/uploads\/2016\/12\/arquivos.jpg","datePublished":"2016-12-08T17:06:54+00:00","dateModified":"2022-05-02T18:01:37+00:00","description":"Saiba como desativar o compartilhamento de arquivos no Windows para que seus arquivos n\u00e3o sejam acessados por outros usu\u00e1rios na sua rede interna.","breadcrumb":{"@id":"https:\/\/www.lumiun.com\/blog\/dica-como-desativar-o-compartilhamento-de-arquivos-no-windows\/#breadcrumb"},"inLanguage":"pt-BR","potentialAction":[{"@type":"ReadAction","target":["https:\/\/www.lumiun.com\/blog\/dica-como-desativar-o-compartilhamento-de-arquivos-no-windows\/"]}]},{"@type":"ImageObject","inLanguage":"pt-BR","@id":"https:\/\/www.lumiun.com\/blog\/dica-como-desativar-o-compartilhamento-de-arquivos-no-windows\/#primaryimage","url":"https:\/\/www.lumiun.com\/blog\/wp-content\/uploads\/2016\/12\/arquivos.jpg","contentUrl":"https:\/\/www.lumiun.com\/blog\/wp-content\/uploads\/2016\/12\/arquivos.jpg","width":1200,"height":550},{"@type":"BreadcrumbList","@id":"https:\/\/www.lumiun.com\/blog\/dica-como-desativar-o-compartilhamento-de-arquivos-no-windows\/#breadcrumb","itemListElement":[{"@type":"ListItem","position":1,"name":"In\u00edcio","item":"https:\/\/www.lumiun.com\/blog\/"},{"@type":"ListItem","position":2,"name":"Dica: como desativar o compartilhamento de arquivos no Windows"}]},{"@type":"WebSite","@id":"https:\/\/www.lumiun.com\/blog\/#website","url":"https:\/\/www.lumiun.com\/blog\/","name":"Lumiun Blog","description":"Conte\u00fado sobre gest\u00e3o e seguran\u00e7a da internet para gestores e profissionais de TI","publisher":{"@id":"https:\/\/www.lumiun.com\/blog\/#organization"},"potentialAction":[{"@type":"SearchAction","target":{"@type":"EntryPoint","urlTemplate":"https:\/\/www.lumiun.com\/blog\/?s={search_term_string}"},"query-input":{"@type":"PropertyValueSpecification","valueRequired":true,"valueName":"search_term_string"}}],"inLanguage":"pt-BR"},{"@type":"Organization","@id":"https:\/\/www.lumiun.com\/blog\/#organization","name":"Lumiun Tecnologia","url":"https:\/\/www.lumiun.com\/blog\/","logo":{"@type":"ImageObject","inLanguage":"pt-BR","@id":"https:\/\/www.lumiun.com\/blog\/#\/schema\/logo\/image\/","url":"https:\/\/www.lumiun.com\/blog\/wp-content\/uploads\/logo-lumiun.png","contentUrl":"https:\/\/www.lumiun.com\/blog\/wp-content\/uploads\/logo-lumiun.png","width":1500,"height":930,"caption":"Lumiun Tecnologia"},"image":{"@id":"https:\/\/www.lumiun.com\/blog\/#\/schema\/logo\/image\/"},"sameAs":["https:\/\/www.facebook.com\/LumiunTecnologia\/","https:\/\/www.linkedin.com\/company\/lumiun---cloud-managed-network\/","https:\/\/www.youtube.com\/LumiunNetwork"]},{"@type":"Person","@id":"https:\/\/www.lumiun.com\/blog\/#\/schema\/person\/0c3fde4c6366a5ccadbed531ce93f15a","name":"Heini Thomas Geib","image":{"@type":"ImageObject","inLanguage":"pt-BR","@id":"https:\/\/www.lumiun.com\/blog\/#\/schema\/person\/image\/","url":"https:\/\/secure.gravatar.com\/avatar\/e84354da422e09dd4be09916ab7b3984?s=96&d=mm&r=g","contentUrl":"https:\/\/secure.gravatar.com\/avatar\/e84354da422e09dd4be09916ab7b3984?s=96&d=mm&r=g","caption":"Heini Thomas Geib"},"description":"Cofundador da Lumiun Tecnologia. Graduado em Inform\u00e1tica, especialista em Redes de Computadores (UFRGS), MBA em Gest\u00e3o Empresarial (FGV). Trabalhando h\u00e1 mais de 15 anos na \u00e1rea de Redes.","url":"https:\/\/www.lumiun.com\/blog\/author\/heini\/"}]}},"_links":{"self":[{"href":"https:\/\/www.lumiun.com\/blog\/wp-json\/wp\/v2\/posts\/1989"}],"collection":[{"href":"https:\/\/www.lumiun.com\/blog\/wp-json\/wp\/v2\/posts"}],"about":[{"href":"https:\/\/www.lumiun.com\/blog\/wp-json\/wp\/v2\/types\/post"}],"author":[{"embeddable":true,"href":"https:\/\/www.lumiun.com\/blog\/wp-json\/wp\/v2\/users\/3"}],"replies":[{"embeddable":true,"href":"https:\/\/www.lumiun.com\/blog\/wp-json\/wp\/v2\/comments?post=1989"}],"version-history":[{"count":17,"href":"https:\/\/www.lumiun.com\/blog\/wp-json\/wp\/v2\/posts\/1989\/revisions"}],"predecessor-version":[{"id":4675,"href":"https:\/\/www.lumiun.com\/blog\/wp-json\/wp\/v2\/posts\/1989\/revisions\/4675"}],"wp:featuredmedia":[{"embeddable":true,"href":"https:\/\/www.lumiun.com\/blog\/wp-json\/wp\/v2\/media\/2018"}],"wp:attachment":[{"href":"https:\/\/www.lumiun.com\/blog\/wp-json\/wp\/v2\/media?parent=1989"}],"wp:term":[{"taxonomy":"category","embeddable":true,"href":"https:\/\/www.lumiun.com\/blog\/wp-json\/wp\/v2\/categories?post=1989"},{"taxonomy":"post_tag","embeddable":true,"href":"https:\/\/www.lumiun.com\/blog\/wp-json\/wp\/v2\/tags?post=1989"}],"curies":[{"name":"wp","href":"https:\/\/api.w.org\/{rel}","templated":true}]}}