{"id":2118,"date":"2020-10-30T08:30:31","date_gmt":"2020-10-30T11:30:31","guid":{"rendered":"https:\/\/www.lumiun.com\/blog\/?p=2118"},"modified":"2022-05-02T15:00:20","modified_gmt":"2022-05-02T18:00:20","slug":"7-dicas-para-melhorar-a-gestao-do-tempo-na-sua-empresa","status":"publish","type":"post","link":"https:\/\/www.lumiun.com\/blog\/7-dicas-para-melhorar-a-gestao-do-tempo-na-sua-empresa\/","title":{"rendered":"7 dicas para melhorar a gest\u00e3o do tempo na sua empresa"},"content":{"rendered":"<p>Fica claro que atualmente o tempo \u00e9 um dos ativos mais importantes e valiosos que uma pessoa possui. Por isso, se ela n\u00e3o conseguir gerenci\u00e1-lo da melhor forma poss\u00edvel, ter\u00e1 grandes problemas. Uma boa gest\u00e3o do tempo na empresa, \u00e9 saber usar ele para realizar as atividades priorit\u00e1rias, em qualquer \u00e2mbito.<\/p>\n<p>Quem administra o tempo aumenta a sua <a href=\"https:\/\/www.lumiun.com\/blog\/produtividade-dos-funcionarios-na-internet-em-2020\/\">produtividade<\/a>. Ser produtivo \u00e9 fazer aquilo que \u00e9 considerado importante e priorit\u00e1rio com a menor quantidade de recursos, sendo um deles, o tempo. Atualmente percebe-se um grande problema de gerenciamento de tempo nas empresas, por ser um ambiente com colaboradores de perfis diferentes, que precisam desempenhar v\u00e1rias\u00a0fun\u00e7\u00f5es e atividades.<\/p>\n<p>Uma boa gest\u00e3o do tempo e produtividade \u00e9 necess\u00e1ria para todos os empreendedores que possuem uma grande carga de trabalho e precisam resolver problemas com intelig\u00eancia. Gerir as tarefas de maneira eficaz far\u00e1 com que voc\u00ea conquiste qualidade de vida, podendo conciliar melhor a rotina de trabalho com o tempo livre.<\/p>\n<p>Se voc\u00ea est\u00e1 com dificuldades para conseguir gerenciar de forma correta e eficaz o tempo da sua equipe dentro da empresa, segue abaixo uma lista com <strong>7 dicas para melhorar a gest\u00e3o do tempo<\/strong>, que podem lhe auxiliar ativamente para essas mudan\u00e7as, em busca da produtividade e organiza\u00e7\u00e3o.<\/p>\n<h2 id=\"1-crie-uma-lista-de-tarefas-diarias\">1. Crie uma lista de tarefas di\u00e1rias<\/h2>\n<p>A melhor maneira de combater os vil\u00f5es da rotina da sua equipe \u00e9 criar uma lista com as tarefas que precisam ser desempenhadas. Liste absolutamente tudo o que cada funcion\u00e1rio precisa fazer no seu dia (inclusive o tempo para responder e-mails e usar as <a href=\"https:\/\/www.lumiun.com\/blog\/redes-sociais-no-trabalho-produtividade-ou-distracao\/\">redes sociais<\/a>, quando necess\u00e1rio). A ideia aqui \u00e9 hierarquizar as tarefas e fazer com que sejam administradas de maneira estrat\u00e9gica.<\/p>\n<h2 id=\"2-uma-coisa-de-cada-vez\">2. Uma coisa de cada vez<\/h2>\n<p>O maior segredo de quem tem uma boa gest\u00e3o do tempo e produtividade \u00e9 n\u00e3o tocar na mesma tarefa duas vezes. Por isso, ao orientar sobre uma nova tarefa, \u00e9 preciso que a sua equipe mergulhe nela de maneira profunda at\u00e9 terminar, ao contr\u00e1rio o trabalho ser\u00e1 redobrado. Uma boa dica \u00e9 direcionar os seus funcion\u00e1rios para que fa\u00e7am o certo da primeira vez e com isso voc\u00ea provavelmente n\u00e3o ter\u00e1 problemas futuros.<\/p>\n<h2 id=\"3-fazer-mais-em-menos-tempo\">3. Fazer mais em menos tempo<\/h2>\n<p>Seus colaboradores ir\u00e3o fazer mais em menos tempo quando souberem quanto tempo existe em suas m\u00e3os. Por isso, verifique qual \u00e9 o prazo que cada um possui para desempenhar o seu trabalho, estando atento para aqueles que est\u00e3o fazendo o seu melhor e os que est\u00e3o simplesmente cumprindo metas.<br \/>\nO foco \u00e9 muito importante, por isso os seus funcion\u00e1rios precisam ter uma ideia clara daquilo em que est\u00e3o trabalhando, antes de come\u00e7ar. Saber no que trabalhar, quando e quanto tempo existe para terminar o trabalho, aumenta muito a produtividade. Esse foco sobre o trabalho garante que se obtenha mais qualidade e resultados para a empresa.<\/p>\n<h2 id=\"4-mantenha-um-plano-produtivo\">4. Mantenha um Plano Produtivo<\/h2>\n<p>Voc\u00ea j\u00e1 percebeu a oscila\u00e7\u00e3o do \u00e2nimo e motiva\u00e7\u00e3o da sua equipe durante o dia? Algumas pessoas trabalham melhor a tarde; outras est\u00e3o com as energias a mil logo pela manh\u00e3, por exemplo. Tente definir qual \u00e9 o melhor hor\u00e1rio (ou per\u00edodo) mais produtivo do dia para sua equipe. Com isso \u00e9 poss\u00edvel colocar as \u201cprioridades\u201d que cada um precisa desempenhar para esse hor\u00e1rio. Assim, as tarefas mais simples podem ser resolvidas com mais tranquilidade e menos estresse.<\/p>\n<h2 id=\"5-saiba-que-metas-sao-importantes\">5. Saiba que metas s\u00e3o importantes<\/h2>\n<p>Voc\u00ea e sua equipe tamb\u00e9m precisam de metas claras. N\u00e3o se pode tocar um projeto ou atividade, sem saber como ser\u00e3o realizadas. \u00c9 preciso estabelecer um tempo limite para a realiza\u00e7\u00e3o das atividades, de prefer\u00eancia alguns dias antes do prazo final de entrega. Desta forma, voc\u00ea ganha uma margem de manobra para lidar com os imprevistos que podem aparecer durante a execu\u00e7\u00e3o das tarefas.<\/p>\n<h2 id=\"6-lute-contra-a-procrastinacao\">6. Lute contra a procrastina\u00e7\u00e3o<\/h2>\n<p>Enfrentar as coisas de frente! Adiar servi\u00e7os levando em conta o prazo pode ser um dos maiores erros que os seus colaboradores podem cometer. Se um funcion\u00e1rio tem um prazo de seis horas, mas voc\u00ea sabe que ele pode terminar em quatro, \u00e9 preciso cobrar dele. Fa\u00e7a com que utilize esse \u201ctempo a mais\u201d para revis\u00f5es, testes (quando poss\u00edvel) ou at\u00e9 para tentar chegar \u00e0 uma solu\u00e7\u00e3o melhor. Al\u00e9m disso, explique que com isso a press\u00e3o para o resto do dia ir\u00e1 diminuir e seu <a href=\"https:\/\/www.lumiun.com\/blog\/como-reduzir-a-procrastinacao-da-sua-equipe-e-aumentar-a-produtividade\/\">rendimento<\/a> com certeza aumentar.<\/p>\n<h2 id=\"7-identifique-os-ladroes-de-tempo\">7. Identifique os ladr\u00f5es de tempo<\/h2>\n<p>E-mail, mensagens instant\u00e2neas, <a href=\"https:\/\/www.lumiun.com\/blog\/11-dicas-para-reduzir-o-desperdicio-de-tempo-nas-redes-sociais-durante-o-trabalho\/\">redes sociais<\/a>, jogos, sites nocivos e muito mais. Tudo isso pode estar roubando horas preciosas da sua equipe. Para se livrar desses verdadeiros ladr\u00f5es de tempo voc\u00ea precisa primeiro identific\u00e1-los. Observe a rotina da sua empresa e tente analisar: quanto tempo sua equipe perde com essas atividades? Muitas vezes n\u00f3s n\u00e3o percebemos o quanto elas atrapalham e <a href=\"https:\/\/www.lumiun.com\/blog\/reduzir-a-equipe-e-aumentar-a-produtividade-sera-que-e-possivel\/\">diminuem a produtividade<\/a>, pois s\u00e3o misturadas com as tarefas, mas fazem com que seus colaboradores percam totalmente o foco naquilo estavam desempenhando.<\/p>\n<h2 id=\"conclusao\">Conclus\u00e3o<\/h2>\n<p>\u00c9 importante entender que a internet quando utilizada de forma correta, \u00e9 uma aliada no ambiente corporativo. Por\u00e9m, quando existe um abuso de utiliza\u00e7\u00e3o, que acaba atrapalhando o rendimento do funcion\u00e1rio e comprometendo os resultados da empresa, \u00e9 preciso que medidas mais diretas sejam tomadas.<\/p>\n<p>Uma das solu\u00e7\u00f5es nesse caso \u00e9 a implanta\u00e7\u00e3o de um <a href=\"https:\/\/comobloquearsite.com\/\">controle de acesso \u00e0 internet<\/a>, que possibilita \u00e0 voc\u00ea um maior dom\u00ednio sobre o que seus colaboradores est\u00e3o acessando. Com base nisso voc\u00ea pode fazer um <a href=\"https:\/\/www.lumiun.com\/funcionalidades-e-recursos\">controle de hor\u00e1rios e tamb\u00e9m conte\u00fados<\/a> que podem ou n\u00e3o ser acessados dentro da sua empresa. Assim voc\u00ea fica no controle, garante resultados positivos e produtividade nas alturas!<\/p>\n<p>Veja mais sobre o tema no <a href=\"https:\/\/www.lumiun.com\/blog\/guia-de-controle-do-acesso-a-internet-para-empresas\/\">Guia de Controle do Acesso \u00e0 Internet para Empresas<\/a>.<\/p>\n<p>E voc\u00ea, como costuma fazer a gest\u00e3o do tempo na empresa? Compartilhe sua experi\u00eancia conosco!<\/p>\n","protected":false},"excerpt":{"rendered":"Fica claro que atualmente o tempo \u00e9 um dos ativos mais importantes e valiosos que uma pessoa possui.&hellip;\n","protected":false},"author":11,"featured_media":7670,"comment_status":"closed","ping_status":"open","sticky":false,"template":"","format":"image","meta":{"content-type":"","footnotes":""},"categories":[17],"tags":[65,27,33,28,62,26,5,21,63,47,64,24,8],"yoast_head":"<!-- This site is optimized with the Yoast SEO plugin v24.0 - https:\/\/yoast.com\/wordpress\/plugins\/seo\/ -->\n<title>7 dicas para melhorar a gest\u00e3o do tempo na sua empresa<\/title>\n<meta name=\"description\" content=\"O tempo \u00e9 um dos ativos mais valiosos que um profissional possui! Veja no artigo 7 dicas para melhorar a gest\u00e3o do tempo na empresa!\" \/>\n<meta name=\"robots\" content=\"index, follow, max-snippet:-1, max-image-preview:large, max-video-preview:-1\" \/>\n<link rel=\"canonical\" href=\"https:\/\/www.lumiun.com\/blog\/7-dicas-para-melhorar-a-gestao-do-tempo-na-sua-empresa\/\" \/>\n<meta property=\"og:locale\" content=\"pt_BR\" \/>\n<meta property=\"og:type\" content=\"article\" \/>\n<meta property=\"og:title\" content=\"7 dicas para melhorar a gest\u00e3o do tempo na sua empresa\" \/>\n<meta property=\"og:description\" content=\"O tempo \u00e9 um dos ativos mais valiosos que um profissional possui! Veja no artigo 7 dicas para melhorar a gest\u00e3o do tempo na empresa!\" \/>\n<meta property=\"og:url\" content=\"https:\/\/www.lumiun.com\/blog\/7-dicas-para-melhorar-a-gestao-do-tempo-na-sua-empresa\/\" \/>\n<meta property=\"og:site_name\" content=\"Lumiun Blog\" \/>\n<meta property=\"article:publisher\" content=\"https:\/\/www.facebook.com\/LumiunTecnologia\/\" \/>\n<meta property=\"article:published_time\" content=\"2020-10-30T11:30:31+00:00\" \/>\n<meta property=\"article:modified_time\" content=\"2022-05-02T18:00:20+00:00\" \/>\n<meta property=\"og:image\" content=\"https:\/\/www.lumiun.com\/blog\/wp-content\/uploads\/7-dicas-para-melhorar-a-gestao-do-tempo-na-sua-empresa-1.jpg\" \/>\n\t<meta property=\"og:image:width\" content=\"1201\" \/>\n\t<meta property=\"og:image:height\" content=\"709\" \/>\n\t<meta property=\"og:image:type\" content=\"image\/jpeg\" \/>\n<meta name=\"author\" content=\"Kelvin Zimmer\" \/>\n<meta name=\"twitter:card\" content=\"summary_large_image\" \/>\n<meta name=\"twitter:label1\" content=\"Escrito por\" \/>\n\t<meta name=\"twitter:data1\" content=\"Kelvin Zimmer\" \/>\n\t<meta name=\"twitter:label2\" content=\"Est. tempo de leitura\" \/>\n\t<meta name=\"twitter:data2\" content=\"5 minutos\" \/>\n<script type=\"application\/ld+json\" class=\"yoast-schema-graph\">{\"@context\":\"https:\/\/schema.org\",\"@graph\":[{\"@type\":\"Article\",\"@id\":\"https:\/\/www.lumiun.com\/blog\/7-dicas-para-melhorar-a-gestao-do-tempo-na-sua-empresa\/#article\",\"isPartOf\":{\"@id\":\"https:\/\/www.lumiun.com\/blog\/7-dicas-para-melhorar-a-gestao-do-tempo-na-sua-empresa\/\"},\"author\":{\"name\":\"Kelvin Zimmer\",\"@id\":\"https:\/\/www.lumiun.com\/blog\/#\/schema\/person\/30ba726a925be4e704df87ac2f3aeb77\"},\"headline\":\"7 dicas para melhorar a gest\u00e3o do tempo na sua empresa\",\"datePublished\":\"2020-10-30T11:30:31+00:00\",\"dateModified\":\"2022-05-02T18:00:20+00:00\",\"mainEntityOfPage\":{\"@id\":\"https:\/\/www.lumiun.com\/blog\/7-dicas-para-melhorar-a-gestao-do-tempo-na-sua-empresa\/\"},\"wordCount\":998,\"publisher\":{\"@id\":\"https:\/\/www.lumiun.com\/blog\/#organization\"},\"image\":{\"@id\":\"https:\/\/www.lumiun.com\/blog\/7-dicas-para-melhorar-a-gestao-do-tempo-na-sua-empresa\/#primaryimage\"},\"thumbnailUrl\":\"https:\/\/www.lumiun.com\/blog\/wp-content\/uploads\/7-dicas-para-melhorar-a-gestao-do-tempo-na-sua-empresa-1.jpg\",\"keywords\":[\"controle\",\"dicas\",\"empresas\",\"equipe\",\"gerenciamento de tempo\",\"gestao\",\"internet\",\"lumiun\",\"metas\",\"monitoramento\",\"procrastina\u00e7\u00e3o\",\"produtividade\",\"redes sociais\"],\"articleSection\":[\"Gest\u00e3o e Produtividade\"],\"inLanguage\":\"pt-BR\"},{\"@type\":\"WebPage\",\"@id\":\"https:\/\/www.lumiun.com\/blog\/7-dicas-para-melhorar-a-gestao-do-tempo-na-sua-empresa\/\",\"url\":\"https:\/\/www.lumiun.com\/blog\/7-dicas-para-melhorar-a-gestao-do-tempo-na-sua-empresa\/\",\"name\":\"7 dicas para melhorar a gest\u00e3o do tempo na sua empresa\",\"isPartOf\":{\"@id\":\"https:\/\/www.lumiun.com\/blog\/#website\"},\"primaryImageOfPage\":{\"@id\":\"https:\/\/www.lumiun.com\/blog\/7-dicas-para-melhorar-a-gestao-do-tempo-na-sua-empresa\/#primaryimage\"},\"image\":{\"@id\":\"https:\/\/www.lumiun.com\/blog\/7-dicas-para-melhorar-a-gestao-do-tempo-na-sua-empresa\/#primaryimage\"},\"thumbnailUrl\":\"https:\/\/www.lumiun.com\/blog\/wp-content\/uploads\/7-dicas-para-melhorar-a-gestao-do-tempo-na-sua-empresa-1.jpg\",\"datePublished\":\"2020-10-30T11:30:31+00:00\",\"dateModified\":\"2022-05-02T18:00:20+00:00\",\"description\":\"O tempo \u00e9 um dos ativos mais valiosos que um profissional possui! Veja no artigo 7 dicas para melhorar a gest\u00e3o do tempo na empresa!\",\"breadcrumb\":{\"@id\":\"https:\/\/www.lumiun.com\/blog\/7-dicas-para-melhorar-a-gestao-do-tempo-na-sua-empresa\/#breadcrumb\"},\"inLanguage\":\"pt-BR\",\"potentialAction\":[{\"@type\":\"ReadAction\",\"target\":[\"https:\/\/www.lumiun.com\/blog\/7-dicas-para-melhorar-a-gestao-do-tempo-na-sua-empresa\/\"]}]},{\"@type\":\"ImageObject\",\"inLanguage\":\"pt-BR\",\"@id\":\"https:\/\/www.lumiun.com\/blog\/7-dicas-para-melhorar-a-gestao-do-tempo-na-sua-empresa\/#primaryimage\",\"url\":\"https:\/\/www.lumiun.com\/blog\/wp-content\/uploads\/7-dicas-para-melhorar-a-gestao-do-tempo-na-sua-empresa-1.jpg\",\"contentUrl\":\"https:\/\/www.lumiun.com\/blog\/wp-content\/uploads\/7-dicas-para-melhorar-a-gestao-do-tempo-na-sua-empresa-1.jpg\",\"width\":1201,\"height\":709,\"caption\":\"gest\u00e3o do tempo empresa\"},{\"@type\":\"BreadcrumbList\",\"@id\":\"https:\/\/www.lumiun.com\/blog\/7-dicas-para-melhorar-a-gestao-do-tempo-na-sua-empresa\/#breadcrumb\",\"itemListElement\":[{\"@type\":\"ListItem\",\"position\":1,\"name\":\"In\u00edcio\",\"item\":\"https:\/\/www.lumiun.com\/blog\/\"},{\"@type\":\"ListItem\",\"position\":2,\"name\":\"7 dicas para melhorar a gest\u00e3o do tempo na sua empresa\"}]},{\"@type\":\"WebSite\",\"@id\":\"https:\/\/www.lumiun.com\/blog\/#website\",\"url\":\"https:\/\/www.lumiun.com\/blog\/\",\"name\":\"Lumiun Blog\",\"description\":\"Conte\u00fado sobre gest\u00e3o e seguran\u00e7a da internet para gestores e profissionais de TI\",\"publisher\":{\"@id\":\"https:\/\/www.lumiun.com\/blog\/#organization\"},\"potentialAction\":[{\"@type\":\"SearchAction\",\"target\":{\"@type\":\"EntryPoint\",\"urlTemplate\":\"https:\/\/www.lumiun.com\/blog\/?s={search_term_string}\"},\"query-input\":{\"@type\":\"PropertyValueSpecification\",\"valueRequired\":true,\"valueName\":\"search_term_string\"}}],\"inLanguage\":\"pt-BR\"},{\"@type\":\"Organization\",\"@id\":\"https:\/\/www.lumiun.com\/blog\/#organization\",\"name\":\"Lumiun Tecnologia\",\"url\":\"https:\/\/www.lumiun.com\/blog\/\",\"logo\":{\"@type\":\"ImageObject\",\"inLanguage\":\"pt-BR\",\"@id\":\"https:\/\/www.lumiun.com\/blog\/#\/schema\/logo\/image\/\",\"url\":\"https:\/\/www.lumiun.com\/blog\/wp-content\/uploads\/logo-lumiun.png\",\"contentUrl\":\"https:\/\/www.lumiun.com\/blog\/wp-content\/uploads\/logo-lumiun.png\",\"width\":1500,\"height\":930,\"caption\":\"Lumiun Tecnologia\"},\"image\":{\"@id\":\"https:\/\/www.lumiun.com\/blog\/#\/schema\/logo\/image\/\"},\"sameAs\":[\"https:\/\/www.facebook.com\/LumiunTecnologia\/\",\"https:\/\/www.linkedin.com\/company\/lumiun---cloud-managed-network\/\",\"https:\/\/www.youtube.com\/LumiunNetwork\"]},{\"@type\":\"Person\",\"@id\":\"https:\/\/www.lumiun.com\/blog\/#\/schema\/person\/30ba726a925be4e704df87ac2f3aeb77\",\"name\":\"Kelvin Zimmer\",\"image\":{\"@type\":\"ImageObject\",\"inLanguage\":\"pt-BR\",\"@id\":\"https:\/\/www.lumiun.com\/blog\/#\/schema\/person\/image\/\",\"url\":\"https:\/\/secure.gravatar.com\/avatar\/86b5cf3e5814ca737f2d6ba0be399339?s=96&d=mm&r=g\",\"contentUrl\":\"https:\/\/secure.gravatar.com\/avatar\/86b5cf3e5814ca737f2d6ba0be399339?s=96&d=mm&r=g\",\"caption\":\"Kelvin Zimmer\"},\"description\":\"Colunista de ciberseguran\u00e7a, especialista em produtividade e Analista de Marketing na Lumiun.\",\"sameAs\":[\"http:\/\/lumiun.com\"],\"url\":\"https:\/\/www.lumiun.com\/blog\/author\/kelvin\/\"}]}<\/script>\n<!-- \/ Yoast SEO plugin. -->","yoast_head_json":{"title":"7 dicas para melhorar a gest\u00e3o do tempo na sua empresa","description":"O tempo \u00e9 um dos ativos mais valiosos que um profissional possui! Veja no artigo 7 dicas para melhorar a gest\u00e3o do tempo na empresa!","robots":{"index":"index","follow":"follow","max-snippet":"max-snippet:-1","max-image-preview":"max-image-preview:large","max-video-preview":"max-video-preview:-1"},"canonical":"https:\/\/www.lumiun.com\/blog\/7-dicas-para-melhorar-a-gestao-do-tempo-na-sua-empresa\/","og_locale":"pt_BR","og_type":"article","og_title":"7 dicas para melhorar a gest\u00e3o do tempo na sua empresa","og_description":"O tempo \u00e9 um dos ativos mais valiosos que um profissional possui! Veja no artigo 7 dicas para melhorar a gest\u00e3o do tempo na empresa!","og_url":"https:\/\/www.lumiun.com\/blog\/7-dicas-para-melhorar-a-gestao-do-tempo-na-sua-empresa\/","og_site_name":"Lumiun Blog","article_publisher":"https:\/\/www.facebook.com\/LumiunTecnologia\/","article_published_time":"2020-10-30T11:30:31+00:00","article_modified_time":"2022-05-02T18:00:20+00:00","og_image":[{"width":1201,"height":709,"url":"https:\/\/www.lumiun.com\/blog\/wp-content\/uploads\/7-dicas-para-melhorar-a-gestao-do-tempo-na-sua-empresa-1.jpg","type":"image\/jpeg"}],"author":"Kelvin Zimmer","twitter_card":"summary_large_image","twitter_misc":{"Escrito por":"Kelvin Zimmer","Est. tempo de leitura":"5 minutos"},"schema":{"@context":"https:\/\/schema.org","@graph":[{"@type":"Article","@id":"https:\/\/www.lumiun.com\/blog\/7-dicas-para-melhorar-a-gestao-do-tempo-na-sua-empresa\/#article","isPartOf":{"@id":"https:\/\/www.lumiun.com\/blog\/7-dicas-para-melhorar-a-gestao-do-tempo-na-sua-empresa\/"},"author":{"name":"Kelvin Zimmer","@id":"https:\/\/www.lumiun.com\/blog\/#\/schema\/person\/30ba726a925be4e704df87ac2f3aeb77"},"headline":"7 dicas para melhorar a gest\u00e3o do tempo na sua empresa","datePublished":"2020-10-30T11:30:31+00:00","dateModified":"2022-05-02T18:00:20+00:00","mainEntityOfPage":{"@id":"https:\/\/www.lumiun.com\/blog\/7-dicas-para-melhorar-a-gestao-do-tempo-na-sua-empresa\/"},"wordCount":998,"publisher":{"@id":"https:\/\/www.lumiun.com\/blog\/#organization"},"image":{"@id":"https:\/\/www.lumiun.com\/blog\/7-dicas-para-melhorar-a-gestao-do-tempo-na-sua-empresa\/#primaryimage"},"thumbnailUrl":"https:\/\/www.lumiun.com\/blog\/wp-content\/uploads\/7-dicas-para-melhorar-a-gestao-do-tempo-na-sua-empresa-1.jpg","keywords":["controle","dicas","empresas","equipe","gerenciamento de tempo","gestao","internet","lumiun","metas","monitoramento","procrastina\u00e7\u00e3o","produtividade","redes sociais"],"articleSection":["Gest\u00e3o e Produtividade"],"inLanguage":"pt-BR"},{"@type":"WebPage","@id":"https:\/\/www.lumiun.com\/blog\/7-dicas-para-melhorar-a-gestao-do-tempo-na-sua-empresa\/","url":"https:\/\/www.lumiun.com\/blog\/7-dicas-para-melhorar-a-gestao-do-tempo-na-sua-empresa\/","name":"7 dicas para melhorar a gest\u00e3o do tempo na sua empresa","isPartOf":{"@id":"https:\/\/www.lumiun.com\/blog\/#website"},"primaryImageOfPage":{"@id":"https:\/\/www.lumiun.com\/blog\/7-dicas-para-melhorar-a-gestao-do-tempo-na-sua-empresa\/#primaryimage"},"image":{"@id":"https:\/\/www.lumiun.com\/blog\/7-dicas-para-melhorar-a-gestao-do-tempo-na-sua-empresa\/#primaryimage"},"thumbnailUrl":"https:\/\/www.lumiun.com\/blog\/wp-content\/uploads\/7-dicas-para-melhorar-a-gestao-do-tempo-na-sua-empresa-1.jpg","datePublished":"2020-10-30T11:30:31+00:00","dateModified":"2022-05-02T18:00:20+00:00","description":"O tempo \u00e9 um dos ativos mais valiosos que um profissional possui! Veja no artigo 7 dicas para melhorar a gest\u00e3o do tempo na empresa!","breadcrumb":{"@id":"https:\/\/www.lumiun.com\/blog\/7-dicas-para-melhorar-a-gestao-do-tempo-na-sua-empresa\/#breadcrumb"},"inLanguage":"pt-BR","potentialAction":[{"@type":"ReadAction","target":["https:\/\/www.lumiun.com\/blog\/7-dicas-para-melhorar-a-gestao-do-tempo-na-sua-empresa\/"]}]},{"@type":"ImageObject","inLanguage":"pt-BR","@id":"https:\/\/www.lumiun.com\/blog\/7-dicas-para-melhorar-a-gestao-do-tempo-na-sua-empresa\/#primaryimage","url":"https:\/\/www.lumiun.com\/blog\/wp-content\/uploads\/7-dicas-para-melhorar-a-gestao-do-tempo-na-sua-empresa-1.jpg","contentUrl":"https:\/\/www.lumiun.com\/blog\/wp-content\/uploads\/7-dicas-para-melhorar-a-gestao-do-tempo-na-sua-empresa-1.jpg","width":1201,"height":709,"caption":"gest\u00e3o do tempo empresa"},{"@type":"BreadcrumbList","@id":"https:\/\/www.lumiun.com\/blog\/7-dicas-para-melhorar-a-gestao-do-tempo-na-sua-empresa\/#breadcrumb","itemListElement":[{"@type":"ListItem","position":1,"name":"In\u00edcio","item":"https:\/\/www.lumiun.com\/blog\/"},{"@type":"ListItem","position":2,"name":"7 dicas para melhorar a gest\u00e3o do tempo na sua empresa"}]},{"@type":"WebSite","@id":"https:\/\/www.lumiun.com\/blog\/#website","url":"https:\/\/www.lumiun.com\/blog\/","name":"Lumiun Blog","description":"Conte\u00fado sobre gest\u00e3o e seguran\u00e7a da internet para gestores e profissionais de TI","publisher":{"@id":"https:\/\/www.lumiun.com\/blog\/#organization"},"potentialAction":[{"@type":"SearchAction","target":{"@type":"EntryPoint","urlTemplate":"https:\/\/www.lumiun.com\/blog\/?s={search_term_string}"},"query-input":{"@type":"PropertyValueSpecification","valueRequired":true,"valueName":"search_term_string"}}],"inLanguage":"pt-BR"},{"@type":"Organization","@id":"https:\/\/www.lumiun.com\/blog\/#organization","name":"Lumiun Tecnologia","url":"https:\/\/www.lumiun.com\/blog\/","logo":{"@type":"ImageObject","inLanguage":"pt-BR","@id":"https:\/\/www.lumiun.com\/blog\/#\/schema\/logo\/image\/","url":"https:\/\/www.lumiun.com\/blog\/wp-content\/uploads\/logo-lumiun.png","contentUrl":"https:\/\/www.lumiun.com\/blog\/wp-content\/uploads\/logo-lumiun.png","width":1500,"height":930,"caption":"Lumiun Tecnologia"},"image":{"@id":"https:\/\/www.lumiun.com\/blog\/#\/schema\/logo\/image\/"},"sameAs":["https:\/\/www.facebook.com\/LumiunTecnologia\/","https:\/\/www.linkedin.com\/company\/lumiun---cloud-managed-network\/","https:\/\/www.youtube.com\/LumiunNetwork"]},{"@type":"Person","@id":"https:\/\/www.lumiun.com\/blog\/#\/schema\/person\/30ba726a925be4e704df87ac2f3aeb77","name":"Kelvin Zimmer","image":{"@type":"ImageObject","inLanguage":"pt-BR","@id":"https:\/\/www.lumiun.com\/blog\/#\/schema\/person\/image\/","url":"https:\/\/secure.gravatar.com\/avatar\/86b5cf3e5814ca737f2d6ba0be399339?s=96&d=mm&r=g","contentUrl":"https:\/\/secure.gravatar.com\/avatar\/86b5cf3e5814ca737f2d6ba0be399339?s=96&d=mm&r=g","caption":"Kelvin Zimmer"},"description":"Colunista de ciberseguran\u00e7a, especialista em produtividade e Analista de Marketing na Lumiun.","sameAs":["http:\/\/lumiun.com"],"url":"https:\/\/www.lumiun.com\/blog\/author\/kelvin\/"}]}},"_links":{"self":[{"href":"https:\/\/www.lumiun.com\/blog\/wp-json\/wp\/v2\/posts\/2118"}],"collection":[{"href":"https:\/\/www.lumiun.com\/blog\/wp-json\/wp\/v2\/posts"}],"about":[{"href":"https:\/\/www.lumiun.com\/blog\/wp-json\/wp\/v2\/types\/post"}],"author":[{"embeddable":true,"href":"https:\/\/www.lumiun.com\/blog\/wp-json\/wp\/v2\/users\/11"}],"replies":[{"embeddable":true,"href":"https:\/\/www.lumiun.com\/blog\/wp-json\/wp\/v2\/comments?post=2118"}],"version-history":[{"count":21,"href":"https:\/\/www.lumiun.com\/blog\/wp-json\/wp\/v2\/posts\/2118\/revisions"}],"predecessor-version":[{"id":322107,"href":"https:\/\/www.lumiun.com\/blog\/wp-json\/wp\/v2\/posts\/2118\/revisions\/322107"}],"wp:featuredmedia":[{"embeddable":true,"href":"https:\/\/www.lumiun.com\/blog\/wp-json\/wp\/v2\/media\/7670"}],"wp:attachment":[{"href":"https:\/\/www.lumiun.com\/blog\/wp-json\/wp\/v2\/media?parent=2118"}],"wp:term":[{"taxonomy":"category","embeddable":true,"href":"https:\/\/www.lumiun.com\/blog\/wp-json\/wp\/v2\/categories?post=2118"},{"taxonomy":"post_tag","embeddable":true,"href":"https:\/\/www.lumiun.com\/blog\/wp-json\/wp\/v2\/tags?post=2118"}],"curies":[{"name":"wp","href":"https:\/\/api.w.org\/{rel}","templated":true}]}}