{"id":2225,"date":"2024-08-01T09:22:55","date_gmt":"2024-08-01T12:22:55","guid":{"rendered":"https:\/\/www.lumiun.com\/blog\/?p=2225"},"modified":"2024-08-02T08:09:09","modified_gmt":"2024-08-02T11:09:09","slug":"redes-sociais-no-trabalho-produtividade-ou-distracao","status":"publish","type":"post","link":"https:\/\/www.lumiun.com\/blog\/redes-sociais-no-trabalho-produtividade-ou-distracao\/","title":{"rendered":"Redes sociais no trabalho: produtividade ou distra\u00e7\u00e3o?"},"content":{"rendered":"<p><span style=\"font-weight: 400;\">O brasileiro ocupa hoje a segunda posi\u00e7\u00e3o no mundo em n\u00famero de horas nas redes sociais. S\u00e3o pouco mais de nove horas di\u00e1rias conectado na internet e mais de tr\u00eas horas gastas nas redes sociais, segundo <\/span><a href=\"https:\/\/www.hootsuite.com\/pt\/recursos\/digital-trends\"><b>estudo da ag\u00eancia We Are Social<\/b><\/a><span style=\"font-weight: 400;\">. Esse n\u00famero aumentou consideravelmente com o crescimento do trabalho remoto, visto que empresas de diversos setores implementam essa modalidade de trabalho.<\/span><\/p>\n<p><span style=\"font-weight: 400;\">Seria ignor\u00e2ncia pensar que o uso das redes sociais, da internet e, principalmente, do celular n\u00e3o ocorra durante o hor\u00e1rio de trabalho. Claro que existem cargos e fun\u00e7\u00f5es que h\u00e1 a necessidade do uso, mas, na maior parte das organiza\u00e7\u00f5es,<\/span><b> o uso do celular pode causar distra\u00e7\u00f5es,<\/b><span style=\"font-weight: 400;\"> perda de rendimento, acidentes trabalhistas, entre muitos outros problemas.<\/span><\/p>\n<p><span style=\"font-weight: 400;\">Considerando esses fatores, preparamos um material que demonstra a rela\u00e7\u00e3o entre o uso das redes sociais no trabalho e a produtividade.<\/span><\/p>\n<h2 id=\"produtividade\">Produtividade<\/h2>\n<p><picture><source srcset=\"https:\/\/www.lumiun.com\/blog\/wp-content\/webp-express\/webp-images\/uploads\/Artigo-Redes-sociais-distra\u00e7\u00e3o12.jpg.webp 1001w, https:\/\/www.lumiun.com\/blog\/wp-content\/webp-express\/webp-images\/uploads\/Artigo-Redes-sociais-distra\u00e7\u00e3o12-500x175.jpg.webp 500w, https:\/\/www.lumiun.com\/blog\/wp-content\/webp-express\/webp-images\/uploads\/Artigo-Redes-sociais-distra\u00e7\u00e3o12-768x269.jpg.webp 768w, https:\/\/www.lumiun.com\/blog\/wp-content\/webp-express\/webp-images\/uploads\/Artigo-Redes-sociais-distra\u00e7\u00e3o12-380x133.jpg.webp 380w, https:\/\/www.lumiun.com\/blog\/wp-content\/webp-express\/webp-images\/uploads\/Artigo-Redes-sociais-distra\u00e7\u00e3o12-800x281.jpg.webp 800w\" sizes=\"(max-width: 1001px) 100vw, 1001px\" type=\"image\/webp\"><img decoding=\"async\" class=\"alignnone wp-image-5606 size-full webpexpress-processed\" src=\"https:\/\/www.lumiun.com\/blog\/wp-content\/uploads\/Artigo-Redes-sociais-distra\u00e7\u00e3o12.jpg\" alt=\"Redes sociais no trabalho\" width=\"1001\" height=\"351\" srcset=\"https:\/\/www.lumiun.com\/blog\/wp-content\/uploads\/Artigo-Redes-sociais-distra\u00e7\u00e3o12.jpg 1001w, https:\/\/www.lumiun.com\/blog\/wp-content\/uploads\/Artigo-Redes-sociais-distra\u00e7\u00e3o12-500x175.jpg 500w, https:\/\/www.lumiun.com\/blog\/wp-content\/uploads\/Artigo-Redes-sociais-distra\u00e7\u00e3o12-768x269.jpg 768w, https:\/\/www.lumiun.com\/blog\/wp-content\/uploads\/Artigo-Redes-sociais-distra\u00e7\u00e3o12-380x133.jpg 380w, https:\/\/www.lumiun.com\/blog\/wp-content\/uploads\/Artigo-Redes-sociais-distra\u00e7\u00e3o12-800x281.jpg 800w\" sizes=\"(max-width: 1001px) 100vw, 1001px\"><\/picture><\/p>\n<p><span style=\"font-weight: 400;\">As <\/span><b>redes sociais se tornaram uma ferramenta amplamente utilizada em diferentes contextos profissionais<\/b><span style=\"font-weight: 400;\">. Entretanto, embora sejam muito \u00fateis em alguns casos, o uso das <\/span><b>redes sociais no trabalho tamb\u00e9m exercem um grande impacto na produtividade<\/b><span style=\"font-weight: 400;\">.<\/span><\/p>\n<p><span style=\"font-weight: 400;\">Quando utilizadas da maneira correta, as redes sociais ajudam a <\/span><b>facilitar a comunica\u00e7\u00e3o<\/b><span style=\"font-weight: 400;\">, contribuir para a <\/span><b>divulga\u00e7\u00e3o e promo\u00e7\u00e3o da marca da empresa<\/b><span style=\"font-weight: 400;\"> e a oferecer uma <\/span><b>plataforma eficiente para aprendizado cont\u00ednuo<\/b><span style=\"font-weight: 400;\">. Por outro lado, quando utilizadas de forma inadequada ou excessiva, <\/span><b>o colaborador pode perder o foco e prejudicar a sua efici\u00eancia no trabalho<\/b><span style=\"font-weight: 400;\">.<\/span><\/p>\n<p><span style=\"font-weight: 400;\">\u00c9 fundamental haver um\u00a0 <\/span><b>controle efetivo da utiliza\u00e7\u00e3o das redes sociais no ambiente de trabalho<\/b><span style=\"font-weight: 400;\">. Com diretrizes claras sobre o uso dessas ferramentas para fins n\u00e3o profissionais, \u00e9 poss\u00edvel <\/span><b>evitar preju\u00edzos e garantir uma maior produtividade dentro da empresa<\/b><span style=\"font-weight: 400;\">.<\/span><\/p>\n<p><span style=\"font-weight: 400;\">A aus\u00eancia de uma pol\u00edtica clara e definida sobre o assunto pode levar os funcion\u00e1rios a usar essas ferramentas para <\/span><b>assuntos pessoais durante o hor\u00e1rio destinado \u00e0s atividades da empresa<\/b><span style=\"font-weight: 400;\">, causando <\/span><b>dispers\u00e3o e <\/b><a href=\"https:\/\/www.lumiun.com\/blog\/11-dicas-para-reduzir-o-desperdicio-de-tempo-nas-redes-sociais-durante-o-trabalho\/\"><b>desperd\u00edcio de tempo<\/b><\/a><span style=\"font-weight: 400;\">.<\/span><\/p>\n<h3 id=\"ferramentas-e-metodologias-para-uma-gestao-de-tempo-eficiente-diante-das-distracoes-digitais\">Ferramentas e metodologias para uma gest\u00e3o de tempo eficiente diante das distra\u00e7\u00f5es digitais<\/h3>\n<p><span style=\"font-weight: 400;\">O ambiente de trabalho moderno enfrenta um grande desafio: <\/span><b>a gest\u00e3o de tempo<\/b><span style=\"font-weight: 400;\">. Sendo assim, com o crescimento e prolifera\u00e7\u00e3o das distra\u00e7\u00f5es digitais, h\u00e1 um risco significativo para a <\/span><b>produtividade e efici\u00eancia durante as atividades de trabalho<\/b><span style=\"font-weight: 400;\">. Por essa raz\u00e3o, \u00e9 fundamental adotar ferramentas e metodologias para garantir uma <\/span><b>gest\u00e3o de tempo eficiente<\/b><span style=\"font-weight: 400;\">, evitar distra\u00e7\u00f5es digitais, estabelecer prazos, priorizar tarefas e aumentar a efici\u00eancia.<\/span><\/p>\n<p><span style=\"font-weight: 400;\">Assim, recursos como o <\/span><a href=\"https:\/\/trello.com\/pt-BR\"><b>Trello<\/b><\/a><b> e o <\/b><a href=\"https:\/\/asana.com\/pt?noredirect=\"><b>Asana<\/b><\/a><b> s\u00e3o essenciais para ajudar na organiza\u00e7\u00e3o das tarefas e no acompanhamento do progresso das atividades<\/b><span style=\"font-weight: 400;\">. Com a ajuda dessas plataformas, os colaboradores conseguem melhorar o seu dia a dia e <\/span><b>evitar a perda de tempo e improdutividade causada pelas redes sociais<\/b><span style=\"font-weight: 400;\">.<\/span><\/p>\n<p><span style=\"font-weight: 400;\">A <a href=\"https:\/\/tecnicapomodoro.com.br\/#google_vignette\"><b>t\u00e9cnica Pomodoro<\/b><\/a>, e similares otimizam o trabalho ao combinar per\u00edodos de concentra\u00e7\u00e3o com curtos intervalos, promovem um ambiente de trabalho mais saud\u00e1vel e eficiente.\u00a0<\/span><\/p>\n<p><span style=\"font-weight: 400;\">Outra metodologia muito eficiente \u00e9 a <\/span><a href=\"https:\/\/www.totvs.com\/blog\/negocios\/matriz-de-eisenhower\/\"><b>Matriz de Eisenhower<\/b><\/a><span style=\"font-weight: 400;\">, que ajuda na categoriza\u00e7\u00e3o das tarefas com base na sua import\u00e2ncia e urg\u00eancia, permitindo que os colaboradores estabele\u00e7am <\/span><b>prioridades realistas<\/b><span style=\"font-weight: 400;\">. Assim, aliando essas ferramentas e metodologias, e contando com <\/span><b>aplicativos de <\/b><a href=\"https:\/\/www.lumiun.com\/blog\/vantagens-e-desvantagens-de-controlar-e-bloquear-o-acesso-as-redes-sociais-no-trabalho\/\"><b>bloqueio de distra\u00e7\u00f5es<\/b><\/a><span style=\"font-weight: 400;\">, \u00e9 poss\u00edvel <\/span><b>limitar o acesso \u00e0s redes sociais durante o hor\u00e1rio de trabalho<\/b><span style=\"font-weight: 400;\">, mantendo o foco nas tarefas importantes.<\/span><\/p>\n<h2 id=\"redes-sociais\">Redes Sociais<\/h2>\n<p><picture><source srcset=\"https:\/\/www.lumiun.com\/blog\/wp-content\/webp-express\/webp-images\/uploads\/Artigo-Redes-sociais-distra\u00e7\u00e3o678.jpg.webp 1001w, https:\/\/www.lumiun.com\/blog\/wp-content\/webp-express\/webp-images\/uploads\/Artigo-Redes-sociais-distra\u00e7\u00e3o678-500x175.jpg.webp 500w, https:\/\/www.lumiun.com\/blog\/wp-content\/webp-express\/webp-images\/uploads\/Artigo-Redes-sociais-distra\u00e7\u00e3o678-768x269.jpg.webp 768w, https:\/\/www.lumiun.com\/blog\/wp-content\/webp-express\/webp-images\/uploads\/Artigo-Redes-sociais-distra\u00e7\u00e3o678-380x133.jpg.webp 380w, https:\/\/www.lumiun.com\/blog\/wp-content\/webp-express\/webp-images\/uploads\/Artigo-Redes-sociais-distra\u00e7\u00e3o678-800x281.jpg.webp 800w\" sizes=\"(max-width: 1001px) 100vw, 1001px\" type=\"image\/webp\"><img decoding=\"async\" class=\"alignnone wp-image-5609 size-full webpexpress-processed\" src=\"https:\/\/www.lumiun.com\/blog\/wp-content\/uploads\/Artigo-Redes-sociais-distra\u00e7\u00e3o678.jpg\" alt=\"Redes sociais no trabalho\" width=\"1001\" height=\"351\" srcset=\"https:\/\/www.lumiun.com\/blog\/wp-content\/uploads\/Artigo-Redes-sociais-distra\u00e7\u00e3o678.jpg 1001w, https:\/\/www.lumiun.com\/blog\/wp-content\/uploads\/Artigo-Redes-sociais-distra\u00e7\u00e3o678-500x175.jpg 500w, https:\/\/www.lumiun.com\/blog\/wp-content\/uploads\/Artigo-Redes-sociais-distra\u00e7\u00e3o678-768x269.jpg 768w, https:\/\/www.lumiun.com\/blog\/wp-content\/uploads\/Artigo-Redes-sociais-distra\u00e7\u00e3o678-380x133.jpg 380w, https:\/\/www.lumiun.com\/blog\/wp-content\/uploads\/Artigo-Redes-sociais-distra\u00e7\u00e3o678-800x281.jpg 800w\" sizes=\"(max-width: 1001px) 100vw, 1001px\"><\/picture><\/p>\n<p>&nbsp;<\/p>\n<p><span style=\"font-weight: 400;\">Como mencionado\u00a0 anteriormente, as redes sociais podem ser utilizadas de maneira estrat\u00e9gica no dia a dia da empresa, contribuindo para o <\/span><b>marketing digital<\/b><span style=\"font-weight: 400;\">, <\/span><b>comunica\u00e7\u00e3o com os clientes<\/b><span style=\"font-weight: 400;\"> e <\/span><b>networking<\/b><span style=\"font-weight: 400;\">. No entanto, quando n\u00e3o utilizadas com uma fun\u00e7\u00e3o determinada e relacionada \u00e0 empresa, as redes sociais no trabalho podem se tornar uma fonte constante de <\/span><b>distra\u00e7\u00f5es<\/b><span style=\"font-weight: 400;\">, desviando n\u00e3o s\u00f3 a aten\u00e7\u00e3o dos funcion\u00e1rios, mas tamb\u00e9m colocando em risco a <\/span><b>seguran\u00e7a cibern\u00e9tica da organiza\u00e7\u00e3o<\/b><span style=\"font-weight: 400;\">.<\/span><\/p>\n<p><span style=\"font-weight: 400;\">Sem a regulamenta\u00e7\u00e3o adequada, as redes sociais no trabalho podem se tornar um verdadeiro problema. Sendo assim, \u00e9 fundamental que as organiza\u00e7\u00f5es <\/span><b>estabele\u00e7am diretrizes precisas e comuniquem-nas aos colaboradores de forma clara e constante<\/b><span style=\"font-weight: 400;\">, incentivando o uso respons\u00e1vel dessas ferramentas e o foco nas atividades profissionais.\u00a0<\/span><\/p>\n<p><span style=\"font-weight: 400;\">Assim, para contribuir com esse processo de controle, as empresas podem utilizar <\/span><b>ferramentas de monitoramento e bloqueio de recursos digitais<\/b><span style=\"font-weight: 400;\">. Essas solu\u00e7\u00f5es auxiliam no controle de acesso a plataformas como as redes sociais, minimizando as distra\u00e7\u00f5es e os riscos \u00e0 seguran\u00e7a da informa\u00e7\u00e3o.\u00a0<\/span><\/p>\n<h2 id=\"distracao-e-perda-de-foco-com-as-redes-sociais\">Distra\u00e7\u00e3o e perda de foco com as redes sociais<\/h2>\n<p><span style=\"font-weight: 400;\">As redes sociais s\u00e3o projetadas para maximizar o tempo que\u00a0 os usu\u00e1rios passam em suas plataformas. Essa caracter\u00edstica, combinada com a facilidade de acesso, pode levar os colaboradores a se distra\u00edrem com <\/span><b>atualiza\u00e7\u00f5es pessoais<\/b><span style=\"font-weight: 400;\">, intera\u00e7\u00f5es sociais ou conte\u00fados irrelevantes, prejudicando a produtividade no trabalho.<\/span><\/p>\n<p><span style=\"font-weight: 400;\">Ou seja, a <\/span><b>troca constante de tarefas, conhecida como <\/b><a href=\"https:\/\/www.oficinadepsicologia.com\/o-multitasking-o-que-e-realidade-e-o-que-e-ilusao\/\"><b>multitasking<\/b><\/a><span style=\"font-weight: 400;\">, pode causar um grande impacto na produtividade da empresa. Quando os colaboradores alternam constantemente entre as tarefas de trabalho e as redes sociais, o c\u00e9rebro pode levar mais tempo para ajustar o foco, resultando em <\/span><b>perda de tempo e erros nos processos<\/b><span style=\"font-weight: 400;\">. Al\u00e9m disso, o multitasking tamb\u00e9m pode <\/span><b>aumentar os n\u00edveis de estresse<\/b><span style=\"font-weight: 400;\">, fazendo com que os colaboradores se sintam sobrecarregados com o gerenciamento de m\u00faltiplas fontes de informa\u00e7\u00e3o.<\/span><\/p>\n<p><span style=\"font-weight: 400;\">Nesse sentido, \u00e9 crucial que a empresa estabele\u00e7a um ambiente de trabalho que minimize as <\/span><b>distra\u00e7\u00f5es digitais<\/b><span style=\"font-weight: 400;\">. Assim, isso pode incluir a cria\u00e7\u00e3o de <\/span><b>zonas livres de dispositivos<\/b><span style=\"font-weight: 400;\">, a <\/span><b>implementa\u00e7\u00e3o de pausas regulares<\/b><span style=\"font-weight: 400;\"> para que os colaboradores verifiquem as redes sociais de forma controlada e a <\/span><b>promo\u00e7\u00e3o de uma cultura de foco e produtividade<\/b><span style=\"font-weight: 400;\">.<\/span><\/p>\n<h3 id=\"notificacoes-constantes-e-multitasking-a-armadilha-da-atencao-fragmentada\">Notifica\u00e7\u00f5es constantes e multitasking: a armadilha da aten\u00e7\u00e3o fragmentada<\/h3>\n<p><span style=\"font-weight: 400;\">As<\/span><a href=\"https:\/\/www.lumiun.com\/blog\/aplicativos-de-mensagens-e-redes-sociais-liberar-o-acesso-na-empresa\/\"> <b>notifica\u00e7\u00f5es constantes<\/b><\/a><b> nas redes sociais s\u00e3o uma verdadeira armadilha para a aten\u00e7\u00e3o dos colaboradores<\/b><span style=\"font-weight: 400;\">. Cada alerta, seja de uma nova mensagem ou atualiza\u00e7\u00e3o pode causar interrup\u00e7\u00f5es significativas no fluxo de trabalho, <\/span><b>fragmentando a aten\u00e7\u00e3o do indiv\u00edduo e prejudicando a qualidade das tarefas realizadas.<\/b><\/p>\n<p><span style=\"font-weight: 400;\">Segundo, <\/span><a href=\"https:\/\/www.wsj.com\/articles\/SB10001424127887324339204578173252223022388\"><b>pesquisa realizada pelo Wall Street Journal<\/b><\/a><span style=\"font-weight: 400;\">, a aten\u00e7\u00e3o \u00e9 retomada ap\u00f3s pelo menos <\/span><b>23 minutos da interrup\u00e7\u00e3o<\/b><span style=\"font-weight: 400;\">, demonstrando quanto tempo pode ser perdido com essas notifica\u00e7\u00f5es excessivas. Ou seja, esse ciclo cont\u00ednuo de distra\u00e7\u00f5es reduz significativamente a <\/span><b>produtividade e a qualidade das tarefas realizadas no dia a dia<\/b><span style=\"font-weight: 400;\">.<\/span><\/p>\n<p><span style=\"font-weight: 400;\">Al\u00e9m disso, o <\/span><b>multitasking, embora tenha sido incentivado por muitos anos, prejudica a qualidade e o rendimento do trabalho<\/b><span style=\"font-weight: 400;\">. Quando os colaboradores alternam entre diferentes atividades com diferentes focos, \u00e9 poss\u00edvel que n\u00e3o consigam se dedicar plenamente a nenhuma delas.<\/span><\/p>\n<p><span style=\"font-weight: 400;\">Para evitar a aten\u00e7\u00e3o fragmentada, \u00e9 necess\u00e1rio <\/span><b>estabelecer per\u00edodos de trabalho sem interrup\u00e7\u00f5es externas<\/b><span style=\"font-weight: 400;\">, podendo ser atrav\u00e9s de <\/span><b>pol\u00edticas de horas de foco<\/b><span style=\"font-weight: 400;\">, <\/span><b>aplicativos voltados para produtividade<\/b><span style=\"font-weight: 400;\"> e at\u00e9 mesmo <\/span><b>controle e bloqueio de redes sociais<\/b><span style=\"font-weight: 400;\">. Tamb\u00e9m \u00e9 necess\u00e1rio <\/span><b>educar os colaboradores sobre os efeitos negativos do multitasking<\/b><span style=\"font-weight: 400;\"> para ajudar a adotar uma abordagem direcionada nas tarefas relevantes, evitando distra\u00e7\u00f5es no ambiente digital.<\/span><\/p>\n<h3 id=\"como-as-redes-sociais-fragmentam-a-atencao-e-reduzem-a-capacidade-de-concentracao-no-trabalho\">Como as redes sociais fragmentam a aten\u00e7\u00e3o e reduzem a capacidade de concentra\u00e7\u00e3o no trabalho<\/h3>\n<p><span style=\"font-weight: 400;\">As redes sociais s\u00e3o projetadas para capturar e reter a aten\u00e7\u00e3o dos usu\u00e1rios atrav\u00e9s de <\/span><b>atualiza\u00e7\u00f5es constantes<\/b><span style=\"font-weight: 400;\"> e <\/span><b>conte\u00fados altamente engajadores<\/b><span style=\"font-weight: 400;\">. Essa din\u00e2mica, embora eficaz para as plataformas, pode prejudicar a concentra\u00e7\u00e3o em tarefas prolongadas no ambiente de trabalho.<\/span><\/p>\n<p><span style=\"font-weight: 400;\">Isso significa que a <\/span><b>fragmenta\u00e7\u00e3o da aten\u00e7\u00e3o<\/b><span style=\"font-weight: 400;\"> causada pelas plataformas de redes sociais n\u00e3o s\u00f3 interrompe o fluxo de trabalho, como tamb\u00e9m torna o processamento de informa\u00e7\u00f5es mais superficial, dificultando a realiza\u00e7\u00e3o de atividades que exigem an\u00e1lise e pensamento cr\u00edtico.<\/span><\/p>\n<p><span style=\"font-weight: 400;\">Assim, os <\/span><a href=\"https:\/\/sebrae.com.br\/sites\/PortalSebrae\/artigos\/como-funcionam-os-algoritmos-das-redes-sociais,d747b240aba76810VgnVCM1000001b00320aRCRD\"><b>algoritmos<\/b><\/a><b> que promovem conte\u00fados mais relevantes ou populares<\/b><span style=\"font-weight: 400;\"> podem causar um verdadeiro v\u00edcio de checagem constante. Os colaboradores podem se sentir cada vez mais compelidos a verificar as redes sociais repetidamente, mesmo sem as notifica\u00e7\u00f5es. Essa quebra de foco prejudica a continuidade das tarefas essenciais da empresa.\u00a0<\/span><\/p>\n<p><span style=\"font-weight: 400;\">\u00c9 necess\u00e1rio promover a <\/span><b>conscientiza\u00e7\u00e3o dos colaboradores sobre os impactos das redes sociais no foco e concentra\u00e7\u00e3o<\/b><span style=\"font-weight: 400;\">. Workshops e treinamentos ajudam a entender como distra\u00e7\u00f5es afetam a produtividade e a import\u00e2ncia de manter o foco.\u00a0\u00a0<\/span><\/p>\n<h3 id=\"redes-sociais-como-portais-para-o-mundo-exterior-a-tentacao-da-procrastinacao\">Redes sociais como portais para o mundo exterior: a tenta\u00e7\u00e3o da procrastina\u00e7\u00e3o<\/h3>\n<p><span style=\"font-weight: 400;\">Nas redes sociais, podemos encontrar uma infinidade de <\/span><b>conte\u00fados atraentes e variados<\/b><span style=\"font-weight: 400;\">, que podem ser tentadores e nos levar \u00e0 procrastina\u00e7\u00e3o. Sendo assim, o f\u00e1cil acesso a v\u00eddeos e informa\u00e7\u00f5es facilita a distra\u00e7\u00e3o com tarefas n\u00e3o relacionadas ao trabalho, agravado pela press\u00e3o constante.<\/span><\/p>\n<p><span style=\"font-weight: 400;\">A procrastina\u00e7\u00e3o motivada pelas redes sociais \u00e9 um problema comum que leva \u00e0 <\/span><b>redu\u00e7\u00e3o da produtividade<\/b><span style=\"font-weight: 400;\">, <\/span><b>perda da qualidade<\/b><span style=\"font-weight: 400;\"> e <\/span><b>atraso na conclus\u00e3o de tarefas<\/b><span style=\"font-weight: 400;\">. Quando os colaboradores focam em atividades irrelevantes, eles n\u00e3o s\u00f3 perdem tempo, como tamb\u00e9m sofrem uma <\/span><b>quebra de ritmo<\/b><span style=\"font-weight: 400;\">, tornando a retomada do trabalho cada vez mais dif\u00edcil.<\/span><\/p>\n<p><span style=\"font-weight: 400;\">O <\/span><b>controle de acesso \u00e0 internet<\/b><span style=\"font-weight: 400;\"> pode ser uma medida eficaz no combate \u00e0 procrastina\u00e7\u00e3o. Al\u00e9m disso, promover uma cultura organizacional que valorize a <\/span><b>responsabilidade e transpar\u00eancia<\/b><span style=\"font-weight: 400;\"> \u00e9 fundamental.\u00a0 Ao estabelecerem <\/span><b>metas claras e prazos<\/b><span style=\"font-weight: 400;\"> para suas atividades, os colaboradores se sentem mais motivados e produtivos. Al\u00e9m disso, feedbacks constantes e regulares sobre os processos ajudam a manter todos os colaboradores <\/span><b>focados<\/b><span style=\"font-weight: 400;\">, <\/span><b>produtivos<\/b><span style=\"font-weight: 400;\"> e <\/span><b>engajados<\/b><span style=\"font-weight: 400;\"> com as tarefas da empresa.<\/span><\/p>\n<h4 id=\"o-fascinio-por-conteudos-irrelevantes-e-a-dificuldade-em-se-manter-focado-nas-tarefas\">O fasc\u00ednio por conte\u00fados irrelevantes e a dificuldade em se manter focado nas tarefas<\/h4>\n<p><span style=\"font-weight: 400;\">Embora possam ser divertidos, os <\/span><b>conte\u00fados irrelevantes<\/b><span style=\"font-weight: 400;\"> s\u00e3o uma das principais raz\u00f5es pelas quais as redes sociais se tornam um verdadeiro problema no ambiente de trabalho. Ou seja, a variedade de conte\u00fados nas redes sociais captura a aten\u00e7\u00e3o dos colaboradores, desviando-os das tarefas de trabalho.\u00a0<\/span><\/p>\n<p><span style=\"font-weight: 400;\">Esses conte\u00fados irrelevantes podem proporcionar uma sensa\u00e7\u00e3o tempor\u00e1ria de <\/span><b>fuga das press\u00f5es do ambiente de trabalho<\/b><span style=\"font-weight: 400;\">, mas causam problemas a longo prazo. O resultado \u00e9 uma <\/span><b>menor efici\u00eancia e produtividade<\/b><span style=\"font-weight: 400;\">, al\u00e9m de frustra\u00e7\u00f5es e insatisfa\u00e7\u00f5es.<\/span><\/p>\n<p><span style=\"font-weight: 400;\">Al\u00e9m disso, a <\/span><b>dificuldade de retomar o foco<\/b><span style=\"font-weight: 400;\"> ap\u00f3s o consumo desse tipo de conte\u00fado pode levar o colaborador a executar suas tarefas de forma superficial, com menor aten\u00e7\u00e3o aos detalhes. Assim, o <\/span><b>consumo excessivo desses conte\u00fados<\/b><span style=\"font-weight: 400;\">, aliado \u00e0 altern\u00e2ncia constante entre tarefas, tamb\u00e9m pode afetar a capacidade de pensamento cr\u00edtico e resolu\u00e7\u00e3o de problemas.<\/span><\/p>\n<h3 id=\"conversas-e-interacoes-online-a-seducao-da-comunicacao-pessoal\">Conversas e intera\u00e7\u00f5es online: a sedu\u00e7\u00e3o da comunica\u00e7\u00e3o pessoal<\/h3>\n<p><span style=\"font-weight: 400;\">A <strong>comunica\u00e7\u00e3o constante pelas redes sociais<\/strong>, como <a href=\"https:\/\/www.lumiun.com\/blog\/aplicativos-de-mensagens-e-redes-sociais-liberar-o-acesso-na-empresa\/\"><b>WhatsApp<\/b><\/a>, Facebook e Instagram, pode desviar a aten\u00e7\u00e3o dos colaboradores das suas responsabilidades.Ou seja, esse uso excessivo para fins pessoais pode comprometer a produtividade e o foco no trabalho.\u00a0<\/span><\/p>\n<p><span style=\"font-weight: 400;\">A situa\u00e7\u00e3o se agrava quando as redes sociais abordam assuntos <\/span><b>emocionalmente ou potencialmente problem\u00e1ticos<\/b><span style=\"font-weight: 400;\">, distraindo os colaboradores e reduzindo seu foco nas tarefas da empresa. A informalidade dessas intera\u00e7\u00f5es pode criara impress\u00e3o err\u00f4nea de que gastar tempo em assuntos pessoais \u00e9 aceit\u00e1vel, comprometendo a efici\u00eancia.\u00a0<\/span><\/p>\n<p><span style=\"font-weight: 400;\">Assim, a implementa\u00e7\u00e3o de uma <\/span><b>pol\u00edtica que defina claramente o uso das redes sociais e a comunica\u00e7\u00e3o pessoal durante o expediente<\/b><span style=\"font-weight: 400;\"> pode ajudar a estabelecer expectativas e limites. Al\u00e9m disso, a\u00a0 <\/span><b>educa\u00e7\u00e3o sobre o impacto da comunica\u00e7\u00e3o pessoal nas atividades de trabalho<\/b><span style=\"font-weight: 400;\"> tamb\u00e9m \u00e9 crucial para manter um ambiente produtivo.<\/span><\/p>\n<h4 id=\"o-uso-das-redes-sociais-para-fins-pessoais-durante-o-expediente-um-convite-a-improdutividade\">O uso das redes sociais para fins pessoais durante o expediente: um convite \u00e0 improdutividade<\/h4>\n<p><span style=\"font-weight: 400;\">O uso irrestrito das redes sociais durante o expediente pode diminuir a produtividade e o foco dos colaboradores, impactando negativamente os resultados da empresa.\u00a0<\/span><\/p>\n<p><span style=\"font-weight: 400;\">Ou seja, esse comportamento pode gerar um <\/span><b>ciclo de improdutividade<\/b><span style=\"font-weight: 400;\">, no qual o colaborador se distrai por longos per\u00edodos, o que impacta diretamente na entrega das suas atividades. O impacto negativo das redes sociais sobre a produtividade pode ser mais severo em cargos que exigem <\/span><b>aten\u00e7\u00e3o constante e habilidades de foco<\/b><span style=\"font-weight: 400;\">. Al\u00e9m disso, essa pr\u00e1tica pode influenciar negativamente outros colaboradores, criando um ambiente de trabalho onde as distra\u00e7\u00f5es digitais se tornam comuns.<\/span><\/p>\n<p><span style=\"font-weight: 400;\">Para minimizar esse problema, \u00e9 fundamental implementar uma <\/span><b>pol\u00edtica clara\u00a0 de uso das redes sociais<\/b><span style=\"font-weight: 400;\"> e oferecer\u00a0 <\/span><b>treinamentos que enfatizem a import\u00e2ncia da concentra\u00e7\u00e3o e foco nas tarefas<\/b><span style=\"font-weight: 400;\">. Al\u00e9m disso, a ado\u00e7\u00e3o de ferramentas para <\/span><b>monitorar o uso dessas plataformas pode auxiliar no controle do tempo dedicado a atividades pessoais durante o expediente.<\/b><\/p>\n<h3 id=\"excesso-de-informacao-e-sobrecarga-mental-a-sindrome-da-fomo-fear-of-missing-out\">Excesso de informa\u00e7\u00e3o e sobrecarga mental: a s\u00edndrome da FOMO (Fear of Missing Out)<\/h3>\n<p><span style=\"font-weight: 400;\">A <\/span><a href=\"https:\/\/g1.globo.com\/saude\/noticia\/2023\/02\/13\/fomo-saiba-mais-sobre-a-sindrome-do-medo-de-ficar-de-fora-principalmente-do-mundo-digital.ghtml\"><b>s\u00edndrome da FOMO<\/b><\/a><b> (Fear of Missing Out)<\/b><span style=\"font-weight: 400;\"> \u00e9 um fen\u00f4meno crescente na era digital, onde os indiv\u00edduos experimentam uma <\/span><b>sensa\u00e7\u00e3o constante de que est\u00e3o perdendo algo importante<\/b><span style=\"font-weight: 400;\">. Esse fen\u00f4meno pode causar uma <\/span><a href=\"https:\/\/www.emerald.com\/insight\/content\/doi\/10.1108\/ITP-10-2016-0237\/full\/html\"><b>sobrecarga mental<\/b><\/a><b> significativa<\/b><span style=\"font-weight: 400;\">, impactando a produtividade e a qualidade do trabalho.<\/span><\/p>\n<p><span style=\"font-weight: 400;\">O <\/span><b>excesso de informa\u00e7\u00f5es e a constante atualiza\u00e7\u00e3o de feeds nas redes sociais<\/b><span style=\"font-weight: 400;\"> podem gerar uma sobrecarga mental significativa, causando estresse e ansiedade nos colaboradores. A sobrecarga de informa\u00e7\u00f5es pode comprometer a tomada de decis\u00e3o e criar distra\u00e7\u00e3o cont\u00ednua, prejudicando a produtividade.\u00a0<\/span><\/p>\n<p><span style=\"font-weight: 400;\">Para combater a s\u00edndrome da FOMO, \u00e9 importante que as empresas implementem <\/span><b>estrat\u00e9gias de gerenciamento de informa\u00e7\u00f5es<\/b><span style=\"font-weight: 400;\"> e promovam uma <\/span><b>cultura de foco e efici\u00eancia<\/b><span style=\"font-weight: 400;\">. Isso pode incluir a <\/span><b>limita\u00e7\u00e3o do tempo dedicado ao consumo de informa\u00e7\u00f5es n\u00e3o relacionadas ao trabalho<\/b><span style=\"font-weight: 400;\"> e a promo\u00e7\u00e3o de <\/span><b>per\u00edodos de desconex\u00e3o digital<\/b><span style=\"font-weight: 400;\"> para permitir que os colaboradores se concentrem em suas tarefas.<\/span><\/p>\n<p><span style=\"font-weight: 400;\">Al\u00e9m disso, <\/span><b>incentivar pr\u00e1ticas de autocuidado e oferecer suporte psicol\u00f3gico<\/b><span style=\"font-weight: 400;\"> pode ajudar a minimizar o impacto da s\u00edndrome da FOMO na sa\u00fade mental e na <\/span><a href=\"https:\/\/www.tandfonline.com\/doi\/full\/10.1080\/0144929X.2022.2094833\"><b>produtividade dos colaboradores<\/b><\/a><span style=\"font-weight: 400;\">.<\/span><\/p>\n<h2 id=\"dicas-para-reduzir-o-impacto-das-redes-sociais-no-ambiente-de-trabalho\">Dicas para reduzir o impacto das redes sociais no ambiente de trabalho<\/h2>\n<p><span style=\"font-weight: 400;\">Para minimizar o impacto das redes sociais e garantir a produtividade, \u00e9<strong> essencial ter uma pol\u00edtica clara sobre seu uso durante o hor\u00e1rio de trabalho<\/strong>. As empresas devem definir expectativas claras para reduzir a ambiguidade e promover um ambiente de trabalho mais disciplinado.\u00a0\u00a0<\/span><\/p>\n<p><span style=\"font-weight: 400;\">Al\u00e9m dessas pol\u00edticas, \u00e9 \u00fatil implementar ferramentas que ajudem os funcion\u00e1rios a gerenciar o uso das redes sociais. <\/span><span style=\"font-weight: 400;\">Existem aplicativos que <\/span><b>limitam o tempo gasto em sites de redes sociais<\/b><span style=\"font-weight: 400;\"> ou <\/span><b>bloqueiam o acesso durante certos per\u00edodos<\/b><span style=\"font-weight: 400;\">. Quando essas ferramentas n\u00e3o s\u00e3o suficientes, a empresa deve adotar uma solu\u00e7\u00e3o mais estrat\u00e9gica e inteligente, como <\/span><b>ferramentas de controle de acesso a determinados sites e conte\u00fados<\/b><span style=\"font-weight: 400;\">.<\/span><\/p>\n<p><span style=\"font-weight: 400;\">Al\u00e9m disso, <\/span><b>incentivar pausas regulares e desconex\u00e3o digital, uma cultura de pausas regulares e desconex\u00e3o digital<\/b><span style=\"font-weight: 400;\"> ajudar\u00e1 os colaboradores a se afastarem das telas durante a realiza\u00e7\u00e3o das tarefas importantes, combatendo o desejo constante de verificar as plataformas durante o hor\u00e1rio de trabalho. O resultado esperado \u00e9 uma melhora no foco e na produtividade dos trabalhadores, al\u00e9m de benef\u00edcios significativos para sua sa\u00fade e bem-estar.<\/span><\/p>\n<h4 id=\"para-te-ajudar-aqui-estao-algumas-dicas-sobre-como-usar-as-redes-sociais-de-forma-responsavel-no-ambiente-de-trabalho\">Para te ajudar, aqui est\u00e3o algumas dicas sobre como usar as redes sociais de forma\u00a0 respons\u00e1vel no ambiente de trabalho:<\/h4>\n<ul>\n<li style=\"font-weight: 400;\" aria-level=\"1\"><span style=\"font-weight: 400;\">Foco em uma rede social por vez: Estar conectado a v\u00e1rias redes sociais ao mesmo tempo pode dispersar sua aten\u00e7\u00e3o. Concentre-se em uma rede social e<\/span><b> verifique as notifica\u00e7\u00f5es apenas para identificar se s\u00e3o realmente importantes.<\/b><span style=\"font-weight: 400;\">\u00a0<\/span><\/li>\n<li style=\"font-weight: 400;\" aria-level=\"1\"><span style=\"font-weight: 400;\">Gerencie conversas em aplicativos de mensagens: Aplicativos como WhatsApp e Telegram podem ser grandes fontes de distra\u00e7\u00e3o. Evite responder a conversas que n\u00e3o sejam relevantes para o trabalho.<\/span><\/li>\n<li style=\"font-weight: 400;\" aria-level=\"1\"><span style=\"font-weight: 400;\">Controle as notifica\u00e7\u00f5es: Deixar redes sociais abertas e com notifica\u00e7\u00f5es constantes pode dar a impress\u00e3o de que voc\u00ea est\u00e1 livre para responder. Reserve hor\u00e1rios espec\u00edficos para verificar mensagens e notifica\u00e7\u00f5es, como durante o intervalo para almo\u00e7o ou um lanche.<\/span><\/li>\n<li style=\"font-weight: 400;\" aria-level=\"1\"><span style=\"font-weight: 400;\">Evite notifica\u00e7\u00f5es por e-mail: Receber notifica\u00e7\u00f5es de redes sociais em seu e-mail corporativo pode ser uma grande distra\u00e7\u00e3o, especialmente se voc\u00ea usa o e-mail com frequ\u00eancia. <\/span><b>Configure suas contas para n\u00e3o enviar estas notifica\u00e7\u00f5es para seu e-mail corporativo.<\/b><\/li>\n<li style=\"font-weight: 400;\" aria-level=\"1\"><span style=\"font-weight: 400;\">N\u00e3o mantenha o celular sempre \u00e0 m\u00e3o: Ter o celular ao alcance o tempo todo pode levar \u00e0 curiosidade constante sobre notifica\u00e7\u00f5es. Mantenha o celular longe de sua vista e das suas m\u00e3os para evitar distra\u00e7\u00f5es desnecess\u00e1rias.<\/span><\/li>\n<li style=\"font-weight: 400;\" aria-level=\"1\"><span style=\"font-weight: 400;\">Use o modo vibrar com modera\u00e7\u00e3o: O modo vibrar pode parecer menos intrusivo, <\/span><b>mas ainda pode interromper sua concentra\u00e7\u00e3o<\/b><span style=\"font-weight: 400;\">. Configure-o para que apenas chamadas importantes vibrem e evite atender contatos que n\u00e3o sejam urgentes.<\/span><\/li>\n<\/ul>\n<h2 id=\"politica-de-uso-do-celular-no-ambiente-de-trabalho\">Pol\u00edtica de uso do celular no ambiente de trabalho<\/h2>\n<p><span style=\"font-weight: 400;\">Uma <\/span><b>pol\u00edtica efetiva\u00a0 sobre o uso do celular no ambiente de trabalho<\/b><span style=\"font-weight: 400;\"> deve ser adaptada \u00e0s caracter\u00edsticas espec\u00edficas de cada empresa e de suas atividades. Uma <\/span><b>pol\u00edtica bem definida<\/b><span style=\"font-weight: 400;\"> ajuda a regular o uso de dispositivos m\u00f3veis e o acesso \u00e0s redes sociais durante o hor\u00e1rio de trabalho, sem interferir na produtividade dos colaboradores.<\/span><\/p>\n<p><span style=\"font-weight: 400;\">As empresas podem utilizar recursos como o<\/span><a href=\"https:\/\/br.lumiun.com\/modelo-documento-uso-celular-empresa\"> <b>modelo de documento de uso de celular<\/b><\/a><span style=\"font-weight: 400;\">, que oferece diretrizes e exemplos pr\u00e1ticos para a implementa\u00e7\u00e3o da pol\u00edtica na organiza\u00e7\u00e3o. \u00c9 essencial <\/span><b>comunicar essa pol\u00edtica de maneira transparente<\/b><span style=\"font-weight: 400;\"> e proporcionar f\u00e1cil acesso para todos os colaboradores, realizando <\/span><b>sess\u00f5es de treinamento<\/b><span style=\"font-weight: 400;\"> para garantir que todos compreendam as regras e as raz\u00f5es por tr\u00e1s delas.<\/span><\/p>\n<p><span style=\"font-weight: 400;\">Os colaboradores devem entender que a implementa\u00e7\u00e3o de uma pol\u00edtica de uso de celular n\u00e3o \u00e9 uma estrat\u00e9gia punitiva, mas sim uma ferramenta para proporcionar um <\/span><b>ambiente de trabalho mais harmonioso e eficiente<\/b><span style=\"font-weight: 400;\">. A empresa deve estar disposta a <\/span><b>receber feedback dos colaboradores e ajustar as pol\u00edticas conforme necess\u00e1rio<\/b><span style=\"font-weight: 400;\"> para alcan\u00e7ar um equil\u00edbrio.<\/span><\/p>\n<p><span style=\"font-weight: 400;\">Entretanto, de acordo com uma<\/span><a href=\"https:\/\/www.pewresearch.org\/internet\/2016\/06\/22\/social-media-and-the-workplace\/\"><b> pesquisa realizada pela Pew Research Center<\/b><\/a><span style=\"font-weight: 400;\">, 77% dos trabalhadores utilizam as redes sociais independentemente dessas pol\u00edticas, sugerindo que a efic\u00e1cia dessas medidas pode variar. Por essa raz\u00e3o, a implementa\u00e7\u00e3o de outras solu\u00e7\u00f5es se faz necess\u00e1ria, como \u00e9 o caso do<\/span><b> controle de acesso \u00e0 internet.<\/b><\/p>\n<h2 id=\"redes-sociais-no-trabalho-desafios-e-solucoes-para-a-produtividade\">Redes sociais no trabalho: desafios e solu\u00e7\u00f5es para a produtividade<\/h2>\n<p><span style=\"font-weight: 400;\">As redes sociais podem prejudicar a produtividade no trabalho, com distra\u00e7\u00f5es que reduzem a efici\u00eancia e causam erros. Notifica\u00e7\u00f5es constantes e tenta\u00e7\u00e3o de verificar atualiza\u00e7\u00f5es interrompem o fluxo de trabalho, afetam o foco e podem levar a problemas de sa\u00fade mental, como estresse e ansiedade.<\/span><\/p>\n<p><span style=\"font-weight: 400;\">Para mitigar os impactos das redes sociais, \u00e9 essencial criar pol\u00edticas de uso e monitorar o acesso a essas plataformas. Isso limita o acesso durante o trabalho e ajuda a manter um ambiente mais produtivo.\u00a0<\/span><\/p>\n<p><span style=\"font-weight: 400;\">Al\u00e9m de investir em <\/span><b>ferramentas de gerenciamento de tempo<\/b><span style=\"font-weight: 400;\"> para limitar o acesso \u00e0s redes sociais, uma abordagem <\/span><b>multidisciplinar pode ser personalizada<\/b><span style=\"font-weight: 400;\"> para atender \u00e0s necessidades de cada organiza\u00e7\u00e3o, proporcionando um equil\u00edbrio entre o uso pessoal e profissional dessas ferramentas.<\/span><\/p>\n<p><span style=\"font-weight: 400;\">A <\/span><b>promo\u00e7\u00e3o da conscientiza\u00e7\u00e3o sobre os impactos das redes sociais na produtividade e na sa\u00fade mental<\/b><span style=\"font-weight: 400;\"> tamb\u00e9m \u00e9 crucial. \u00c9 necess\u00e1rio que a empresa, al\u00e9m de ensinar t\u00e9cnicas de gerenciamento de tempo, ajude os funcion\u00e1rios a manter o foco com outras solu\u00e7\u00f5es, como o <\/span><b>controle de acesso \u00e0s plataformas<\/b><span style=\"font-weight: 400;\">.<\/span><\/p>\n<h3 id=\"encontrando-o-equilibrio-no-uso-das-redes-sociais\">Encontrando o equil\u00edbrio no uso das redes sociais<\/h3>\n<p><span style=\"font-weight: 400;\">Para otimizar a produtividade e promover um ambiente de trabalho mais saud\u00e1vel, \u00e9 fundamental encontrar um <\/span><b>equil\u00edbrio no uso das redes sociais<\/b><span style=\"font-weight: 400;\">. Ao permitir um\u00a0 uso moderado das redes sociais, sem comprometer as responsabilidades profissionais, as empresas podem criar um ambiente mais positivo e produtivo.<\/span><\/p>\n<p><span style=\"font-weight: 400;\">Isso significa contar com plataformas que permitam o <\/span><a href=\"https:\/\/www.lumiun.com\/blog\/vantagens-e-desvantagens-de-controlar-e-bloquear-o-acesso-as-redes-sociais-no-trabalho\/\"><b>uso controlado das redes sociais<\/b><\/a><span style=\"font-weight: 400;\">, possibilitando o acesso em intervalos espec\u00edficos para que os colaboradores possam verificar suas atualiza\u00e7\u00f5es sem prejudicar suas tarefas. Assim, os funcion\u00e1rios poder\u00e3o se conectar sem prejudicar suas responsabilidades, entendendo a import\u00e2ncia de separar o tempo pessoal do tempo de trabalho.<\/span><\/p>\n<p><span style=\"font-weight: 400;\">A lideran\u00e7a deve adotar e seguir as pol\u00edticas de uso das redes sociais para servir de exemplo, promovendo produtividade e efici\u00eancia. Al\u00e9m disso, a empresa deve ouvir as preocupa\u00e7\u00f5es dos colaboradores para atender \u00e0s suas necessidades de forma justa.\u00a0<\/span><\/p>\n<h3 id=\"beneficios-do-controle-do-uso-das-redes-sociais-no-trabalho\">Benef\u00edcios do controle do uso das redes sociais no trabalho<\/h3>\n<p><span style=\"font-weight: 400;\">O controle de acesso \u00e0 internet e \u00e0s redes sociais reduz distra\u00e7\u00f5es, permitindo que os funcion\u00e1rios se concentrem mais em suas tarefas. Isso aumenta a efici\u00eancia e a qualidade do trabalho, garantindo entregas mais r\u00e1pidas e precisas.<\/span><\/p>\n<p><span style=\"font-weight: 400;\">Outro grande benef\u00edcio \u00e9 relacionado \u00e0 <\/span><b>sa\u00fade mental dos colaboradores<\/b><span style=\"font-weight: 400;\">. A exposi\u00e7\u00e3o constante \u00e0s redes sociais pode levar a uma <\/span><b>sobrecarga de informa\u00e7\u00f5es e sentimentos de ansiedade e estresse<\/b><span style=\"font-weight: 400;\">, problemas que podem ser combatidos com um controle assertivo. Implementar pol\u00edticas que limitam o uso dessas plataformas ajuda a reduzir os impactos negativos e proporciona um ambiente de trabalho mais calmo e menos estressante.<\/span><\/p>\n<p><span style=\"font-weight: 400;\">Limitar o acesso \u00e0s redes sociais cria um ambiente mais produtivo, estimulando foco, colabora\u00e7\u00e3o e alinhamento com os objetivos organizacionais.<\/span><\/p>\n<h3 id=\"desafios-da-gestao\">Desafios da gest\u00e3o<\/h3>\n<p><picture><source srcset=\"https:\/\/www.lumiun.com\/blog\/wp-content\/webp-express\/webp-images\/uploads\/Artigo-Redes-sociais-distra\u00e7\u00e3o45.jpg.webp 1001w, https:\/\/www.lumiun.com\/blog\/wp-content\/webp-express\/webp-images\/uploads\/Artigo-Redes-sociais-distra\u00e7\u00e3o45-500x175.jpg.webp 500w, https:\/\/www.lumiun.com\/blog\/wp-content\/webp-express\/webp-images\/uploads\/Artigo-Redes-sociais-distra\u00e7\u00e3o45-768x269.jpg.webp 768w, https:\/\/www.lumiun.com\/blog\/wp-content\/webp-express\/webp-images\/uploads\/Artigo-Redes-sociais-distra\u00e7\u00e3o45-380x133.jpg.webp 380w, https:\/\/www.lumiun.com\/blog\/wp-content\/webp-express\/webp-images\/uploads\/Artigo-Redes-sociais-distra\u00e7\u00e3o45-800x281.jpg.webp 800w\" sizes=\"(max-width: 1001px) 100vw, 1001px\" type=\"image\/webp\"><img decoding=\"async\" class=\"alignnone wp-image-5608 size-full webpexpress-processed\" src=\"https:\/\/www.lumiun.com\/blog\/wp-content\/uploads\/Artigo-Redes-sociais-distra\u00e7\u00e3o45.jpg\" alt=\"Redes sociais no trabalho\" width=\"1001\" height=\"351\" srcset=\"https:\/\/www.lumiun.com\/blog\/wp-content\/uploads\/Artigo-Redes-sociais-distra\u00e7\u00e3o45.jpg 1001w, https:\/\/www.lumiun.com\/blog\/wp-content\/uploads\/Artigo-Redes-sociais-distra\u00e7\u00e3o45-500x175.jpg 500w, https:\/\/www.lumiun.com\/blog\/wp-content\/uploads\/Artigo-Redes-sociais-distra\u00e7\u00e3o45-768x269.jpg 768w, https:\/\/www.lumiun.com\/blog\/wp-content\/uploads\/Artigo-Redes-sociais-distra\u00e7\u00e3o45-380x133.jpg 380w, https:\/\/www.lumiun.com\/blog\/wp-content\/uploads\/Artigo-Redes-sociais-distra\u00e7\u00e3o45-800x281.jpg 800w\" sizes=\"(max-width: 1001px) 100vw, 1001px\"><\/picture><\/p>\n<p><span style=\"font-weight: 400;\">Gerenciar o uso das redes sociais no trabalho \u00e9 desafiador. \u00c9 preciso equilibrar controle e liberdade, limitando o uso excessivo que afeta a produtividade, mas respeitando os direitos dos colaboradores.\u00a0<\/span><\/p>\n<p><span style=\"font-weight: 400;\">Pol\u00edticas extremamente restritivas podem ser <\/span><b>invasivas e gerar insatisfa\u00e7\u00e3o entre a equipe<\/b><span style=\"font-weight: 400;\">, enquanto a falta de controle pode resultar em perda de produtividade. \u00c9 necess\u00e1rio avaliar as necessidades e caracter\u00edsticas da empresa e contar com <\/span><b>ferramentas personaliz\u00e1veis<\/b><span style=\"font-weight: 400;\"> que aumentem a produtividade sem adotar uma abordagem abusiva.<\/span><\/p>\n<p><span style=\"font-weight: 400;\">Outro desafio a ser considerado \u00e9 a diversidade de atitudes e necessidades entre os colaboradores. Enquanto alguns colaboradores podem usar as plataformas para se distrair,<\/span><b> outros podem us\u00e1-las para se manter atualizados e contribuir para seu crescimento profissional. <\/b><span style=\"font-weight: 400;\">A gest\u00e3o deve considerar diferentes perspectivas e necessidades ao desenvolver pol\u00edticas e diretrizes e ao escolher ferramentas de controle mais assertivas.<\/span><\/p>\n<p><span style=\"font-weight: 400;\">A evolu\u00e7\u00e3o das tecnologias e redes sociais desafia as organiza\u00e7\u00f5es. As empresas devem adaptar suas pol\u00edticas \u00e0s novas tend\u00eancia para melhorar a efici\u00eancia.\u00a0<\/span><\/p>\n<p><span style=\"font-weight: 400;\">Tudo isso \u00e9 poss\u00edvel atrav\u00e9s de uma abordagem flex\u00edvel e um processo cont\u00ednuo de comunica\u00e7\u00e3o com os colaboradores. Contar com ferramentas eficientes e completas tamb\u00e9m pode fazer toda a diferen\u00e7a, ajudando a<\/span><b> controlar essas distra\u00e7\u00f5es de maneira mais efetiva sem recorrer a um controle excessivo.<\/b><\/p>\n<p>At\u00e9 a pr\u00f3xima!<\/p>\n","protected":false},"excerpt":{"rendered":"O brasileiro ocupa hoje a segunda posi\u00e7\u00e3o no mundo em n\u00famero de horas nas redes sociais. S\u00e3o pouco&hellip;\n","protected":false},"author":14,"featured_media":389278,"comment_status":"closed","ping_status":"open","sticky":false,"template":"","format":"image","meta":{"content-type":"","footnotes":""},"categories":[17,3],"tags":[29,65,27,33,28,257,5,21,47,24,53,8,49],"yoast_head":"<!-- This site is optimized with the Yoast SEO plugin v24.0 - https:\/\/yoast.com\/wordpress\/plugins\/seo\/ -->\n<title>Redes sociais no trabalho: produtividade ou distra\u00e7\u00e3o? | Lumiun Blog<\/title>\n<meta name=\"description\" content=\"Como a utiliza\u00e7\u00e3o de redes sociais no trabalho pode prejudicar o bom andamento da sua empresa? Descubra aqui!\" \/>\n<meta name=\"robots\" content=\"index, follow, max-snippet:-1, max-image-preview:large, max-video-preview:-1\" \/>\n<link rel=\"canonical\" href=\"https:\/\/www.lumiun.com\/blog\/redes-sociais-no-trabalho-produtividade-ou-distracao\/\" \/>\n<meta property=\"og:locale\" content=\"pt_BR\" \/>\n<meta property=\"og:type\" content=\"article\" \/>\n<meta property=\"og:title\" content=\"Redes sociais no trabalho: produtividade ou distra\u00e7\u00e3o? | Lumiun Blog\" \/>\n<meta property=\"og:description\" content=\"Como a utiliza\u00e7\u00e3o de redes sociais no trabalho pode prejudicar o bom andamento da sua empresa? Descubra aqui!\" \/>\n<meta property=\"og:url\" content=\"https:\/\/www.lumiun.com\/blog\/redes-sociais-no-trabalho-produtividade-ou-distracao\/\" \/>\n<meta property=\"og:site_name\" content=\"Lumiun Blog\" \/>\n<meta property=\"article:publisher\" content=\"https:\/\/www.facebook.com\/LumiunTecnologia\/\" \/>\n<meta property=\"article:published_time\" content=\"2024-08-01T12:22:55+00:00\" \/>\n<meta property=\"article:modified_time\" content=\"2024-08-02T11:09:09+00:00\" \/>\n<meta property=\"og:image\" content=\"https:\/\/www.lumiun.com\/blog\/wp-content\/uploads\/Capa-Evolucao-Seguranca-1.jpeg\" \/>\n\t<meta property=\"og:image:width\" content=\"1600\" \/>\n\t<meta property=\"og:image:height\" content=\"946\" \/>\n\t<meta property=\"og:image:type\" content=\"image\/jpeg\" \/>\n<meta name=\"author\" content=\"Ianka R\u00fcdell\" \/>\n<meta name=\"twitter:card\" content=\"summary_large_image\" \/>\n<meta name=\"twitter:label1\" content=\"Escrito por\" \/>\n\t<meta name=\"twitter:data1\" content=\"Ianka R\u00fcdell\" \/>\n\t<meta name=\"twitter:label2\" content=\"Est. tempo de leitura\" \/>\n\t<meta name=\"twitter:data2\" content=\"20 minutos\" \/>\n<script type=\"application\/ld+json\" class=\"yoast-schema-graph\">{\"@context\":\"https:\/\/schema.org\",\"@graph\":[{\"@type\":\"Article\",\"@id\":\"https:\/\/www.lumiun.com\/blog\/redes-sociais-no-trabalho-produtividade-ou-distracao\/#article\",\"isPartOf\":{\"@id\":\"https:\/\/www.lumiun.com\/blog\/redes-sociais-no-trabalho-produtividade-ou-distracao\/\"},\"author\":{\"name\":\"Ianka R\u00fcdell\",\"@id\":\"https:\/\/www.lumiun.com\/blog\/#\/schema\/person\/82117c032167a6dfa946ab2960916737\"},\"headline\":\"Redes sociais no trabalho: produtividade ou distra\u00e7\u00e3o?\",\"datePublished\":\"2024-08-01T12:22:55+00:00\",\"dateModified\":\"2024-08-02T11:09:09+00:00\",\"mainEntityOfPage\":{\"@id\":\"https:\/\/www.lumiun.com\/blog\/redes-sociais-no-trabalho-produtividade-ou-distracao\/\"},\"wordCount\":3726,\"publisher\":{\"@id\":\"https:\/\/www.lumiun.com\/blog\/#organization\"},\"image\":{\"@id\":\"https:\/\/www.lumiun.com\/blog\/redes-sociais-no-trabalho-produtividade-ou-distracao\/#primaryimage\"},\"thumbnailUrl\":\"https:\/\/www.lumiun.com\/blog\/wp-content\/uploads\/Capa-Evolucao-Seguranca-1.jpeg\",\"keywords\":[\"bloqueio\",\"controle\",\"dicas\",\"empresas\",\"equipe\",\"gest\u00e3o\",\"internet\",\"lumiun\",\"monitoramento\",\"produtividade\",\"profissional\",\"redes sociais\",\"tempo\"],\"articleSection\":[\"Gest\u00e3o e Produtividade\",\"Redes Sociais\"],\"inLanguage\":\"pt-BR\"},{\"@type\":\"WebPage\",\"@id\":\"https:\/\/www.lumiun.com\/blog\/redes-sociais-no-trabalho-produtividade-ou-distracao\/\",\"url\":\"https:\/\/www.lumiun.com\/blog\/redes-sociais-no-trabalho-produtividade-ou-distracao\/\",\"name\":\"Redes sociais no trabalho: produtividade ou distra\u00e7\u00e3o? | Lumiun Blog\",\"isPartOf\":{\"@id\":\"https:\/\/www.lumiun.com\/blog\/#website\"},\"primaryImageOfPage\":{\"@id\":\"https:\/\/www.lumiun.com\/blog\/redes-sociais-no-trabalho-produtividade-ou-distracao\/#primaryimage\"},\"image\":{\"@id\":\"https:\/\/www.lumiun.com\/blog\/redes-sociais-no-trabalho-produtividade-ou-distracao\/#primaryimage\"},\"thumbnailUrl\":\"https:\/\/www.lumiun.com\/blog\/wp-content\/uploads\/Capa-Evolucao-Seguranca-1.jpeg\",\"datePublished\":\"2024-08-01T12:22:55+00:00\",\"dateModified\":\"2024-08-02T11:09:09+00:00\",\"description\":\"Como a utiliza\u00e7\u00e3o de redes sociais no trabalho pode prejudicar o bom andamento da sua empresa? Descubra aqui!\",\"breadcrumb\":{\"@id\":\"https:\/\/www.lumiun.com\/blog\/redes-sociais-no-trabalho-produtividade-ou-distracao\/#breadcrumb\"},\"inLanguage\":\"pt-BR\",\"potentialAction\":[{\"@type\":\"ReadAction\",\"target\":[\"https:\/\/www.lumiun.com\/blog\/redes-sociais-no-trabalho-produtividade-ou-distracao\/\"]}]},{\"@type\":\"ImageObject\",\"inLanguage\":\"pt-BR\",\"@id\":\"https:\/\/www.lumiun.com\/blog\/redes-sociais-no-trabalho-produtividade-ou-distracao\/#primaryimage\",\"url\":\"https:\/\/www.lumiun.com\/blog\/wp-content\/uploads\/Capa-Evolucao-Seguranca-1.jpeg\",\"contentUrl\":\"https:\/\/www.lumiun.com\/blog\/wp-content\/uploads\/Capa-Evolucao-Seguranca-1.jpeg\",\"width\":1600,\"height\":946,\"caption\":\"redes sociais\"},{\"@type\":\"BreadcrumbList\",\"@id\":\"https:\/\/www.lumiun.com\/blog\/redes-sociais-no-trabalho-produtividade-ou-distracao\/#breadcrumb\",\"itemListElement\":[{\"@type\":\"ListItem\",\"position\":1,\"name\":\"In\u00edcio\",\"item\":\"https:\/\/www.lumiun.com\/blog\/\"},{\"@type\":\"ListItem\",\"position\":2,\"name\":\"Redes sociais no trabalho: produtividade ou distra\u00e7\u00e3o?\"}]},{\"@type\":\"WebSite\",\"@id\":\"https:\/\/www.lumiun.com\/blog\/#website\",\"url\":\"https:\/\/www.lumiun.com\/blog\/\",\"name\":\"Lumiun Blog\",\"description\":\"Conte\u00fado sobre gest\u00e3o e seguran\u00e7a da internet para gestores e profissionais de TI\",\"publisher\":{\"@id\":\"https:\/\/www.lumiun.com\/blog\/#organization\"},\"potentialAction\":[{\"@type\":\"SearchAction\",\"target\":{\"@type\":\"EntryPoint\",\"urlTemplate\":\"https:\/\/www.lumiun.com\/blog\/?s={search_term_string}\"},\"query-input\":{\"@type\":\"PropertyValueSpecification\",\"valueRequired\":true,\"valueName\":\"search_term_string\"}}],\"inLanguage\":\"pt-BR\"},{\"@type\":\"Organization\",\"@id\":\"https:\/\/www.lumiun.com\/blog\/#organization\",\"name\":\"Lumiun Tecnologia\",\"url\":\"https:\/\/www.lumiun.com\/blog\/\",\"logo\":{\"@type\":\"ImageObject\",\"inLanguage\":\"pt-BR\",\"@id\":\"https:\/\/www.lumiun.com\/blog\/#\/schema\/logo\/image\/\",\"url\":\"https:\/\/www.lumiun.com\/blog\/wp-content\/uploads\/logo-lumiun.png\",\"contentUrl\":\"https:\/\/www.lumiun.com\/blog\/wp-content\/uploads\/logo-lumiun.png\",\"width\":1500,\"height\":930,\"caption\":\"Lumiun Tecnologia\"},\"image\":{\"@id\":\"https:\/\/www.lumiun.com\/blog\/#\/schema\/logo\/image\/\"},\"sameAs\":[\"https:\/\/www.facebook.com\/LumiunTecnologia\/\",\"https:\/\/www.linkedin.com\/company\/lumiun---cloud-managed-network\/\",\"https:\/\/www.youtube.com\/LumiunNetwork\"]},{\"@type\":\"Person\",\"@id\":\"https:\/\/www.lumiun.com\/blog\/#\/schema\/person\/82117c032167a6dfa946ab2960916737\",\"name\":\"Ianka R\u00fcdell\",\"image\":{\"@type\":\"ImageObject\",\"inLanguage\":\"pt-BR\",\"@id\":\"https:\/\/www.lumiun.com\/blog\/#\/schema\/person\/image\/\",\"url\":\"https:\/\/secure.gravatar.com\/avatar\/fd3051a380cdd8a1e5795a567af0c210?s=96&d=mm&r=g\",\"contentUrl\":\"https:\/\/secure.gravatar.com\/avatar\/fd3051a380cdd8a1e5795a567af0c210?s=96&d=mm&r=g\",\"caption\":\"Ianka R\u00fcdell\"},\"description\":\"P\u00f3s-graduada em Gest\u00e3o de Projetos e MBA em Estrat\u00e9gia e Lideran\u00e7a pela IBE, formada em Publicidade e Propaganda com mais de 8 anos de experi\u00eancia em estrat\u00e9gias digitais, produ\u00e7\u00e3o de conte\u00fado e tr\u00e1fego pago. Atua como analista de marketing de performance na Lumiun.\",\"sameAs\":[\"http:\/\/www.lumiun.com\"],\"url\":\"https:\/\/www.lumiun.com\/blog\/author\/ianka\/\"}]}<\/script>\n<!-- \/ Yoast SEO plugin. -->","yoast_head_json":{"title":"Redes sociais no trabalho: produtividade ou distra\u00e7\u00e3o? | Lumiun Blog","description":"Como a utiliza\u00e7\u00e3o de redes sociais no trabalho pode prejudicar o bom andamento da sua empresa? Descubra aqui!","robots":{"index":"index","follow":"follow","max-snippet":"max-snippet:-1","max-image-preview":"max-image-preview:large","max-video-preview":"max-video-preview:-1"},"canonical":"https:\/\/www.lumiun.com\/blog\/redes-sociais-no-trabalho-produtividade-ou-distracao\/","og_locale":"pt_BR","og_type":"article","og_title":"Redes sociais no trabalho: produtividade ou distra\u00e7\u00e3o? | Lumiun Blog","og_description":"Como a utiliza\u00e7\u00e3o de redes sociais no trabalho pode prejudicar o bom andamento da sua empresa? Descubra aqui!","og_url":"https:\/\/www.lumiun.com\/blog\/redes-sociais-no-trabalho-produtividade-ou-distracao\/","og_site_name":"Lumiun Blog","article_publisher":"https:\/\/www.facebook.com\/LumiunTecnologia\/","article_published_time":"2024-08-01T12:22:55+00:00","article_modified_time":"2024-08-02T11:09:09+00:00","og_image":[{"width":1600,"height":946,"url":"https:\/\/www.lumiun.com\/blog\/wp-content\/uploads\/Capa-Evolucao-Seguranca-1.jpeg","type":"image\/jpeg"}],"author":"Ianka R\u00fcdell","twitter_card":"summary_large_image","twitter_misc":{"Escrito por":"Ianka R\u00fcdell","Est. tempo de leitura":"20 minutos"},"schema":{"@context":"https:\/\/schema.org","@graph":[{"@type":"Article","@id":"https:\/\/www.lumiun.com\/blog\/redes-sociais-no-trabalho-produtividade-ou-distracao\/#article","isPartOf":{"@id":"https:\/\/www.lumiun.com\/blog\/redes-sociais-no-trabalho-produtividade-ou-distracao\/"},"author":{"name":"Ianka R\u00fcdell","@id":"https:\/\/www.lumiun.com\/blog\/#\/schema\/person\/82117c032167a6dfa946ab2960916737"},"headline":"Redes sociais no trabalho: produtividade ou distra\u00e7\u00e3o?","datePublished":"2024-08-01T12:22:55+00:00","dateModified":"2024-08-02T11:09:09+00:00","mainEntityOfPage":{"@id":"https:\/\/www.lumiun.com\/blog\/redes-sociais-no-trabalho-produtividade-ou-distracao\/"},"wordCount":3726,"publisher":{"@id":"https:\/\/www.lumiun.com\/blog\/#organization"},"image":{"@id":"https:\/\/www.lumiun.com\/blog\/redes-sociais-no-trabalho-produtividade-ou-distracao\/#primaryimage"},"thumbnailUrl":"https:\/\/www.lumiun.com\/blog\/wp-content\/uploads\/Capa-Evolucao-Seguranca-1.jpeg","keywords":["bloqueio","controle","dicas","empresas","equipe","gest\u00e3o","internet","lumiun","monitoramento","produtividade","profissional","redes sociais","tempo"],"articleSection":["Gest\u00e3o e Produtividade","Redes Sociais"],"inLanguage":"pt-BR"},{"@type":"WebPage","@id":"https:\/\/www.lumiun.com\/blog\/redes-sociais-no-trabalho-produtividade-ou-distracao\/","url":"https:\/\/www.lumiun.com\/blog\/redes-sociais-no-trabalho-produtividade-ou-distracao\/","name":"Redes sociais no trabalho: produtividade ou distra\u00e7\u00e3o? | Lumiun Blog","isPartOf":{"@id":"https:\/\/www.lumiun.com\/blog\/#website"},"primaryImageOfPage":{"@id":"https:\/\/www.lumiun.com\/blog\/redes-sociais-no-trabalho-produtividade-ou-distracao\/#primaryimage"},"image":{"@id":"https:\/\/www.lumiun.com\/blog\/redes-sociais-no-trabalho-produtividade-ou-distracao\/#primaryimage"},"thumbnailUrl":"https:\/\/www.lumiun.com\/blog\/wp-content\/uploads\/Capa-Evolucao-Seguranca-1.jpeg","datePublished":"2024-08-01T12:22:55+00:00","dateModified":"2024-08-02T11:09:09+00:00","description":"Como a utiliza\u00e7\u00e3o de redes sociais no trabalho pode prejudicar o bom andamento da sua empresa? Descubra aqui!","breadcrumb":{"@id":"https:\/\/www.lumiun.com\/blog\/redes-sociais-no-trabalho-produtividade-ou-distracao\/#breadcrumb"},"inLanguage":"pt-BR","potentialAction":[{"@type":"ReadAction","target":["https:\/\/www.lumiun.com\/blog\/redes-sociais-no-trabalho-produtividade-ou-distracao\/"]}]},{"@type":"ImageObject","inLanguage":"pt-BR","@id":"https:\/\/www.lumiun.com\/blog\/redes-sociais-no-trabalho-produtividade-ou-distracao\/#primaryimage","url":"https:\/\/www.lumiun.com\/blog\/wp-content\/uploads\/Capa-Evolucao-Seguranca-1.jpeg","contentUrl":"https:\/\/www.lumiun.com\/blog\/wp-content\/uploads\/Capa-Evolucao-Seguranca-1.jpeg","width":1600,"height":946,"caption":"redes sociais"},{"@type":"BreadcrumbList","@id":"https:\/\/www.lumiun.com\/blog\/redes-sociais-no-trabalho-produtividade-ou-distracao\/#breadcrumb","itemListElement":[{"@type":"ListItem","position":1,"name":"In\u00edcio","item":"https:\/\/www.lumiun.com\/blog\/"},{"@type":"ListItem","position":2,"name":"Redes sociais no trabalho: produtividade ou distra\u00e7\u00e3o?"}]},{"@type":"WebSite","@id":"https:\/\/www.lumiun.com\/blog\/#website","url":"https:\/\/www.lumiun.com\/blog\/","name":"Lumiun Blog","description":"Conte\u00fado sobre gest\u00e3o e seguran\u00e7a da internet para gestores e profissionais de TI","publisher":{"@id":"https:\/\/www.lumiun.com\/blog\/#organization"},"potentialAction":[{"@type":"SearchAction","target":{"@type":"EntryPoint","urlTemplate":"https:\/\/www.lumiun.com\/blog\/?s={search_term_string}"},"query-input":{"@type":"PropertyValueSpecification","valueRequired":true,"valueName":"search_term_string"}}],"inLanguage":"pt-BR"},{"@type":"Organization","@id":"https:\/\/www.lumiun.com\/blog\/#organization","name":"Lumiun Tecnologia","url":"https:\/\/www.lumiun.com\/blog\/","logo":{"@type":"ImageObject","inLanguage":"pt-BR","@id":"https:\/\/www.lumiun.com\/blog\/#\/schema\/logo\/image\/","url":"https:\/\/www.lumiun.com\/blog\/wp-content\/uploads\/logo-lumiun.png","contentUrl":"https:\/\/www.lumiun.com\/blog\/wp-content\/uploads\/logo-lumiun.png","width":1500,"height":930,"caption":"Lumiun Tecnologia"},"image":{"@id":"https:\/\/www.lumiun.com\/blog\/#\/schema\/logo\/image\/"},"sameAs":["https:\/\/www.facebook.com\/LumiunTecnologia\/","https:\/\/www.linkedin.com\/company\/lumiun---cloud-managed-network\/","https:\/\/www.youtube.com\/LumiunNetwork"]},{"@type":"Person","@id":"https:\/\/www.lumiun.com\/blog\/#\/schema\/person\/82117c032167a6dfa946ab2960916737","name":"Ianka R\u00fcdell","image":{"@type":"ImageObject","inLanguage":"pt-BR","@id":"https:\/\/www.lumiun.com\/blog\/#\/schema\/person\/image\/","url":"https:\/\/secure.gravatar.com\/avatar\/fd3051a380cdd8a1e5795a567af0c210?s=96&d=mm&r=g","contentUrl":"https:\/\/secure.gravatar.com\/avatar\/fd3051a380cdd8a1e5795a567af0c210?s=96&d=mm&r=g","caption":"Ianka R\u00fcdell"},"description":"P\u00f3s-graduada em Gest\u00e3o de Projetos e MBA em Estrat\u00e9gia e Lideran\u00e7a pela IBE, formada em Publicidade e Propaganda com mais de 8 anos de experi\u00eancia em estrat\u00e9gias digitais, produ\u00e7\u00e3o de conte\u00fado e tr\u00e1fego pago. Atua como analista de marketing de performance na Lumiun.","sameAs":["http:\/\/www.lumiun.com"],"url":"https:\/\/www.lumiun.com\/blog\/author\/ianka\/"}]}},"_links":{"self":[{"href":"https:\/\/www.lumiun.com\/blog\/wp-json\/wp\/v2\/posts\/2225"}],"collection":[{"href":"https:\/\/www.lumiun.com\/blog\/wp-json\/wp\/v2\/posts"}],"about":[{"href":"https:\/\/www.lumiun.com\/blog\/wp-json\/wp\/v2\/types\/post"}],"author":[{"embeddable":true,"href":"https:\/\/www.lumiun.com\/blog\/wp-json\/wp\/v2\/users\/14"}],"replies":[{"embeddable":true,"href":"https:\/\/www.lumiun.com\/blog\/wp-json\/wp\/v2\/comments?post=2225"}],"version-history":[{"count":47,"href":"https:\/\/www.lumiun.com\/blog\/wp-json\/wp\/v2\/posts\/2225\/revisions"}],"predecessor-version":[{"id":389285,"href":"https:\/\/www.lumiun.com\/blog\/wp-json\/wp\/v2\/posts\/2225\/revisions\/389285"}],"wp:featuredmedia":[{"embeddable":true,"href":"https:\/\/www.lumiun.com\/blog\/wp-json\/wp\/v2\/media\/389278"}],"wp:attachment":[{"href":"https:\/\/www.lumiun.com\/blog\/wp-json\/wp\/v2\/media?parent=2225"}],"wp:term":[{"taxonomy":"category","embeddable":true,"href":"https:\/\/www.lumiun.com\/blog\/wp-json\/wp\/v2\/categories?post=2225"},{"taxonomy":"post_tag","embeddable":true,"href":"https:\/\/www.lumiun.com\/blog\/wp-json\/wp\/v2\/tags?post=2225"}],"curies":[{"name":"wp","href":"https:\/\/api.w.org\/{rel}","templated":true}]}}