{"id":2547,"date":"2017-04-19T11:20:06","date_gmt":"2017-04-19T14:20:06","guid":{"rendered":"https:\/\/www.lumiun.com\/blog\/?p=2547"},"modified":"2022-05-02T15:01:35","modified_gmt":"2022-05-02T18:01:35","slug":"documentario-mostra-a-rotina-de-profissionais-que-trabalham-com-moderacao-de-conteudo-na-internet","status":"publish","type":"post","link":"https:\/\/www.lumiun.com\/blog\/documentario-mostra-a-rotina-de-profissionais-que-trabalham-com-moderacao-de-conteudo-na-internet\/","title":{"rendered":"Document\u00e1rio mostra a rotina de profissionais que trabalham com modera\u00e7\u00e3o de conte\u00fado na internet"},"content":{"rendered":"<p>Em conjunto com todas as coisas boas que a internet nos oferece, existe um submundo virtual cheio de maldade e coisas ruins, onde ganham destaque conte\u00fados ofensivos relacionados a viol\u00eancia, pornografia, pedofilia, maus tratos a animais, terrorismo e afins.<\/p>\n<p>Esse tipo de conte\u00fado ofensivo geralmente n\u00e3o chega at\u00e9 a grande massa de usu\u00e1rios da internet e principalmente das redes sociais. Mas para que isso aconte\u00e7a existe muito investimento em sistemas com algoritmos computacionais complexos e muita dedica\u00e7\u00e3o de profissionais atuando\u00a0para identificar e moderar esse tipo de conte\u00fado.<\/p>\n<p>Com o objetivo de mostrar como \u00e9 feita essa modera\u00e7\u00e3o de conte\u00fado por profissionais na \u00cdndia,\u00a0o jornalista Adrian Chen e o diretor Ciaran Cassidy criaram o document\u00e1rio\u00a0<strong>\u201cThe Moderators\u201d<\/strong>.<strong>\u00a0<\/strong>O document\u00e1rio retrata o dia a dia da ind\u00fastria de modera\u00e7\u00e3o de conte\u00fado de servi\u00e7os online e m\u00eddias sociais, onde atuam mais de 150 mil profissionais,\u00a0em empresas que prestam servi\u00e7o para Google, Facebook e centenas de outros servi\u00e7os na internet.<\/p>\n<p><strong>Quando um usu\u00e1rio abre o Facebook ou faz uma busca no Google, de modo geral n\u00e3o \u00e9 exibido conte\u00fado com pornografia e viol\u00eancia. Por qu\u00ea?<\/strong> Com essa pergunta simples o instrutor de uma sess\u00e3o inicia o treinamento com sua equipe.<\/p>\n<p>Esse \u00e9 objetivo do trabalho desses profissionais que atuam com a modera\u00e7\u00e3o de conte\u00fado, identificar conte\u00fados ofensivos e definir\u00a0quais fotos, v\u00eddeos, \u00e1udios ou textos devem ser removidos ou categorizados como expl\u00edcitos, al\u00e9m de tentar identificar perfis falsos na rede.<\/p>\n<p>Por\u00e9m, o objetivo principal do document\u00e1rio \u00e9 identificar e apresentar os efeitos que a exposi\u00e7\u00e3o cont\u00ednua a conte\u00fados com viol\u00eancia, maus tratos\u00a0a animais, pornografia e pedofilia causam nos profissionais. Podemos perceber que a rotina desses profissionais pode se tornar bastante <em>sombria<\/em>, por se depararem continuamente com imagens ou v\u00eddeos perturbadores. Por isso \u00e9 importante um acompanhamento bastante pr\u00f3ximo da equipe, para detectar qualquer impacto negativo que essas atividades possam estar causando.<\/p>\n<p><strong>Assista o document\u00e1rio The Moderators:<\/strong><\/p>\n<p><iframe src=\"https:\/\/www.youtube.com\/embed\/k9m0axUDpro?rel=0\" width=\"640\" height=\"360\" frameborder=\"0\" allowfullscreen=\"allowfullscreen\"><\/iframe><\/p>\n<p>Mesmo havendo toda essa preocupa\u00e7\u00e3o de empresas como Google e Facebook e tantos outros servi\u00e7os online, \u00e9 importante tomar medidas para que voc\u00ea, colegas, amigos e familiares n\u00e3o estejam expostos a esse tipo de conte\u00fado expl\u00edcito e ofensivo, pois da mesma forma que para os profissionais que atuam com a modera\u00e7\u00e3o do conte\u00fado, qualquer usu\u00e1rio pode sofrer algum tipo de influ\u00eancia negativa, que pode inclusive causar traumas e at\u00e9 mesmo levar a a\u00e7\u00f5es prejudiciais a si mesmo e outras pessoas.<\/p>\n<p>Uma forma bastante simples de restringir o acesso a conte\u00fados expl\u00edcitos \u00e9 ativar o servi\u00e7o de mecanismos de busca chamado\u00a0<strong>SafeSearch<\/strong>, que faz com que conte\u00fados ofensivos n\u00e3o sejam exibidos nos resultados em buscas na internet.<\/p>\n<p>Em outro artigo demonstramos <a href=\"https:\/\/www.lumiun.com\/blog\/2016\/10\/como-configurar-a-busca-protegida-safesearch-no-seu-computador-ou-sua-rede\/\" target=\"_blank\" rel=\"noopener noreferrer\">como \u00e9 poss\u00edvel configurar o\u00a0SafeSearch em seu computador ou na rede da sua empresa, escola ou resid\u00eancia<\/a>.<\/p>\n<p>Tamb\u00e9m \u00e9 recomendado a utiliza\u00e7\u00e3o de servi\u00e7os de gest\u00e3o do uso da internet, tanto em empresas como resid\u00eancias. Que permitam controlar o uso da rede e evitar a navega\u00e7\u00e3o em sites que exibam conte\u00fados relacionados a viol\u00eancia, pornografia e afins.<\/p>\n<p>Para concluir, \u00e9 importante lembrar que a internet tamb\u00e9m tem muitas coisas negativas e precisamos evitar qualquer tipo de intera\u00e7\u00e3o com esses conte\u00fados. <strong>E como usu\u00e1rios de internet ativos, saibamos usufruir da infinidade de servi\u00e7os que facilitam e tornam a nossa vida melhor, evitando qualquer tipo de conte\u00fado negativo existente na rede.<\/strong><\/p>\n","protected":false},"excerpt":{"rendered":"Em conjunto com todas as coisas boas que a internet nos oferece, existe um submundo virtual cheio de&hellip;\n","protected":false},"author":2,"featured_media":2555,"comment_status":"closed","ping_status":"open","sticky":false,"template":"","format":"image","meta":{"content-type":"","footnotes":""},"categories":[4],"tags":[50,5,51,25],"yoast_head":"<!-- This site is optimized with the Yoast SEO plugin v24.0 - https:\/\/yoast.com\/wordpress\/plugins\/seo\/ -->\n<title>Document\u00e1rio mostra a rotina de profissionais que trabalham com modera\u00e7\u00e3o de conte\u00fado na internet | Lumiun Blog<\/title>\n<meta name=\"description\" content=\"O document\u00e1rio retrata o dia a dia da ind\u00fastria de modera\u00e7\u00e3o de conte\u00fado de servi\u00e7os online e m\u00eddias sociais. Acompanhe o artigo!\" \/>\n<meta name=\"robots\" content=\"index, follow, max-snippet:-1, max-image-preview:large, max-video-preview:-1\" \/>\n<link rel=\"canonical\" href=\"https:\/\/www.lumiun.com\/blog\/documentario-mostra-a-rotina-de-profissionais-que-trabalham-com-moderacao-de-conteudo-na-internet\/\" \/>\n<meta property=\"og:locale\" content=\"pt_BR\" \/>\n<meta property=\"og:type\" content=\"article\" \/>\n<meta property=\"og:title\" content=\"Document\u00e1rio mostra a rotina de profissionais que trabalham com modera\u00e7\u00e3o de conte\u00fado na internet | Lumiun Blog\" \/>\n<meta property=\"og:description\" content=\"O document\u00e1rio retrata o dia a dia da ind\u00fastria de modera\u00e7\u00e3o de conte\u00fado de servi\u00e7os online e m\u00eddias sociais. Acompanhe o artigo!\" \/>\n<meta property=\"og:url\" content=\"https:\/\/www.lumiun.com\/blog\/documentario-mostra-a-rotina-de-profissionais-que-trabalham-com-moderacao-de-conteudo-na-internet\/\" \/>\n<meta property=\"og:site_name\" content=\"Lumiun Blog\" \/>\n<meta property=\"article:publisher\" content=\"https:\/\/www.facebook.com\/LumiunTecnologia\/\" \/>\n<meta property=\"article:published_time\" content=\"2017-04-19T14:20:06+00:00\" \/>\n<meta property=\"article:modified_time\" content=\"2022-05-02T18:01:35+00:00\" \/>\n<meta property=\"og:image\" content=\"https:\/\/www.lumiun.com\/blog\/wp-content\/uploads\/2017\/04\/modera\u00e7\u00e3o-internet-conte\u00fado-ofensivo.jpg\" \/>\n\t<meta property=\"og:image:width\" content=\"1179\" \/>\n\t<meta property=\"og:image:height\" content=\"659\" \/>\n\t<meta property=\"og:image:type\" content=\"image\/jpeg\" \/>\n<meta name=\"author\" content=\"Equipe Lumiun\" \/>\n<meta name=\"twitter:card\" content=\"summary_large_image\" \/>\n<meta name=\"twitter:label1\" content=\"Escrito por\" \/>\n\t<meta name=\"twitter:data1\" content=\"Equipe Lumiun\" \/>\n\t<meta name=\"twitter:label2\" content=\"Est. tempo de leitura\" \/>\n\t<meta name=\"twitter:data2\" content=\"3 minutos\" \/>\n<script type=\"application\/ld+json\" class=\"yoast-schema-graph\">{\"@context\":\"https:\/\/schema.org\",\"@graph\":[{\"@type\":\"Article\",\"@id\":\"https:\/\/www.lumiun.com\/blog\/documentario-mostra-a-rotina-de-profissionais-que-trabalham-com-moderacao-de-conteudo-na-internet\/#article\",\"isPartOf\":{\"@id\":\"https:\/\/www.lumiun.com\/blog\/documentario-mostra-a-rotina-de-profissionais-que-trabalham-com-moderacao-de-conteudo-na-internet\/\"},\"author\":{\"name\":\"Equipe Lumiun\",\"@id\":\"https:\/\/www.lumiun.com\/blog\/#\/schema\/person\/ec6073b9f8118a645a39feb51b710f3a\"},\"headline\":\"Document\u00e1rio mostra a rotina de profissionais que trabalham com modera\u00e7\u00e3o de conte\u00fado na internet\",\"datePublished\":\"2017-04-19T14:20:06+00:00\",\"dateModified\":\"2022-05-02T18:01:35+00:00\",\"mainEntityOfPage\":{\"@id\":\"https:\/\/www.lumiun.com\/blog\/documentario-mostra-a-rotina-de-profissionais-que-trabalham-com-moderacao-de-conteudo-na-internet\/\"},\"wordCount\":622,\"publisher\":{\"@id\":\"https:\/\/www.lumiun.com\/blog\/#organization\"},\"image\":{\"@id\":\"https:\/\/www.lumiun.com\/blog\/documentario-mostra-a-rotina-de-profissionais-que-trabalham-com-moderacao-de-conteudo-na-internet\/#primaryimage\"},\"thumbnailUrl\":\"https:\/\/www.lumiun.com\/blog\/wp-content\/uploads\/2017\/04\/modera\u00e7\u00e3o-internet-conte\u00fado-ofensivo.jpg\",\"keywords\":[\"crimes virtuais\",\"internet\",\"safesearch\",\"seguran\u00e7a\"],\"articleSection\":[\"Internet\"],\"inLanguage\":\"pt-BR\"},{\"@type\":\"WebPage\",\"@id\":\"https:\/\/www.lumiun.com\/blog\/documentario-mostra-a-rotina-de-profissionais-que-trabalham-com-moderacao-de-conteudo-na-internet\/\",\"url\":\"https:\/\/www.lumiun.com\/blog\/documentario-mostra-a-rotina-de-profissionais-que-trabalham-com-moderacao-de-conteudo-na-internet\/\",\"name\":\"Document\u00e1rio mostra a rotina de profissionais que trabalham com modera\u00e7\u00e3o de conte\u00fado na internet | Lumiun Blog\",\"isPartOf\":{\"@id\":\"https:\/\/www.lumiun.com\/blog\/#website\"},\"primaryImageOfPage\":{\"@id\":\"https:\/\/www.lumiun.com\/blog\/documentario-mostra-a-rotina-de-profissionais-que-trabalham-com-moderacao-de-conteudo-na-internet\/#primaryimage\"},\"image\":{\"@id\":\"https:\/\/www.lumiun.com\/blog\/documentario-mostra-a-rotina-de-profissionais-que-trabalham-com-moderacao-de-conteudo-na-internet\/#primaryimage\"},\"thumbnailUrl\":\"https:\/\/www.lumiun.com\/blog\/wp-content\/uploads\/2017\/04\/modera\u00e7\u00e3o-internet-conte\u00fado-ofensivo.jpg\",\"datePublished\":\"2017-04-19T14:20:06+00:00\",\"dateModified\":\"2022-05-02T18:01:35+00:00\",\"description\":\"O document\u00e1rio retrata o dia a dia da ind\u00fastria de modera\u00e7\u00e3o de conte\u00fado de servi\u00e7os online e m\u00eddias sociais. Acompanhe o artigo!\",\"breadcrumb\":{\"@id\":\"https:\/\/www.lumiun.com\/blog\/documentario-mostra-a-rotina-de-profissionais-que-trabalham-com-moderacao-de-conteudo-na-internet\/#breadcrumb\"},\"inLanguage\":\"pt-BR\",\"potentialAction\":[{\"@type\":\"ReadAction\",\"target\":[\"https:\/\/www.lumiun.com\/blog\/documentario-mostra-a-rotina-de-profissionais-que-trabalham-com-moderacao-de-conteudo-na-internet\/\"]}]},{\"@type\":\"ImageObject\",\"inLanguage\":\"pt-BR\",\"@id\":\"https:\/\/www.lumiun.com\/blog\/documentario-mostra-a-rotina-de-profissionais-que-trabalham-com-moderacao-de-conteudo-na-internet\/#primaryimage\",\"url\":\"https:\/\/www.lumiun.com\/blog\/wp-content\/uploads\/2017\/04\/modera\u00e7\u00e3o-internet-conte\u00fado-ofensivo.jpg\",\"contentUrl\":\"https:\/\/www.lumiun.com\/blog\/wp-content\/uploads\/2017\/04\/modera\u00e7\u00e3o-internet-conte\u00fado-ofensivo.jpg\",\"width\":1179,\"height\":659},{\"@type\":\"BreadcrumbList\",\"@id\":\"https:\/\/www.lumiun.com\/blog\/documentario-mostra-a-rotina-de-profissionais-que-trabalham-com-moderacao-de-conteudo-na-internet\/#breadcrumb\",\"itemListElement\":[{\"@type\":\"ListItem\",\"position\":1,\"name\":\"In\u00edcio\",\"item\":\"https:\/\/www.lumiun.com\/blog\/\"},{\"@type\":\"ListItem\",\"position\":2,\"name\":\"Document\u00e1rio mostra a rotina de profissionais que trabalham com modera\u00e7\u00e3o de conte\u00fado na internet\"}]},{\"@type\":\"WebSite\",\"@id\":\"https:\/\/www.lumiun.com\/blog\/#website\",\"url\":\"https:\/\/www.lumiun.com\/blog\/\",\"name\":\"Lumiun Blog\",\"description\":\"Conte\u00fado sobre gest\u00e3o e seguran\u00e7a da internet para gestores e profissionais de TI\",\"publisher\":{\"@id\":\"https:\/\/www.lumiun.com\/blog\/#organization\"},\"potentialAction\":[{\"@type\":\"SearchAction\",\"target\":{\"@type\":\"EntryPoint\",\"urlTemplate\":\"https:\/\/www.lumiun.com\/blog\/?s={search_term_string}\"},\"query-input\":{\"@type\":\"PropertyValueSpecification\",\"valueRequired\":true,\"valueName\":\"search_term_string\"}}],\"inLanguage\":\"pt-BR\"},{\"@type\":\"Organization\",\"@id\":\"https:\/\/www.lumiun.com\/blog\/#organization\",\"name\":\"Lumiun Tecnologia\",\"url\":\"https:\/\/www.lumiun.com\/blog\/\",\"logo\":{\"@type\":\"ImageObject\",\"inLanguage\":\"pt-BR\",\"@id\":\"https:\/\/www.lumiun.com\/blog\/#\/schema\/logo\/image\/\",\"url\":\"https:\/\/www.lumiun.com\/blog\/wp-content\/uploads\/logo-lumiun.png\",\"contentUrl\":\"https:\/\/www.lumiun.com\/blog\/wp-content\/uploads\/logo-lumiun.png\",\"width\":1500,\"height\":930,\"caption\":\"Lumiun Tecnologia\"},\"image\":{\"@id\":\"https:\/\/www.lumiun.com\/blog\/#\/schema\/logo\/image\/\"},\"sameAs\":[\"https:\/\/www.facebook.com\/LumiunTecnologia\/\",\"https:\/\/www.linkedin.com\/company\/lumiun---cloud-managed-network\/\",\"https:\/\/www.youtube.com\/LumiunNetwork\"]},{\"@type\":\"Person\",\"@id\":\"https:\/\/www.lumiun.com\/blog\/#\/schema\/person\/ec6073b9f8118a645a39feb51b710f3a\",\"name\":\"Equipe Lumiun\",\"image\":{\"@type\":\"ImageObject\",\"inLanguage\":\"pt-BR\",\"@id\":\"https:\/\/www.lumiun.com\/blog\/#\/schema\/person\/image\/\",\"url\":\"https:\/\/secure.gravatar.com\/avatar\/65646655862a1ff55ad08c98066a36cc?s=96&d=mm&r=g\",\"contentUrl\":\"https:\/\/secure.gravatar.com\/avatar\/65646655862a1ff55ad08c98066a36cc?s=96&d=mm&r=g\",\"caption\":\"Equipe Lumiun\"},\"description\":\"Especialistas em tecnologia e ciberseguran\u00e7a, dedicados a simplificar o controle e prote\u00e7\u00e3o de redes corporativas. Apoiamos empresas a crescerem com mais seguran\u00e7a, efici\u00eancia e conectividade.\",\"sameAs\":[\"https:\/\/www.lumiun.com\"],\"url\":\"https:\/\/www.lumiun.com\/blog\/author\/cledison\/\"}]}<\/script>\n<!-- \/ Yoast SEO plugin. -->","yoast_head_json":{"title":"Document\u00e1rio mostra a rotina de profissionais que trabalham com modera\u00e7\u00e3o de conte\u00fado na internet | Lumiun Blog","description":"O document\u00e1rio retrata o dia a dia da ind\u00fastria de modera\u00e7\u00e3o de conte\u00fado de servi\u00e7os online e m\u00eddias sociais. Acompanhe o artigo!","robots":{"index":"index","follow":"follow","max-snippet":"max-snippet:-1","max-image-preview":"max-image-preview:large","max-video-preview":"max-video-preview:-1"},"canonical":"https:\/\/www.lumiun.com\/blog\/documentario-mostra-a-rotina-de-profissionais-que-trabalham-com-moderacao-de-conteudo-na-internet\/","og_locale":"pt_BR","og_type":"article","og_title":"Document\u00e1rio mostra a rotina de profissionais que trabalham com modera\u00e7\u00e3o de conte\u00fado na internet | Lumiun Blog","og_description":"O document\u00e1rio retrata o dia a dia da ind\u00fastria de modera\u00e7\u00e3o de conte\u00fado de servi\u00e7os online e m\u00eddias sociais. Acompanhe o artigo!","og_url":"https:\/\/www.lumiun.com\/blog\/documentario-mostra-a-rotina-de-profissionais-que-trabalham-com-moderacao-de-conteudo-na-internet\/","og_site_name":"Lumiun Blog","article_publisher":"https:\/\/www.facebook.com\/LumiunTecnologia\/","article_published_time":"2017-04-19T14:20:06+00:00","article_modified_time":"2022-05-02T18:01:35+00:00","og_image":[{"width":1179,"height":659,"url":"https:\/\/www.lumiun.com\/blog\/wp-content\/uploads\/2017\/04\/modera\u00e7\u00e3o-internet-conte\u00fado-ofensivo.jpg","type":"image\/jpeg"}],"author":"Equipe Lumiun","twitter_card":"summary_large_image","twitter_misc":{"Escrito por":"Equipe Lumiun","Est. tempo de leitura":"3 minutos"},"schema":{"@context":"https:\/\/schema.org","@graph":[{"@type":"Article","@id":"https:\/\/www.lumiun.com\/blog\/documentario-mostra-a-rotina-de-profissionais-que-trabalham-com-moderacao-de-conteudo-na-internet\/#article","isPartOf":{"@id":"https:\/\/www.lumiun.com\/blog\/documentario-mostra-a-rotina-de-profissionais-que-trabalham-com-moderacao-de-conteudo-na-internet\/"},"author":{"name":"Equipe Lumiun","@id":"https:\/\/www.lumiun.com\/blog\/#\/schema\/person\/ec6073b9f8118a645a39feb51b710f3a"},"headline":"Document\u00e1rio mostra a rotina de profissionais que trabalham com modera\u00e7\u00e3o de conte\u00fado na internet","datePublished":"2017-04-19T14:20:06+00:00","dateModified":"2022-05-02T18:01:35+00:00","mainEntityOfPage":{"@id":"https:\/\/www.lumiun.com\/blog\/documentario-mostra-a-rotina-de-profissionais-que-trabalham-com-moderacao-de-conteudo-na-internet\/"},"wordCount":622,"publisher":{"@id":"https:\/\/www.lumiun.com\/blog\/#organization"},"image":{"@id":"https:\/\/www.lumiun.com\/blog\/documentario-mostra-a-rotina-de-profissionais-que-trabalham-com-moderacao-de-conteudo-na-internet\/#primaryimage"},"thumbnailUrl":"https:\/\/www.lumiun.com\/blog\/wp-content\/uploads\/2017\/04\/modera\u00e7\u00e3o-internet-conte\u00fado-ofensivo.jpg","keywords":["crimes virtuais","internet","safesearch","seguran\u00e7a"],"articleSection":["Internet"],"inLanguage":"pt-BR"},{"@type":"WebPage","@id":"https:\/\/www.lumiun.com\/blog\/documentario-mostra-a-rotina-de-profissionais-que-trabalham-com-moderacao-de-conteudo-na-internet\/","url":"https:\/\/www.lumiun.com\/blog\/documentario-mostra-a-rotina-de-profissionais-que-trabalham-com-moderacao-de-conteudo-na-internet\/","name":"Document\u00e1rio mostra a rotina de profissionais que trabalham com modera\u00e7\u00e3o de conte\u00fado na internet | Lumiun Blog","isPartOf":{"@id":"https:\/\/www.lumiun.com\/blog\/#website"},"primaryImageOfPage":{"@id":"https:\/\/www.lumiun.com\/blog\/documentario-mostra-a-rotina-de-profissionais-que-trabalham-com-moderacao-de-conteudo-na-internet\/#primaryimage"},"image":{"@id":"https:\/\/www.lumiun.com\/blog\/documentario-mostra-a-rotina-de-profissionais-que-trabalham-com-moderacao-de-conteudo-na-internet\/#primaryimage"},"thumbnailUrl":"https:\/\/www.lumiun.com\/blog\/wp-content\/uploads\/2017\/04\/modera\u00e7\u00e3o-internet-conte\u00fado-ofensivo.jpg","datePublished":"2017-04-19T14:20:06+00:00","dateModified":"2022-05-02T18:01:35+00:00","description":"O document\u00e1rio retrata o dia a dia da ind\u00fastria de modera\u00e7\u00e3o de conte\u00fado de servi\u00e7os online e m\u00eddias sociais. Acompanhe o artigo!","breadcrumb":{"@id":"https:\/\/www.lumiun.com\/blog\/documentario-mostra-a-rotina-de-profissionais-que-trabalham-com-moderacao-de-conteudo-na-internet\/#breadcrumb"},"inLanguage":"pt-BR","potentialAction":[{"@type":"ReadAction","target":["https:\/\/www.lumiun.com\/blog\/documentario-mostra-a-rotina-de-profissionais-que-trabalham-com-moderacao-de-conteudo-na-internet\/"]}]},{"@type":"ImageObject","inLanguage":"pt-BR","@id":"https:\/\/www.lumiun.com\/blog\/documentario-mostra-a-rotina-de-profissionais-que-trabalham-com-moderacao-de-conteudo-na-internet\/#primaryimage","url":"https:\/\/www.lumiun.com\/blog\/wp-content\/uploads\/2017\/04\/modera\u00e7\u00e3o-internet-conte\u00fado-ofensivo.jpg","contentUrl":"https:\/\/www.lumiun.com\/blog\/wp-content\/uploads\/2017\/04\/modera\u00e7\u00e3o-internet-conte\u00fado-ofensivo.jpg","width":1179,"height":659},{"@type":"BreadcrumbList","@id":"https:\/\/www.lumiun.com\/blog\/documentario-mostra-a-rotina-de-profissionais-que-trabalham-com-moderacao-de-conteudo-na-internet\/#breadcrumb","itemListElement":[{"@type":"ListItem","position":1,"name":"In\u00edcio","item":"https:\/\/www.lumiun.com\/blog\/"},{"@type":"ListItem","position":2,"name":"Document\u00e1rio mostra a rotina de profissionais que trabalham com modera\u00e7\u00e3o de conte\u00fado na internet"}]},{"@type":"WebSite","@id":"https:\/\/www.lumiun.com\/blog\/#website","url":"https:\/\/www.lumiun.com\/blog\/","name":"Lumiun Blog","description":"Conte\u00fado sobre gest\u00e3o e seguran\u00e7a da internet para gestores e profissionais de TI","publisher":{"@id":"https:\/\/www.lumiun.com\/blog\/#organization"},"potentialAction":[{"@type":"SearchAction","target":{"@type":"EntryPoint","urlTemplate":"https:\/\/www.lumiun.com\/blog\/?s={search_term_string}"},"query-input":{"@type":"PropertyValueSpecification","valueRequired":true,"valueName":"search_term_string"}}],"inLanguage":"pt-BR"},{"@type":"Organization","@id":"https:\/\/www.lumiun.com\/blog\/#organization","name":"Lumiun Tecnologia","url":"https:\/\/www.lumiun.com\/blog\/","logo":{"@type":"ImageObject","inLanguage":"pt-BR","@id":"https:\/\/www.lumiun.com\/blog\/#\/schema\/logo\/image\/","url":"https:\/\/www.lumiun.com\/blog\/wp-content\/uploads\/logo-lumiun.png","contentUrl":"https:\/\/www.lumiun.com\/blog\/wp-content\/uploads\/logo-lumiun.png","width":1500,"height":930,"caption":"Lumiun Tecnologia"},"image":{"@id":"https:\/\/www.lumiun.com\/blog\/#\/schema\/logo\/image\/"},"sameAs":["https:\/\/www.facebook.com\/LumiunTecnologia\/","https:\/\/www.linkedin.com\/company\/lumiun---cloud-managed-network\/","https:\/\/www.youtube.com\/LumiunNetwork"]},{"@type":"Person","@id":"https:\/\/www.lumiun.com\/blog\/#\/schema\/person\/ec6073b9f8118a645a39feb51b710f3a","name":"Equipe Lumiun","image":{"@type":"ImageObject","inLanguage":"pt-BR","@id":"https:\/\/www.lumiun.com\/blog\/#\/schema\/person\/image\/","url":"https:\/\/secure.gravatar.com\/avatar\/65646655862a1ff55ad08c98066a36cc?s=96&d=mm&r=g","contentUrl":"https:\/\/secure.gravatar.com\/avatar\/65646655862a1ff55ad08c98066a36cc?s=96&d=mm&r=g","caption":"Equipe Lumiun"},"description":"Especialistas em tecnologia e ciberseguran\u00e7a, dedicados a simplificar o controle e prote\u00e7\u00e3o de redes corporativas. Apoiamos empresas a crescerem com mais seguran\u00e7a, efici\u00eancia e conectividade.","sameAs":["https:\/\/www.lumiun.com"],"url":"https:\/\/www.lumiun.com\/blog\/author\/cledison\/"}]}},"_links":{"self":[{"href":"https:\/\/www.lumiun.com\/blog\/wp-json\/wp\/v2\/posts\/2547"}],"collection":[{"href":"https:\/\/www.lumiun.com\/blog\/wp-json\/wp\/v2\/posts"}],"about":[{"href":"https:\/\/www.lumiun.com\/blog\/wp-json\/wp\/v2\/types\/post"}],"author":[{"embeddable":true,"href":"https:\/\/www.lumiun.com\/blog\/wp-json\/wp\/v2\/users\/2"}],"replies":[{"embeddable":true,"href":"https:\/\/www.lumiun.com\/blog\/wp-json\/wp\/v2\/comments?post=2547"}],"version-history":[{"count":22,"href":"https:\/\/www.lumiun.com\/blog\/wp-json\/wp\/v2\/posts\/2547\/revisions"}],"predecessor-version":[{"id":4372,"href":"https:\/\/www.lumiun.com\/blog\/wp-json\/wp\/v2\/posts\/2547\/revisions\/4372"}],"wp:featuredmedia":[{"embeddable":true,"href":"https:\/\/www.lumiun.com\/blog\/wp-json\/wp\/v2\/media\/2555"}],"wp:attachment":[{"href":"https:\/\/www.lumiun.com\/blog\/wp-json\/wp\/v2\/media?parent=2547"}],"wp:term":[{"taxonomy":"category","embeddable":true,"href":"https:\/\/www.lumiun.com\/blog\/wp-json\/wp\/v2\/categories?post=2547"},{"taxonomy":"post_tag","embeddable":true,"href":"https:\/\/www.lumiun.com\/blog\/wp-json\/wp\/v2\/tags?post=2547"}],"curies":[{"name":"wp","href":"https:\/\/api.w.org\/{rel}","templated":true}]}}