{"id":5295,"date":"2020-05-11T09:24:31","date_gmt":"2020-05-11T12:24:31","guid":{"rendered":"https:\/\/www.lumiun.com\/blog\/?p=5295"},"modified":"2022-05-02T15:02:15","modified_gmt":"2022-05-02T18:02:15","slug":"a-semana-da-seguranca-da-informacao-edicao-no11","status":"publish","type":"post","link":"https:\/\/www.lumiun.com\/blog\/a-semana-da-seguranca-da-informacao-edicao-no11\/","title":{"rendered":"A Semana da Seguran\u00e7a da Informa\u00e7\u00e3o &#8211; Edi\u00e7\u00e3o N\u00ba11"},"content":{"rendered":"<p>Na edi\u00e7\u00e3o N\u00ba11 da Semana da Seguran\u00e7a da Informa\u00e7\u00e3o Presidente ignora seguran\u00e7a da Informa\u00e7\u00e3o com WhatsApp, dicas de certifica\u00e7\u00f5es, ataque ao Grupo Energisa, ataque a contado GitHub da Microsoft, v\u00eddeos, eventos e material.<\/p>\n<hr \/>\n<h2 id=\"noticias\">Not\u00edcias<\/h2>\n<h3 id=\"bolsonaro-ignora-seguranca-da-informacao-ao-usar-whatsapp-em-celular-comum\"><a href=\"https:\/\/olhardigital.com.br\/fique_seguro\/noticia\/bolsonaro-ignora-seguranca-da-informacao-ao-usar-whatsapp-em-celular-samsung\/100396\" target=\"_blank\" rel=\"noopener noreferrer\">Bolsonaro ignora seguran\u00e7a da informa\u00e7\u00e3o ao usar WhatsApp em celular comum<\/a><\/h3>\n<p>Presidente exp\u00f4s conversas com o atual ex-ministro S\u00e9rgio Moro, deixando claro que n\u00e3o usa sistemas de comunica\u00e7\u00e3o especiais para tratar de temas de governo<\/p>\n<p><span style=\"color: #808080;\"><em>Por Renato Santino em Olhar Digital<\/em><\/span><\/p>\n<h3 id=\"certificacoes-na-area-de-seguranca-da-informacao\"><a href=\"https:\/\/diariodeuberlandia.com.br\/coluna\/4347\/certificacoes-na-area-de-seguranca-da-informacao\" target=\"_blank\" rel=\"noopener noreferrer\">Certifica\u00e7\u00f5es na \u00e1rea de Seguran\u00e7a da Informa\u00e7\u00e3o<\/a><\/h3>\n<p>Para os que j\u00e1 atuam com Seguran\u00e7a da Informa\u00e7\u00e3o ou desejam ingressar na \u00e1rea, segue uma lista com 5 das principais certifica\u00e7\u00f5es dispon\u00edveis no mercado.<\/p>\n<p><span style=\"color: #808080;\"><em>Por Paulo Sant&#8217;anna em Di\u00e1gio de Uberl\u00e2ndia<\/em><\/span><\/p>\n<h3 id=\"grupo-energisa-sofre-ataque-hacker-invasor-teria-criptografado-servidores-e-pedido-r-5-mi\"><a href=\"https:\/\/thehack.com.br\/grupo-energisa-sofre-ataque-hacker-mas-se-nega-a-detalhar-incidente\/\" target=\"_blank\" rel=\"noopener noreferrer\">Grupo Energisa sofre \u201cataque hacker\u201d; invasor teria criptografado servidores e pedido R$ 5 mi<\/a><\/h3>\n<p>O Grupo Energisa, holding de empresas especializadas em gera\u00e7\u00e3o e distribui\u00e7\u00e3o de energia el\u00e9trica, confirmou ter sofrido um \u201cataque hacker\u201d na madrugada do dia 29 de abril.<\/p>\n<p><span style=\"color: #808080;\"><em>Por Ramon de Souza em TechHack<\/em><\/span><\/p>\n<h3 id=\"energisa-tenta-se-recuperar-de-ataque-ha-uma-semana\"><a href=\"https:\/\/www.baguete.com.br\/noticias\/06\/05\/2020\/energisa-tenta-se-recuperar-de-ataque-ha-uma-semana\" target=\"_blank\" rel=\"noopener noreferrer\">Energisa tenta se recuperar de ataque h\u00e1 uma semana<\/a><\/h3>\n<p>Companhia est\u00e1 com site e aplicativo fora do ar enquanto busca restabelecer sistemas.<\/p>\n<p><span style=\"color: #808080;\"><em>Por Luana Rosales em Baguete<\/em><\/span><\/p>\n<h3 id=\"conta-do-github-da-microsoft-teria-atingido-enorme-ataque-cibernetico\"><a href=\"https:\/\/www.techradar.com\/news\/microsoft-github-account-reportedly-hit-in-huge-cyberattack\" target=\"_blank\" rel=\"noopener noreferrer\">Conta do GitHub da Microsoft teria atingido enorme ataque cibern\u00e9tico<\/a><\/h3>\n<p>Supostamente foram roubados 500 GB de dados da conta do GitHub da Microsoft.<\/p>\n<p><span style=\"color: #808080;\"><em>Por Mike Moore em TechRadar<\/em><\/span><\/p>\n<h3 id=\"10-maneiras-de-aproveitar-melhor-seu-orcamento-de-seguranca\"><a href=\"https:\/\/cio.com.br\/10-maneiras-de-aproveitar-melhor-seu-orcamento-de-seguranca\/\" target=\"_blank\" rel=\"noopener noreferrer\">10 maneiras de aproveitar melhor seu or\u00e7amento de seguran\u00e7a<\/a><\/h3>\n<p>No clima econ\u00f4mico de hoje, CISOs precisam fazer com que cada centavo conte e maximize cada d\u00f3lar. Aqui est\u00e1 como alguns fazem isso<\/p>\n<p><span style=\"color: #808080;\"><em>Por Mary K. Pratt em CIO<\/em><\/span><\/p>\n<h3 id=\"como-melhorar-a-velocidade-da-internet-na-minha-empresa\"><a href=\"https:\/\/www.lumiun.com\/blog\/como-melhorar-a-velocidade-da-internet-na-minha-empresa\/\" target=\"_blank\" rel=\"noopener noreferrer\">Como melhorar a velocidade da internet na minha empresa?<\/a><\/h3>\n<p>Melhorar a velocidade da internet na empresa \u00e9 essencial para aprimorar a produtividade de seus colaboradores. \u00c9 bom ficar de olho em sua conex\u00e3o.<\/p>\n<p><span style=\"color: #808080;\"><em>Por Al\u00e9x de Oliveira em Blog do Lumiun<\/em><\/span><\/p>\n<h3 id=\"novo-ciberataque-rouba-dados-atraves-da-fonte-do-pc\"><a href=\"https:\/\/adrenaline.com.br\/noticias\/v\/63928\/novo-ciberataque-rouba-dados-atraves-da-fonte-do-pc\" target=\"_blank\" rel=\"noopener noreferrer\">Novo ciberataque rouba dados atrav\u00e9s da&#8230; fonte do PC<\/a><\/h3>\n<p>Felizmente, ele n\u00e3o \u00e9 t\u00e3o eficaz em situa\u00e7\u00f5es comuns de uso<\/p>\n<p><span style=\"color: #808080;\"><em>Por Saori Almeida em Adrenaline<\/em><\/span><\/p>\n<hr \/>\n<h2 id=\"videos\">V\u00eddeos<\/h2>\n<h3 id=\"por-onde-comecar-em-seguranca-da-informacao\"><a href=\"https:\/\/www.youtube.com\/watch?v=3MVrwuf0XO8\" target=\"_blank\" rel=\"noopener noreferrer\">Por onde come\u00e7ar em seguran\u00e7a da informa\u00e7\u00e3o?<\/a><\/h3>\n<div  id=\"_ytid_43270\"  width=\"800\" height=\"450\"  data-origwidth=\"800\" data-origheight=\"450\"  data-relstop=\"1\" data-facadesrc=\"https:\/\/www.youtube.com\/embed\/3MVrwuf0XO8?enablejsapi=1&#038;autoplay=0&#038;cc_load_policy=0&#038;iv_load_policy=1&#038;loop=0&#038;modestbranding=1&#038;fs=1&#038;playsinline=0&#038;controls=1&#038;color=red&#038;cc_lang_pref=&#038;rel=0&#038;autohide=2&#038;theme=dark&#038;\" class=\"__youtube_prefs__ epyt-facade epyt-is-override  no-lazyload\" data-epautoplay=\"1\" ><img decoding=\"async\" data-spai-excluded=\"true\" class=\"epyt-facade-poster skip-lazy\" loading=\"lazy\"  alt=\"YouTube player\"  src=\"https:\/\/i.ytimg.com\/vi\/3MVrwuf0XO8\/maxresdefault.jpg\"  \/><button class=\"epyt-facade-play\" aria-label=\"Play\"><svg data-no-lazy=\"1\" height=\"100%\" version=\"1.1\" viewBox=\"0 0 68 48\" width=\"100%\"><path class=\"ytp-large-play-button-bg\" d=\"M66.52,7.74c-0.78-2.93-2.49-5.41-5.42-6.19C55.79,.13,34,0,34,0S12.21,.13,6.9,1.55 C3.97,2.33,2.27,4.81,1.48,7.74C0.06,13.05,0,24,0,24s0.06,10.95,1.48,16.26c0.78,2.93,2.49,5.41,5.42,6.19 C12.21,47.87,34,48,34,48s21.79-0.13,27.1-1.55c2.93-0.78,4.64-3.26,5.42-6.19C67.94,34.95,68,24,68,24S67.94,13.05,66.52,7.74z\" fill=\"#f00\"><\/path><path d=\"M 45,24 27,14 27,34\" fill=\"#fff\"><\/path><\/svg><\/button><\/div>\n<h3 id=\"seguranca-da-tecnologia-da-informacao-em-pandemia-opiniao-minas\"><a href=\"https:\/\/www.youtube.com\/watch?v=K3G4ft8VwkQ\" target=\"_blank\" rel=\"noopener noreferrer\">Seguran\u00e7a da Tecnologia da Informa\u00e7\u00e3o em pandemia &#8211; Opini\u00e3o Minas<\/a><\/h3>\n<div  id=\"_ytid_13715\"  width=\"800\" height=\"450\"  data-origwidth=\"800\" data-origheight=\"450\"  data-relstop=\"1\" data-facadesrc=\"https:\/\/www.youtube.com\/embed\/K3G4ft8VwkQ?enablejsapi=1&#038;autoplay=0&#038;cc_load_policy=0&#038;iv_load_policy=1&#038;loop=0&#038;modestbranding=1&#038;fs=1&#038;playsinline=0&#038;controls=1&#038;color=red&#038;cc_lang_pref=&#038;rel=0&#038;autohide=2&#038;theme=dark&#038;\" class=\"__youtube_prefs__ epyt-facade epyt-is-override  no-lazyload\" data-epautoplay=\"1\" ><img decoding=\"async\" data-spai-excluded=\"true\" class=\"epyt-facade-poster skip-lazy\" loading=\"lazy\"  alt=\"YouTube player\"  src=\"https:\/\/i.ytimg.com\/vi\/K3G4ft8VwkQ\/maxresdefault.jpg\"  \/><button class=\"epyt-facade-play\" aria-label=\"Play\"><svg data-no-lazy=\"1\" height=\"100%\" version=\"1.1\" viewBox=\"0 0 68 48\" width=\"100%\"><path class=\"ytp-large-play-button-bg\" d=\"M66.52,7.74c-0.78-2.93-2.49-5.41-5.42-6.19C55.79,.13,34,0,34,0S12.21,.13,6.9,1.55 C3.97,2.33,2.27,4.81,1.48,7.74C0.06,13.05,0,24,0,24s0.06,10.95,1.48,16.26c0.78,2.93,2.49,5.41,5.42,6.19 C12.21,47.87,34,48,34,48s21.79-0.13,27.1-1.55c2.93-0.78,4.64-3.26,5.42-6.19C67.94,34.95,68,24,68,24S67.94,13.05,66.52,7.74z\" fill=\"#f00\"><\/path><path d=\"M 45,24 27,14 27,34\" fill=\"#fff\"><\/path><\/svg><\/button><\/div>\n<h3 id=\"webinar-bdo-protecao-de-dados-privacidade-e-seguranca-da-informacao\"><a href=\"https:\/\/www.youtube.com\/watch?v=rXmWjZoPjC0\" target=\"_blank\" rel=\"noopener noreferrer\">Webinar BDO &#8211; Prote\u00e7\u00e3o de Dados, Privacidade e Seguran\u00e7a da Informa\u00e7\u00e3o<\/a><\/h3>\n<div  id=\"_ytid_55765\"  width=\"800\" height=\"450\"  data-origwidth=\"800\" data-origheight=\"450\"  data-relstop=\"1\" data-facadesrc=\"https:\/\/www.youtube.com\/embed\/rXmWjZoPjC0?enablejsapi=1&#038;autoplay=0&#038;cc_load_policy=0&#038;iv_load_policy=1&#038;loop=0&#038;modestbranding=1&#038;fs=1&#038;playsinline=0&#038;controls=1&#038;color=red&#038;cc_lang_pref=&#038;rel=0&#038;autohide=2&#038;theme=dark&#038;\" class=\"__youtube_prefs__ epyt-facade epyt-is-override  no-lazyload\" data-epautoplay=\"1\" ><img decoding=\"async\" data-spai-excluded=\"true\" class=\"epyt-facade-poster skip-lazy\" loading=\"lazy\"  alt=\"YouTube player\"  src=\"https:\/\/i.ytimg.com\/vi\/rXmWjZoPjC0\/maxresdefault.jpg\"  \/><button class=\"epyt-facade-play\" aria-label=\"Play\"><svg data-no-lazy=\"1\" height=\"100%\" version=\"1.1\" viewBox=\"0 0 68 48\" width=\"100%\"><path class=\"ytp-large-play-button-bg\" d=\"M66.52,7.74c-0.78-2.93-2.49-5.41-5.42-6.19C55.79,.13,34,0,34,0S12.21,.13,6.9,1.55 C3.97,2.33,2.27,4.81,1.48,7.74C0.06,13.05,0,24,0,24s0.06,10.95,1.48,16.26c0.78,2.93,2.49,5.41,5.42,6.19 C12.21,47.87,34,48,34,48s21.79-0.13,27.1-1.55c2.93-0.78,4.64-3.26,5.42-6.19C67.94,34.95,68,24,68,24S67.94,13.05,66.52,7.74z\" fill=\"#f00\"><\/path><path d=\"M 45,24 27,14 27,34\" fill=\"#fff\"><\/path><\/svg><\/button><\/div>\n<p>&nbsp;<\/p>\n<hr \/>\n<h2 id=\"eventos\">Eventos<\/h2>\n<h3 id=\"womcy-live-talks-brasil\"><a href=\"https:\/\/www.eventbrite.com.mx\/e\/womcy-live-talks-brasil-registration-104111432096?aff=WOMCY\" target=\"_blank\" rel=\"noopener noreferrer\">WOMCY Live Talks Brasil<\/a><\/h3>\n<p>Congresso online promovido pela WOMCY &#8211; LATAM Women in Cybersecurity, com 18 palestras a serem ministradas por l\u00edderes, volunt\u00e1rios, membros de nossa comunidade como e parceiros da comunidade CyberSecurity Girls.<\/p>\n<p><span style=\"color: #808080;\"><em>Por WOMCY &#8211; LATAM Women in Cybersecurity<\/em><\/span><\/p>\n<h3 id=\"como-gerar-apoio-aos-negocios-atraves-da-seguranca-da-informacao\"><a href=\"https:\/\/www.sympla.com.br\/como-gerar-apoio-aos-negocios-atraves-da-seguranca-da-informacao__849754\" target=\"_blank\" rel=\"noopener noreferrer\">Como gerar apoio aos neg\u00f3cios atrav\u00e9s da seguran\u00e7a da informa\u00e7\u00e3o<\/a><\/h3>\n<ul>\n<li>14 de maio de 2020, 10h-11h<\/li>\n<li>Evento online<\/li>\n<\/ul>\n<h3 id=\"amecas-e-vulnerabilidades-de-seguranca-da-informacao-na-crise-do-covid-19\"><a href=\"https:\/\/www.sympla.com.br\/amecas-e-vulnerabilidades-de-seguranca-da-informacao-na-crise-do-covid-19__837300\" target=\"_blank\" rel=\"noopener noreferrer\">Ame\u00e7as e Vulnerabilidades de seguran\u00e7a da Informa\u00e7\u00e3o na crise do covid-19<\/a><\/h3>\n<ul>\n<li>14 de maio de 2020, 19h30-20h30<\/li>\n<li>Evento online<\/li>\n<\/ul>\n<hr \/>\n<h2 id=\"material\">Material<\/h2>\n<h3 id=\"vpn-empresarial\"><a href=\"https:\/\/www.lumiun.com\/materiais\/apresentacao-vpn-empresarial\" target=\"_blank\" rel=\"noopener noreferrer\">VPN Empresarial<\/a><\/h3>\n<div class=\"rock-convert-banner\"><a href=\"https:\/\/conteudo.lumiun.com\/apresentacao-vpn-empresarial?utm_medium=rock-convert&utm_source=blog&utm_campaign=banner-meio-artigo\" target=\"_blank\" class=\"rock-convert-cta-link\" data-cta-id=\"5235\" data-cta-title=\"VPN Empresarial\"><picture><source srcset=\"https:\/\/www.lumiun.com\/blog\/wp-content\/webp-express\/webp-images\/uploads\/banner-rock-VPN.jpg.webp 619w, https:\/\/www.lumiun.com\/blog\/wp-content\/webp-express\/webp-images\/uploads\/banner-rock-VPN-500x203.jpg.webp 500w, https:\/\/www.lumiun.com\/blog\/wp-content\/webp-express\/webp-images\/uploads\/banner-rock-VPN-380x154.jpg.webp 380w\" sizes=\"(max-width: 619px) 100vw, 619px\" type=\"image\/webp\"><img fetchpriority=\"high\" decoding=\"async\" width=\"619\" height=\"251\" src=\"https:\/\/www.lumiun.com\/blog\/wp-content\/uploads\/banner-rock-VPN.jpg\" class=\"attachment-full size-full webpexpress-processed\" alt=\"\" title=\"VPN Empresarial\" srcset=\"https:\/\/www.lumiun.com\/blog\/wp-content\/uploads\/banner-rock-VPN.jpg 619w, https:\/\/www.lumiun.com\/blog\/wp-content\/uploads\/banner-rock-VPN-500x203.jpg 500w, https:\/\/www.lumiun.com\/blog\/wp-content\/uploads\/banner-rock-VPN-380x154.jpg 380w\" sizes=\"(max-width: 619px) 100vw, 619px\" loading=\"eager\"><\/picture><\/a><\/div>\n<hr \/>\n<p>Voc\u00ea ainda n\u00e3o est\u00e1 inscrito na nossa newsletter para receber esse conte\u00fado semanalmente no e-mail? Ent\u00e3o se inscreva atrav\u00e9s do link abaixo:<\/p>\n<p><a href=\"https:\/\/conteudo.lumiun.com\/semana-da-seguranca-na-internet\">https:\/\/conteudo.lumiun.com\/semana-da-seguranca-na-internet<\/a><\/p>\n<p>Compartilhe o link com seus colegas e amigos.<\/p>\n","protected":false},"excerpt":{"rendered":"Na edi\u00e7\u00e3o N\u00ba11 da Semana da Seguran\u00e7a da Informa\u00e7\u00e3o Presidente ignora seguran\u00e7a da Informa\u00e7\u00e3o com WhatsApp, dicas de&hellip;\n","protected":false},"author":1,"featured_media":5297,"comment_status":"closed","ping_status":"open","sticky":false,"template":"","format":"image","meta":{"content-type":"","footnotes":""},"categories":[143],"tags":[201,202,206,203,204,20,205],"yoast_head":"<!-- This site is optimized with the Yoast SEO plugin v24.0 - https:\/\/yoast.com\/wordpress\/plugins\/seo\/ -->\n<title>A Semana da Seguran\u00e7a da Informa\u00e7\u00e3o - Edi\u00e7\u00e3o N\u00ba11 | Lumiun Blog<\/title>\n<meta name=\"description\" content=\"Na edi\u00e7\u00e3o da Semana da Seguran\u00e7a da Informa\u00e7\u00e3o presidente ignora seguran\u00e7a da Informa\u00e7\u00e3o com WhatsApp, dicas de certifica\u00e7\u00f5es e muito mais\" \/>\n<meta name=\"robots\" content=\"index, follow, max-snippet:-1, max-image-preview:large, max-video-preview:-1\" \/>\n<link rel=\"canonical\" href=\"https:\/\/www.lumiun.com\/blog\/a-semana-da-seguranca-da-informacao-edicao-no11\/\" \/>\n<meta property=\"og:locale\" content=\"pt_BR\" \/>\n<meta property=\"og:type\" content=\"article\" \/>\n<meta property=\"og:title\" content=\"A Semana da Seguran\u00e7a da Informa\u00e7\u00e3o - Edi\u00e7\u00e3o N\u00ba11 | Lumiun Blog\" \/>\n<meta property=\"og:description\" content=\"Na edi\u00e7\u00e3o da Semana da Seguran\u00e7a da Informa\u00e7\u00e3o presidente ignora seguran\u00e7a da Informa\u00e7\u00e3o com WhatsApp, dicas de certifica\u00e7\u00f5es e muito mais\" \/>\n<meta property=\"og:url\" content=\"https:\/\/www.lumiun.com\/blog\/a-semana-da-seguranca-da-informacao-edicao-no11\/\" \/>\n<meta property=\"og:site_name\" content=\"Lumiun Blog\" \/>\n<meta property=\"article:publisher\" content=\"https:\/\/www.facebook.com\/LumiunTecnologia\/\" \/>\n<meta property=\"article:published_time\" content=\"2020-05-11T12:24:31+00:00\" \/>\n<meta property=\"article:modified_time\" content=\"2022-05-02T18:02:15+00:00\" \/>\n<meta property=\"og:image\" content=\"https:\/\/www.lumiun.com\/blog\/wp-content\/uploads\/Semana-da-Seguran\u00e7a-da-Informa\u00e7\u00e3o11.jpg\" \/>\n\t<meta property=\"og:image:width\" content=\"1200\" \/>\n\t<meta property=\"og:image:height\" content=\"708\" \/>\n\t<meta property=\"og:image:type\" content=\"image\/jpeg\" \/>\n<meta name=\"author\" content=\"Al\u00e9x de Oliveira\" \/>\n<meta name=\"twitter:card\" content=\"summary_large_image\" \/>\n<meta name=\"twitter:label1\" content=\"Escrito por\" \/>\n\t<meta name=\"twitter:data1\" content=\"Al\u00e9x de Oliveira\" \/>\n\t<meta name=\"twitter:label2\" content=\"Est. tempo de leitura\" \/>\n\t<meta name=\"twitter:data2\" content=\"3 minutos\" \/>\n<script type=\"application\/ld+json\" class=\"yoast-schema-graph\">{\"@context\":\"https:\/\/schema.org\",\"@graph\":[{\"@type\":\"Article\",\"@id\":\"https:\/\/www.lumiun.com\/blog\/a-semana-da-seguranca-da-informacao-edicao-no11\/#article\",\"isPartOf\":{\"@id\":\"https:\/\/www.lumiun.com\/blog\/a-semana-da-seguranca-da-informacao-edicao-no11\/\"},\"author\":{\"name\":\"Al\u00e9x de Oliveira\",\"@id\":\"https:\/\/www.lumiun.com\/blog\/#\/schema\/person\/12a17ed19bd7b3c3a482f7ef1077590d\"},\"headline\":\"A Semana da Seguran\u00e7a da Informa\u00e7\u00e3o &#8211; Edi\u00e7\u00e3o N\u00ba11\",\"datePublished\":\"2020-05-11T12:24:31+00:00\",\"dateModified\":\"2022-05-02T18:02:15+00:00\",\"mainEntityOfPage\":{\"@id\":\"https:\/\/www.lumiun.com\/blog\/a-semana-da-seguranca-da-informacao-edicao-no11\/\"},\"wordCount\":556,\"publisher\":{\"@id\":\"https:\/\/www.lumiun.com\/blog\/#organization\"},\"image\":{\"@id\":\"https:\/\/www.lumiun.com\/blog\/a-semana-da-seguranca-da-informacao-edicao-no11\/#primaryimage\"},\"thumbnailUrl\":\"https:\/\/www.lumiun.com\/blog\/wp-content\/uploads\/Semana-da-Seguran\u00e7a-da-Informa\u00e7\u00e3o11.jpg\",\"keywords\":[\"ciberataque\",\"energisa\",\"eventos\",\"github\",\"microsoft\",\"v\u00eddeos\",\"webinar\"],\"articleSection\":[\"Semana da Seguran\u00e7a na Internet\"],\"inLanguage\":\"pt-BR\"},{\"@type\":\"WebPage\",\"@id\":\"https:\/\/www.lumiun.com\/blog\/a-semana-da-seguranca-da-informacao-edicao-no11\/\",\"url\":\"https:\/\/www.lumiun.com\/blog\/a-semana-da-seguranca-da-informacao-edicao-no11\/\",\"name\":\"A Semana da Seguran\u00e7a da Informa\u00e7\u00e3o - Edi\u00e7\u00e3o N\u00ba11 | Lumiun Blog\",\"isPartOf\":{\"@id\":\"https:\/\/www.lumiun.com\/blog\/#website\"},\"primaryImageOfPage\":{\"@id\":\"https:\/\/www.lumiun.com\/blog\/a-semana-da-seguranca-da-informacao-edicao-no11\/#primaryimage\"},\"image\":{\"@id\":\"https:\/\/www.lumiun.com\/blog\/a-semana-da-seguranca-da-informacao-edicao-no11\/#primaryimage\"},\"thumbnailUrl\":\"https:\/\/www.lumiun.com\/blog\/wp-content\/uploads\/Semana-da-Seguran\u00e7a-da-Informa\u00e7\u00e3o11.jpg\",\"datePublished\":\"2020-05-11T12:24:31+00:00\",\"dateModified\":\"2022-05-02T18:02:15+00:00\",\"description\":\"Na edi\u00e7\u00e3o da Semana da Seguran\u00e7a da Informa\u00e7\u00e3o presidente ignora seguran\u00e7a da Informa\u00e7\u00e3o com WhatsApp, dicas de certifica\u00e7\u00f5es e muito mais\",\"breadcrumb\":{\"@id\":\"https:\/\/www.lumiun.com\/blog\/a-semana-da-seguranca-da-informacao-edicao-no11\/#breadcrumb\"},\"inLanguage\":\"pt-BR\",\"potentialAction\":[{\"@type\":\"ReadAction\",\"target\":[\"https:\/\/www.lumiun.com\/blog\/a-semana-da-seguranca-da-informacao-edicao-no11\/\"]}]},{\"@type\":\"ImageObject\",\"inLanguage\":\"pt-BR\",\"@id\":\"https:\/\/www.lumiun.com\/blog\/a-semana-da-seguranca-da-informacao-edicao-no11\/#primaryimage\",\"url\":\"https:\/\/www.lumiun.com\/blog\/wp-content\/uploads\/Semana-da-Seguran\u00e7a-da-Informa\u00e7\u00e3o11.jpg\",\"contentUrl\":\"https:\/\/www.lumiun.com\/blog\/wp-content\/uploads\/Semana-da-Seguran\u00e7a-da-Informa\u00e7\u00e3o11.jpg\",\"width\":1200,\"height\":708},{\"@type\":\"BreadcrumbList\",\"@id\":\"https:\/\/www.lumiun.com\/blog\/a-semana-da-seguranca-da-informacao-edicao-no11\/#breadcrumb\",\"itemListElement\":[{\"@type\":\"ListItem\",\"position\":1,\"name\":\"In\u00edcio\",\"item\":\"https:\/\/www.lumiun.com\/blog\/\"},{\"@type\":\"ListItem\",\"position\":2,\"name\":\"A Semana da Seguran\u00e7a da Informa\u00e7\u00e3o &#8211; Edi\u00e7\u00e3o N\u00ba11\"}]},{\"@type\":\"WebSite\",\"@id\":\"https:\/\/www.lumiun.com\/blog\/#website\",\"url\":\"https:\/\/www.lumiun.com\/blog\/\",\"name\":\"Lumiun Blog\",\"description\":\"Conte\u00fado sobre gest\u00e3o e seguran\u00e7a da internet para gestores e profissionais de TI\",\"publisher\":{\"@id\":\"https:\/\/www.lumiun.com\/blog\/#organization\"},\"potentialAction\":[{\"@type\":\"SearchAction\",\"target\":{\"@type\":\"EntryPoint\",\"urlTemplate\":\"https:\/\/www.lumiun.com\/blog\/?s={search_term_string}\"},\"query-input\":{\"@type\":\"PropertyValueSpecification\",\"valueRequired\":true,\"valueName\":\"search_term_string\"}}],\"inLanguage\":\"pt-BR\"},{\"@type\":\"Organization\",\"@id\":\"https:\/\/www.lumiun.com\/blog\/#organization\",\"name\":\"Lumiun Tecnologia\",\"url\":\"https:\/\/www.lumiun.com\/blog\/\",\"logo\":{\"@type\":\"ImageObject\",\"inLanguage\":\"pt-BR\",\"@id\":\"https:\/\/www.lumiun.com\/blog\/#\/schema\/logo\/image\/\",\"url\":\"https:\/\/www.lumiun.com\/blog\/wp-content\/uploads\/logo-lumiun.png\",\"contentUrl\":\"https:\/\/www.lumiun.com\/blog\/wp-content\/uploads\/logo-lumiun.png\",\"width\":1500,\"height\":930,\"caption\":\"Lumiun Tecnologia\"},\"image\":{\"@id\":\"https:\/\/www.lumiun.com\/blog\/#\/schema\/logo\/image\/\"},\"sameAs\":[\"https:\/\/www.facebook.com\/LumiunTecnologia\/\",\"https:\/\/www.linkedin.com\/company\/lumiun---cloud-managed-network\/\",\"https:\/\/www.youtube.com\/LumiunNetwork\"]},{\"@type\":\"Person\",\"@id\":\"https:\/\/www.lumiun.com\/blog\/#\/schema\/person\/12a17ed19bd7b3c3a482f7ef1077590d\",\"name\":\"Al\u00e9x de Oliveira\",\"image\":{\"@type\":\"ImageObject\",\"inLanguage\":\"pt-BR\",\"@id\":\"https:\/\/www.lumiun.com\/blog\/#\/schema\/person\/image\/\",\"url\":\"https:\/\/secure.gravatar.com\/avatar\/7eb470d4e7f28f1be606747261c0b187?s=96&d=mm&r=g\",\"contentUrl\":\"https:\/\/secure.gravatar.com\/avatar\/7eb470d4e7f28f1be606747261c0b187?s=96&d=mm&r=g\",\"caption\":\"Al\u00e9x de Oliveira\"},\"description\":\"Sou cofundador e CTO da Lumiun, onde lidero o desenvolvimento das nossas solu\u00e7\u00f5es de seguran\u00e7a de rede, com foco em usabilidade, performance e escalabilidade, atendendo tanto MSPs quanto decisores de TI em empresas que buscam controle e prote\u00e7\u00e3o eficaz da navega\u00e7\u00e3o corporativa.\",\"url\":\"https:\/\/www.lumiun.com\/blog\/author\/alex\/\"}]}<\/script>\n<!-- \/ Yoast SEO plugin. -->","yoast_head_json":{"title":"A Semana da Seguran\u00e7a da Informa\u00e7\u00e3o - Edi\u00e7\u00e3o N\u00ba11 | Lumiun Blog","description":"Na edi\u00e7\u00e3o da Semana da Seguran\u00e7a da Informa\u00e7\u00e3o presidente ignora seguran\u00e7a da Informa\u00e7\u00e3o com WhatsApp, dicas de certifica\u00e7\u00f5es e muito mais","robots":{"index":"index","follow":"follow","max-snippet":"max-snippet:-1","max-image-preview":"max-image-preview:large","max-video-preview":"max-video-preview:-1"},"canonical":"https:\/\/www.lumiun.com\/blog\/a-semana-da-seguranca-da-informacao-edicao-no11\/","og_locale":"pt_BR","og_type":"article","og_title":"A Semana da Seguran\u00e7a da Informa\u00e7\u00e3o - Edi\u00e7\u00e3o N\u00ba11 | Lumiun Blog","og_description":"Na edi\u00e7\u00e3o da Semana da Seguran\u00e7a da Informa\u00e7\u00e3o presidente ignora seguran\u00e7a da Informa\u00e7\u00e3o com WhatsApp, dicas de certifica\u00e7\u00f5es e muito mais","og_url":"https:\/\/www.lumiun.com\/blog\/a-semana-da-seguranca-da-informacao-edicao-no11\/","og_site_name":"Lumiun Blog","article_publisher":"https:\/\/www.facebook.com\/LumiunTecnologia\/","article_published_time":"2020-05-11T12:24:31+00:00","article_modified_time":"2022-05-02T18:02:15+00:00","og_image":[{"width":1200,"height":708,"url":"https:\/\/www.lumiun.com\/blog\/wp-content\/uploads\/Semana-da-Seguran\u00e7a-da-Informa\u00e7\u00e3o11.jpg","type":"image\/jpeg"}],"author":"Al\u00e9x de Oliveira","twitter_card":"summary_large_image","twitter_misc":{"Escrito por":"Al\u00e9x de Oliveira","Est. tempo de leitura":"3 minutos"},"schema":{"@context":"https:\/\/schema.org","@graph":[{"@type":"Article","@id":"https:\/\/www.lumiun.com\/blog\/a-semana-da-seguranca-da-informacao-edicao-no11\/#article","isPartOf":{"@id":"https:\/\/www.lumiun.com\/blog\/a-semana-da-seguranca-da-informacao-edicao-no11\/"},"author":{"name":"Al\u00e9x de Oliveira","@id":"https:\/\/www.lumiun.com\/blog\/#\/schema\/person\/12a17ed19bd7b3c3a482f7ef1077590d"},"headline":"A Semana da Seguran\u00e7a da Informa\u00e7\u00e3o &#8211; Edi\u00e7\u00e3o N\u00ba11","datePublished":"2020-05-11T12:24:31+00:00","dateModified":"2022-05-02T18:02:15+00:00","mainEntityOfPage":{"@id":"https:\/\/www.lumiun.com\/blog\/a-semana-da-seguranca-da-informacao-edicao-no11\/"},"wordCount":556,"publisher":{"@id":"https:\/\/www.lumiun.com\/blog\/#organization"},"image":{"@id":"https:\/\/www.lumiun.com\/blog\/a-semana-da-seguranca-da-informacao-edicao-no11\/#primaryimage"},"thumbnailUrl":"https:\/\/www.lumiun.com\/blog\/wp-content\/uploads\/Semana-da-Seguran\u00e7a-da-Informa\u00e7\u00e3o11.jpg","keywords":["ciberataque","energisa","eventos","github","microsoft","v\u00eddeos","webinar"],"articleSection":["Semana da Seguran\u00e7a na Internet"],"inLanguage":"pt-BR"},{"@type":"WebPage","@id":"https:\/\/www.lumiun.com\/blog\/a-semana-da-seguranca-da-informacao-edicao-no11\/","url":"https:\/\/www.lumiun.com\/blog\/a-semana-da-seguranca-da-informacao-edicao-no11\/","name":"A Semana da Seguran\u00e7a da Informa\u00e7\u00e3o - Edi\u00e7\u00e3o N\u00ba11 | Lumiun Blog","isPartOf":{"@id":"https:\/\/www.lumiun.com\/blog\/#website"},"primaryImageOfPage":{"@id":"https:\/\/www.lumiun.com\/blog\/a-semana-da-seguranca-da-informacao-edicao-no11\/#primaryimage"},"image":{"@id":"https:\/\/www.lumiun.com\/blog\/a-semana-da-seguranca-da-informacao-edicao-no11\/#primaryimage"},"thumbnailUrl":"https:\/\/www.lumiun.com\/blog\/wp-content\/uploads\/Semana-da-Seguran\u00e7a-da-Informa\u00e7\u00e3o11.jpg","datePublished":"2020-05-11T12:24:31+00:00","dateModified":"2022-05-02T18:02:15+00:00","description":"Na edi\u00e7\u00e3o da Semana da Seguran\u00e7a da Informa\u00e7\u00e3o presidente ignora seguran\u00e7a da Informa\u00e7\u00e3o com WhatsApp, dicas de certifica\u00e7\u00f5es e muito mais","breadcrumb":{"@id":"https:\/\/www.lumiun.com\/blog\/a-semana-da-seguranca-da-informacao-edicao-no11\/#breadcrumb"},"inLanguage":"pt-BR","potentialAction":[{"@type":"ReadAction","target":["https:\/\/www.lumiun.com\/blog\/a-semana-da-seguranca-da-informacao-edicao-no11\/"]}]},{"@type":"ImageObject","inLanguage":"pt-BR","@id":"https:\/\/www.lumiun.com\/blog\/a-semana-da-seguranca-da-informacao-edicao-no11\/#primaryimage","url":"https:\/\/www.lumiun.com\/blog\/wp-content\/uploads\/Semana-da-Seguran\u00e7a-da-Informa\u00e7\u00e3o11.jpg","contentUrl":"https:\/\/www.lumiun.com\/blog\/wp-content\/uploads\/Semana-da-Seguran\u00e7a-da-Informa\u00e7\u00e3o11.jpg","width":1200,"height":708},{"@type":"BreadcrumbList","@id":"https:\/\/www.lumiun.com\/blog\/a-semana-da-seguranca-da-informacao-edicao-no11\/#breadcrumb","itemListElement":[{"@type":"ListItem","position":1,"name":"In\u00edcio","item":"https:\/\/www.lumiun.com\/blog\/"},{"@type":"ListItem","position":2,"name":"A Semana da Seguran\u00e7a da Informa\u00e7\u00e3o &#8211; Edi\u00e7\u00e3o N\u00ba11"}]},{"@type":"WebSite","@id":"https:\/\/www.lumiun.com\/blog\/#website","url":"https:\/\/www.lumiun.com\/blog\/","name":"Lumiun Blog","description":"Conte\u00fado sobre gest\u00e3o e seguran\u00e7a da internet para gestores e profissionais de TI","publisher":{"@id":"https:\/\/www.lumiun.com\/blog\/#organization"},"potentialAction":[{"@type":"SearchAction","target":{"@type":"EntryPoint","urlTemplate":"https:\/\/www.lumiun.com\/blog\/?s={search_term_string}"},"query-input":{"@type":"PropertyValueSpecification","valueRequired":true,"valueName":"search_term_string"}}],"inLanguage":"pt-BR"},{"@type":"Organization","@id":"https:\/\/www.lumiun.com\/blog\/#organization","name":"Lumiun Tecnologia","url":"https:\/\/www.lumiun.com\/blog\/","logo":{"@type":"ImageObject","inLanguage":"pt-BR","@id":"https:\/\/www.lumiun.com\/blog\/#\/schema\/logo\/image\/","url":"https:\/\/www.lumiun.com\/blog\/wp-content\/uploads\/logo-lumiun.png","contentUrl":"https:\/\/www.lumiun.com\/blog\/wp-content\/uploads\/logo-lumiun.png","width":1500,"height":930,"caption":"Lumiun Tecnologia"},"image":{"@id":"https:\/\/www.lumiun.com\/blog\/#\/schema\/logo\/image\/"},"sameAs":["https:\/\/www.facebook.com\/LumiunTecnologia\/","https:\/\/www.linkedin.com\/company\/lumiun---cloud-managed-network\/","https:\/\/www.youtube.com\/LumiunNetwork"]},{"@type":"Person","@id":"https:\/\/www.lumiun.com\/blog\/#\/schema\/person\/12a17ed19bd7b3c3a482f7ef1077590d","name":"Al\u00e9x de Oliveira","image":{"@type":"ImageObject","inLanguage":"pt-BR","@id":"https:\/\/www.lumiun.com\/blog\/#\/schema\/person\/image\/","url":"https:\/\/secure.gravatar.com\/avatar\/7eb470d4e7f28f1be606747261c0b187?s=96&d=mm&r=g","contentUrl":"https:\/\/secure.gravatar.com\/avatar\/7eb470d4e7f28f1be606747261c0b187?s=96&d=mm&r=g","caption":"Al\u00e9x de Oliveira"},"description":"Sou cofundador e CTO da Lumiun, onde lidero o desenvolvimento das nossas solu\u00e7\u00f5es de seguran\u00e7a de rede, com foco em usabilidade, performance e escalabilidade, atendendo tanto MSPs quanto decisores de TI em empresas que buscam controle e prote\u00e7\u00e3o eficaz da navega\u00e7\u00e3o corporativa.","url":"https:\/\/www.lumiun.com\/blog\/author\/alex\/"}]}},"_links":{"self":[{"href":"https:\/\/www.lumiun.com\/blog\/wp-json\/wp\/v2\/posts\/5295"}],"collection":[{"href":"https:\/\/www.lumiun.com\/blog\/wp-json\/wp\/v2\/posts"}],"about":[{"href":"https:\/\/www.lumiun.com\/blog\/wp-json\/wp\/v2\/types\/post"}],"author":[{"embeddable":true,"href":"https:\/\/www.lumiun.com\/blog\/wp-json\/wp\/v2\/users\/1"}],"replies":[{"embeddable":true,"href":"https:\/\/www.lumiun.com\/blog\/wp-json\/wp\/v2\/comments?post=5295"}],"version-history":[{"count":2,"href":"https:\/\/www.lumiun.com\/blog\/wp-json\/wp\/v2\/posts\/5295\/revisions"}],"predecessor-version":[{"id":7993,"href":"https:\/\/www.lumiun.com\/blog\/wp-json\/wp\/v2\/posts\/5295\/revisions\/7993"}],"wp:featuredmedia":[{"embeddable":true,"href":"https:\/\/www.lumiun.com\/blog\/wp-json\/wp\/v2\/media\/5297"}],"wp:attachment":[{"href":"https:\/\/www.lumiun.com\/blog\/wp-json\/wp\/v2\/media?parent=5295"}],"wp:term":[{"taxonomy":"category","embeddable":true,"href":"https:\/\/www.lumiun.com\/blog\/wp-json\/wp\/v2\/categories?post=5295"},{"taxonomy":"post_tag","embeddable":true,"href":"https:\/\/www.lumiun.com\/blog\/wp-json\/wp\/v2\/tags?post=5295"}],"curies":[{"name":"wp","href":"https:\/\/api.w.org\/{rel}","templated":true}]}}