{"id":5445,"date":"2020-05-25T09:35:55","date_gmt":"2020-05-25T12:35:55","guid":{"rendered":"https:\/\/www.lumiun.com\/blog\/?p=5445"},"modified":"2022-05-02T15:02:14","modified_gmt":"2022-05-02T18:02:14","slug":"a-semana-da-seguranca-da-informacao-edicao-no13","status":"publish","type":"post","link":"https:\/\/www.lumiun.com\/blog\/a-semana-da-seguranca-da-informacao-edicao-no13\/","title":{"rendered":"A Semana da Seguran\u00e7a da Informa\u00e7\u00e3o &#8211; Edi\u00e7\u00e3o N\u00ba13"},"content":{"rendered":"<p>Na edi\u00e7\u00e3o N\u00ba13 da <strong>Semana da Seguran\u00e7a da Informa\u00e7\u00e3o<\/strong>, informa\u00e7\u00f5es vazadas de clientes da Natura e Easyjet, 4 \u00e1reas que mais contratam no momento, LGPD, guia para criar conex\u00e3o VPN e mais v\u00eddeos e eventos.<\/p>\n<hr \/>\n<h2 id=\"noticias\">Not\u00edcias<\/h2>\n<h3 id=\"js-article-title\" class=\"tec--article__header__title\"><span id=\"250-mil-clientes-natura-tem-informacoes-vazadas-na-web\"><a href=\"https:\/\/www.tecmundo.com.br\/seguranca\/153291-250-mil-clientes-natura-tem-informacoes-vazadas-web.htm\" target=\"_blank\" rel=\"noopener noreferrer\">250 mil clientes Natura t\u00eam informa\u00e7\u00f5es vazadas na web<\/a><\/span><\/h3>\n<p>Uma equipe de seguran\u00e7a da Safety Detectives descobriu dois servidores expostos da Natura com 272 GB e 1,3 TB. Hospedados na Amazon, nos Estados Unidos, eles foram descobertos por equipe liderada pelo pesquisador Anurag Sen.<\/p>\n<p><span style=\"color: #808080;\"><em>Por Wellington Arruda em TecMundo<\/em><\/span><\/p>\n<h3 id=\"estas-sao-as-4-areas-em-tecnologia-que-mais-contratam-talentos-no-momento\"><a href=\"https:\/\/cio.com.br\/estas-sao-as-4-areas-em-tecnologia-que-mais-contratam-talentos-no-momento\/\" target=\"_blank\" rel=\"noopener noreferrer\">Estas s\u00e3o as 4 \u00e1reas em tecnologia que mais contratam talentos no momento<\/a><\/h3>\n<p>Devido ao isolamento social, empresas tiveram de acelerar seus projetos de digitaliza\u00e7\u00e3o, o que tem demandado nova leva de profissionais<\/p>\n<p><span style=\"color: #808080;\"><em>Em CIO<\/em><\/span><\/p>\n<h3 id=\"6-erros-comuns-das-pequenas-empresas-e-como-conserta-los\" class=\"entry-title post-content__title h2\"><a href=\"https:\/\/www.lumiun.com\/blog\/6-erros-comuns-das-pequenas-empresas-e-como-conserta-los\/\">6 erros comuns das pequenas empresas e como consert\u00e1-los<\/a><\/h3>\n<p>Saiba quais os erros mais comuns das pequenas empresas na internet, e algumas dicas simples e f\u00e1ceis de como consert\u00e1-los.<\/p>\n<p><span style=\"color: #808080;\"><em>Por Kelvin Zimmer em Blog do Lumiun<\/em><\/span><\/p>\n<h3 id=\"5-mitos-criados-sobre-a-lei-geral-de-protecao-de-dados\"><a href=\"https:\/\/thehack.com.br\/coluna-5-mitos-criados-sobre-a-lei-geral-de-protecao-de-dados\/\" target=\"_blank\" rel=\"noopener noreferrer\">5 mitos criados sobre a Lei Geral de Prote\u00e7\u00e3o de Dados<\/a><\/h3>\n<p>Texto por Henrique Fabretti (advogado especialista em prote\u00e7\u00e3o de dados e servi\u00e7os para DPO no Opice Blum Bruno Abrusio Vainzof Advogados); Caio Lima (s\u00f3cio do escrit\u00f3rio Opice Blum Bruno Abrusio Vainzof Advogados, especialista em Prote\u00e7\u00e3o de Dados e Direito Digital; e Tiago Furtado (advogado de prote\u00e7\u00e3o de dados do Opice Blum Bruno Abrusio Vainzof Advogados).<\/p>\n<p><span style=\"color: #808080;\"><em>Por Opice Blum em The Hack<\/em><\/span><\/p>\n<h3 id=\"vigencia-da-lgpd-e-desafios-para-protecao-de-dados-em-meio-a-covid-19\"><a href=\"https:\/\/itforum365.com.br\/vigencia-da-lgpd-e-desafios-para-protecao-de-dados-em-meio-a-covid-19\/\" target=\"_blank\" rel=\"noopener noreferrer\">Vig\u00eancia da LGPD e desafios para prote\u00e7\u00e3o de dados em meio \u00e0 COVID-19<\/a><\/h3>\n<p>Discutir sobre prote\u00e7\u00e3o de dados no Brasil tornou-se uma tarefa desafiadora<\/p>\n<p><span style=\"color: #808080;\"><em>Por Richard Blanchet e Raphael Valentim em IT Forum 365<\/em><\/span><\/p>\n<h3 id=\"controle-id\" class=\"historia-titulo offset-propaganda\"><span id=\"easyjet-sofre-ciberataque-e-expoe-dados-de-9-milhoes-de-clientes\"><a href=\"https:\/\/computerworld.com.br\/2020\/05\/20\/easyjet-sofre-ciberataque-e-expoe-dados-de-9-milhoes-de-clientes\/\" target=\"_blank\" rel=\"noopener noreferrer\">Easyjet sofre ciberataque e exp\u00f5e dados de 9 milh\u00f5es de clientes<\/a><\/span><\/h3>\n<p class=\"historia-subtitulo\">Dados de cart\u00f5es de cr\u00e9dito de mais de 2.000 clientes foram comprometidos, al\u00e9m de endere\u00e7os de e-mail e detalhes de viagem<\/p>\n<p><span style=\"color: #808080;\"><em>Em ComputerWorld<\/em><\/span><\/p>\n<h3 id=\"crimes-virtuais-dobraram-em-2019-e-este-ano-deve-ser-ainda-pior\" class=\"margin-bottom-10 title\"><a href=\"https:\/\/canaltech.com.br\/seguranca\/crimes-virtuais-dobraram-em-2019-e-este-ano-deve-ser-ainda-pior-165094\/\" target=\"_blank\" rel=\"noopener noreferrer\">Crimes virtuais dobraram em 2019 e este ano deve ser ainda pior<\/a><\/h3>\n<p>Os crimes financeiros se tornaram a grande menina dos olhos dos hackers em 2019, com o n\u00famero de ataques contra corpora\u00e7\u00f5es mais do que dobrando em rela\u00e7\u00e3o ao ano anterior. Os n\u00fameros s\u00e3o de uma pesquisa sobre seguran\u00e7a digital da operadora norte-americana Verizon.<\/p>\n<p><span style=\"color: #808080;\"><em>Por Felipe Demartini em Canaltech<\/em><\/span><\/p>\n<h3 id=\"como-criar-uma-conexao-vpn-para-empresas\" class=\"entry-title post-content__title h2\"><a href=\"https:\/\/www.lumiun.com\/blog\/guia-como-criar-uma-conexao-vpn-para-empresas\/\">Como criar uma conex\u00e3o VPN para Empresas<\/a><\/h3>\n<p>Guia sobre como criar uma conex\u00e3o VPN na sua empresa de forma r\u00e1pida e f\u00e1cil. Aumente a seguran\u00e7a e produtividade da sua equipe remota.<\/p>\n<p><span style=\"color: #808080;\"><em>Por Kelvin Zimmer em Blog do Lumiun<\/em><\/span><\/p>\n<hr \/>\n<h2 id=\"videos\">V\u00eddeos<\/h2>\n<h3 id=\"desafio-40-dias-imparaveis-seguranca-da-informacao-prof-josis-alves\" class=\"title style-scope ytd-video-primary-info-renderer\">Desafio 40 dias Impar\u00e1veis! \u2013 Seguran\u00e7a da Informa\u00e7\u00e3o: Prof. J\u00f3sis Alves<\/h3>\n<div  id=\"_ytid_57979\"  width=\"800\" height=\"450\"  data-origwidth=\"800\" data-origheight=\"450\"  data-relstop=\"1\" data-facadesrc=\"https:\/\/www.youtube.com\/embed\/qVlAw5OI6os?enablejsapi=1&#038;autoplay=0&#038;cc_load_policy=0&#038;iv_load_policy=1&#038;loop=0&#038;modestbranding=1&#038;fs=1&#038;playsinline=0&#038;controls=1&#038;color=red&#038;cc_lang_pref=&#038;rel=0&#038;autohide=2&#038;theme=dark&#038;\" class=\"__youtube_prefs__ epyt-facade epyt-is-override  no-lazyload\" data-epautoplay=\"1\" ><img decoding=\"async\" data-spai-excluded=\"true\" class=\"epyt-facade-poster skip-lazy\" loading=\"lazy\"  alt=\"YouTube player\"  src=\"https:\/\/i.ytimg.com\/vi\/qVlAw5OI6os\/maxresdefault.jpg\"  \/><button class=\"epyt-facade-play\" aria-label=\"Play\"><svg data-no-lazy=\"1\" height=\"100%\" version=\"1.1\" viewBox=\"0 0 68 48\" width=\"100%\"><path class=\"ytp-large-play-button-bg\" d=\"M66.52,7.74c-0.78-2.93-2.49-5.41-5.42-6.19C55.79,.13,34,0,34,0S12.21,.13,6.9,1.55 C3.97,2.33,2.27,4.81,1.48,7.74C0.06,13.05,0,24,0,24s0.06,10.95,1.48,16.26c0.78,2.93,2.49,5.41,5.42,6.19 C12.21,47.87,34,48,34,48s21.79-0.13,27.1-1.55c2.93-0.78,4.64-3.26,5.42-6.19C67.94,34.95,68,24,68,24S67.94,13.05,66.52,7.74z\" fill=\"#f00\"><\/path><path d=\"M 45,24 27,14 27,34\" fill=\"#fff\"><\/path><\/svg><\/button><\/div>\n<h3 id=\"seguranca-da-informacao-informatica-prof-pablo-leonardo\" class=\"title style-scope ytd-video-primary-info-renderer\">Seguran\u00e7a da Informa\u00e7\u00e3o &#8211; Inform\u00e1tica &#8211; Prof. Pablo Leonardo<\/h3>\n<div  id=\"_ytid_45580\"  width=\"800\" height=\"450\"  data-origwidth=\"800\" data-origheight=\"450\"  data-relstop=\"1\" data-facadesrc=\"https:\/\/www.youtube.com\/embed\/Hp0AVos_GEw?enablejsapi=1&#038;autoplay=0&#038;cc_load_policy=0&#038;iv_load_policy=1&#038;loop=0&#038;modestbranding=1&#038;fs=1&#038;playsinline=0&#038;controls=1&#038;color=red&#038;cc_lang_pref=&#038;rel=0&#038;autohide=2&#038;theme=dark&#038;\" class=\"__youtube_prefs__ epyt-facade epyt-is-override  no-lazyload\" data-epautoplay=\"1\" ><img decoding=\"async\" data-spai-excluded=\"true\" class=\"epyt-facade-poster skip-lazy\" loading=\"lazy\"  alt=\"YouTube player\"  src=\"https:\/\/i.ytimg.com\/vi\/Hp0AVos_GEw\/maxresdefault.jpg\"  \/><button class=\"epyt-facade-play\" aria-label=\"Play\"><svg data-no-lazy=\"1\" height=\"100%\" version=\"1.1\" viewBox=\"0 0 68 48\" width=\"100%\"><path class=\"ytp-large-play-button-bg\" d=\"M66.52,7.74c-0.78-2.93-2.49-5.41-5.42-6.19C55.79,.13,34,0,34,0S12.21,.13,6.9,1.55 C3.97,2.33,2.27,4.81,1.48,7.74C0.06,13.05,0,24,0,24s0.06,10.95,1.48,16.26c0.78,2.93,2.49,5.41,5.42,6.19 C12.21,47.87,34,48,34,48s21.79-0.13,27.1-1.55c2.93-0.78,4.64-3.26,5.42-6.19C67.94,34.95,68,24,68,24S67.94,13.05,66.52,7.74z\" fill=\"#f00\"><\/path><path d=\"M 45,24 27,14 27,34\" fill=\"#fff\"><\/path><\/svg><\/button><\/div>\n<h3 id=\"lgpd-iso-27002-e-governanca\" class=\"title style-scope ytd-video-primary-info-renderer\">LGPD, ISO 27002 e Governan\u00e7a<\/h3>\n<div  id=\"_ytid_89297\"  width=\"800\" height=\"450\"  data-origwidth=\"800\" data-origheight=\"450\"  data-relstop=\"1\" data-facadesrc=\"https:\/\/www.youtube.com\/embed\/3Sr79Fl7Gk4?enablejsapi=1&#038;autoplay=0&#038;cc_load_policy=0&#038;iv_load_policy=1&#038;loop=0&#038;modestbranding=1&#038;fs=1&#038;playsinline=0&#038;controls=1&#038;color=red&#038;cc_lang_pref=&#038;rel=0&#038;autohide=2&#038;theme=dark&#038;\" class=\"__youtube_prefs__ epyt-facade epyt-is-override  no-lazyload\" data-epautoplay=\"1\" ><img decoding=\"async\" data-spai-excluded=\"true\" class=\"epyt-facade-poster skip-lazy\" loading=\"lazy\"  alt=\"YouTube player\"  src=\"https:\/\/i.ytimg.com\/vi\/3Sr79Fl7Gk4\/maxresdefault.jpg\"  \/><button class=\"epyt-facade-play\" aria-label=\"Play\"><svg data-no-lazy=\"1\" height=\"100%\" version=\"1.1\" viewBox=\"0 0 68 48\" width=\"100%\"><path class=\"ytp-large-play-button-bg\" d=\"M66.52,7.74c-0.78-2.93-2.49-5.41-5.42-6.19C55.79,.13,34,0,34,0S12.21,.13,6.9,1.55 C3.97,2.33,2.27,4.81,1.48,7.74C0.06,13.05,0,24,0,24s0.06,10.95,1.48,16.26c0.78,2.93,2.49,5.41,5.42,6.19 C12.21,47.87,34,48,34,48s21.79-0.13,27.1-1.55c2.93-0.78,4.64-3.26,5.42-6.19C67.94,34.95,68,24,68,24S67.94,13.05,66.52,7.74z\" fill=\"#f00\"><\/path><path d=\"M 45,24 27,14 27,34\" fill=\"#fff\"><\/path><\/svg><\/button><\/div>\n<hr \/>\n<h2 id=\"material\">Material<\/h2>\n<h3 id=\"guia-como-criar-uma-conexao-vpn-na-sua-empresa\" class=\"text-white\"><a href=\"https:\/\/www.lumiun.com\/materiais\/guia-conexao-vpn-nas-empresas\" target=\"_blank\" rel=\"noopener noreferrer\">Guia: Como criar uma conex\u00e3o VPN na sua empresa<\/a><\/h3>\n<p>Fa\u00e7a download do guia com passo a passo de como fazer a conex\u00e3o VPN na sua empresa e melhorar a conex\u00e3o remota dos funcion\u00e1rios.<\/p>\n<div class=\"rock-convert-banner\"><a href=\"https:\/\/conteudo.lumiun.com\/guia-conexao-vpn-nas-empresas?utm_medium=rock-convert&utm_source=blog&utm_campaign=banner-post\" target=\"_blank\" class=\"rock-convert-cta-link\" data-cta-id=\"5396\" data-cta-title=\"Baixar Guia VPN Empresarial\"><picture><source srcset=\"https:\/\/www.lumiun.com\/blog\/wp-content\/webp-express\/webp-images\/uploads\/Artigo-VPN-Empresarial-1.png.webp 619w, https:\/\/www.lumiun.com\/blog\/wp-content\/webp-express\/webp-images\/uploads\/Artigo-VPN-Empresarial-1-500x203.png.webp 500w, https:\/\/www.lumiun.com\/blog\/wp-content\/webp-express\/webp-images\/uploads\/Artigo-VPN-Empresarial-1-380x154.png.webp 380w\" sizes=\"(max-width: 619px) 100vw, 619px\" type=\"image\/webp\"><img fetchpriority=\"high\" decoding=\"async\" width=\"619\" height=\"251\" src=\"https:\/\/www.lumiun.com\/blog\/wp-content\/uploads\/Artigo-VPN-Empresarial-1.png\" class=\"attachment-full size-full webpexpress-processed\" alt=\"\" title=\"Baixar Guia VPN Empresarial\" srcset=\"https:\/\/www.lumiun.com\/blog\/wp-content\/uploads\/Artigo-VPN-Empresarial-1.png 619w, https:\/\/www.lumiun.com\/blog\/wp-content\/uploads\/Artigo-VPN-Empresarial-1-500x203.png 500w, https:\/\/www.lumiun.com\/blog\/wp-content\/uploads\/Artigo-VPN-Empresarial-1-380x154.png 380w\" sizes=\"(max-width: 619px) 100vw, 619px\" loading=\"eager\"><\/picture><\/a><\/div>\n<p>&nbsp;<\/p>\n<hr \/>\n<h2 id=\"eventos\">Eventos<\/h2>\n<h3 id=\"iv-joti-seguranca-da-informacao-perspectivas-e-futuro\" class=\"event-name\"><a href=\"https:\/\/www.sympla.com.br\/iv-joti---seguranca-da-informacao---perspectivas-e-futuro__854104\" target=\"_blank\" rel=\"noopener noreferrer\">IV JOTI &#8211; Seguran\u00e7a da Informa\u00e7\u00e3o &#8211; Perspectivas e Futuro<\/a><\/h3>\n<div class=\"row\">\n<div class=\"col-md-12\">\n<div class=\"\">\n<ul>\n<li class=\"event-info-calendar\">26 de maio de 2020, 19h30-21h30<\/li>\n<li class=\"event-info-calendar\">Evento online<\/li>\n<\/ul>\n<h3 id=\"webinar-crise-pandemica-mundial-tragedia-ou-oportunidade-para-ciber-seguranca\" class=\"event-name\"><a href=\"https:\/\/www.sympla.com.br\/webinar-crise-pandemica-mundial-tragedia-ou-oportunidade-para-ciber-seguranca__854710\" target=\"_blank\" rel=\"noopener noreferrer\">Webinar: Crise pand\u00eamica mundial, trag\u00e9dia ou oportunidade para Ciber Seguran\u00e7a?<\/a><\/h3>\n<div class=\"row\">\n<div class=\"col-md-12\">\n<div class=\"\">\n<ul>\n<li class=\"event-info-calendar\">28 de maio de 2020, 18h-19h<\/li>\n<li class=\"event-info-calendar\">Evento online<\/li>\n<\/ul>\n<hr \/>\n<p>Voc\u00ea ainda n\u00e3o est\u00e1 inscrito na nossa newsletter para receber esse conte\u00fado semanalmente no e-mail? Ent\u00e3o se inscreva atrav\u00e9s do link abaixo:<\/p>\n<p><a href=\"https:\/\/conteudo.lumiun.com\/semana-da-seguranca-na-internet\">https:\/\/conteudo.lumiun.com\/semana-da-seguranca-na-internet<\/a><\/p>\n<p>Compartilhe o link com seus colegas e amigos.<\/p>\n<\/div>\n<\/div>\n<\/div>\n<\/div>\n<\/div>\n<\/div>\n","protected":false},"excerpt":{"rendered":"Na edi\u00e7\u00e3o N\u00ba13 da Semana da Seguran\u00e7a da Informa\u00e7\u00e3o, informa\u00e7\u00f5es vazadas de clientes da Natura e Easyjet, 4&hellip;\n","protected":false},"author":1,"featured_media":5450,"comment_status":"closed","ping_status":"open","sticky":false,"template":"","format":"image","meta":{"content-type":"","footnotes":""},"categories":[143],"tags":[213,124,212,149],"yoast_head":"<!-- This site is optimized with the Yoast SEO plugin v24.0 - https:\/\/yoast.com\/wordpress\/plugins\/seo\/ -->\n<title>A Semana da Seguran\u00e7a da Informa\u00e7\u00e3o - Edi\u00e7\u00e3o N\u00ba13 | Lumiun Blog<\/title>\n<meta name=\"description\" content=\"Na edi\u00e7\u00e3o N\u00ba13 da Semana da Seguran\u00e7a da Informa\u00e7\u00e3o, informa\u00e7\u00f5es vazadas de clientes da Natura e Easyjet, LGPD, criar conex\u00e3o VPN e mais v\u00eddeos e eventos\" \/>\n<meta name=\"robots\" content=\"index, follow, max-snippet:-1, max-image-preview:large, max-video-preview:-1\" \/>\n<link rel=\"canonical\" href=\"https:\/\/www.lumiun.com\/blog\/a-semana-da-seguranca-da-informacao-edicao-no13\/\" \/>\n<meta property=\"og:locale\" content=\"pt_BR\" \/>\n<meta property=\"og:type\" content=\"article\" \/>\n<meta property=\"og:title\" content=\"A Semana da Seguran\u00e7a da Informa\u00e7\u00e3o - Edi\u00e7\u00e3o N\u00ba13 | Lumiun Blog\" \/>\n<meta property=\"og:description\" content=\"Na edi\u00e7\u00e3o N\u00ba13 da Semana da Seguran\u00e7a da Informa\u00e7\u00e3o, informa\u00e7\u00f5es vazadas de clientes da Natura e Easyjet, LGPD, criar conex\u00e3o VPN e mais v\u00eddeos e eventos\" \/>\n<meta property=\"og:url\" content=\"https:\/\/www.lumiun.com\/blog\/a-semana-da-seguranca-da-informacao-edicao-no13\/\" \/>\n<meta property=\"og:site_name\" content=\"Lumiun Blog\" \/>\n<meta property=\"article:publisher\" content=\"https:\/\/www.facebook.com\/LumiunTecnologia\/\" \/>\n<meta property=\"article:published_time\" content=\"2020-05-25T12:35:55+00:00\" \/>\n<meta property=\"article:modified_time\" content=\"2022-05-02T18:02:14+00:00\" \/>\n<meta property=\"og:image\" content=\"https:\/\/www.lumiun.com\/blog\/wp-content\/uploads\/Semana-da-Seguran\u00e7a-da-Informa\u00e7\u00e3o13-blog.jpg\" \/>\n\t<meta property=\"og:image:width\" content=\"1200\" \/>\n\t<meta property=\"og:image:height\" content=\"708\" \/>\n\t<meta property=\"og:image:type\" content=\"image\/jpeg\" \/>\n<meta name=\"author\" content=\"Al\u00e9x de Oliveira\" \/>\n<meta name=\"twitter:card\" content=\"summary_large_image\" \/>\n<meta name=\"twitter:label1\" content=\"Escrito por\" \/>\n\t<meta name=\"twitter:data1\" content=\"Al\u00e9x de Oliveira\" \/>\n\t<meta name=\"twitter:label2\" content=\"Est. tempo de leitura\" \/>\n\t<meta name=\"twitter:data2\" content=\"3 minutos\" \/>\n<script type=\"application\/ld+json\" class=\"yoast-schema-graph\">{\"@context\":\"https:\/\/schema.org\",\"@graph\":[{\"@type\":\"Article\",\"@id\":\"https:\/\/www.lumiun.com\/blog\/a-semana-da-seguranca-da-informacao-edicao-no13\/#article\",\"isPartOf\":{\"@id\":\"https:\/\/www.lumiun.com\/blog\/a-semana-da-seguranca-da-informacao-edicao-no13\/\"},\"author\":{\"name\":\"Al\u00e9x de Oliveira\",\"@id\":\"https:\/\/www.lumiun.com\/blog\/#\/schema\/person\/12a17ed19bd7b3c3a482f7ef1077590d\"},\"headline\":\"A Semana da Seguran\u00e7a da Informa\u00e7\u00e3o &#8211; Edi\u00e7\u00e3o N\u00ba13\",\"datePublished\":\"2020-05-25T12:35:55+00:00\",\"dateModified\":\"2022-05-02T18:02:14+00:00\",\"mainEntityOfPage\":{\"@id\":\"https:\/\/www.lumiun.com\/blog\/a-semana-da-seguranca-da-informacao-edicao-no13\/\"},\"wordCount\":616,\"publisher\":{\"@id\":\"https:\/\/www.lumiun.com\/blog\/#organization\"},\"image\":{\"@id\":\"https:\/\/www.lumiun.com\/blog\/a-semana-da-seguranca-da-informacao-edicao-no13\/#primaryimage\"},\"thumbnailUrl\":\"https:\/\/www.lumiun.com\/blog\/wp-content\/uploads\/Semana-da-Seguran\u00e7a-da-Informa\u00e7\u00e3o13-blog.jpg\",\"keywords\":[\"easyjet\",\"lgpd\",\"natura\",\"vpn\"],\"articleSection\":[\"Semana da Seguran\u00e7a na Internet\"],\"inLanguage\":\"pt-BR\"},{\"@type\":\"WebPage\",\"@id\":\"https:\/\/www.lumiun.com\/blog\/a-semana-da-seguranca-da-informacao-edicao-no13\/\",\"url\":\"https:\/\/www.lumiun.com\/blog\/a-semana-da-seguranca-da-informacao-edicao-no13\/\",\"name\":\"A Semana da Seguran\u00e7a da Informa\u00e7\u00e3o - Edi\u00e7\u00e3o N\u00ba13 | Lumiun Blog\",\"isPartOf\":{\"@id\":\"https:\/\/www.lumiun.com\/blog\/#website\"},\"primaryImageOfPage\":{\"@id\":\"https:\/\/www.lumiun.com\/blog\/a-semana-da-seguranca-da-informacao-edicao-no13\/#primaryimage\"},\"image\":{\"@id\":\"https:\/\/www.lumiun.com\/blog\/a-semana-da-seguranca-da-informacao-edicao-no13\/#primaryimage\"},\"thumbnailUrl\":\"https:\/\/www.lumiun.com\/blog\/wp-content\/uploads\/Semana-da-Seguran\u00e7a-da-Informa\u00e7\u00e3o13-blog.jpg\",\"datePublished\":\"2020-05-25T12:35:55+00:00\",\"dateModified\":\"2022-05-02T18:02:14+00:00\",\"description\":\"Na edi\u00e7\u00e3o N\u00ba13 da Semana da Seguran\u00e7a da Informa\u00e7\u00e3o, informa\u00e7\u00f5es vazadas de clientes da Natura e Easyjet, LGPD, criar conex\u00e3o VPN e mais v\u00eddeos e eventos\",\"breadcrumb\":{\"@id\":\"https:\/\/www.lumiun.com\/blog\/a-semana-da-seguranca-da-informacao-edicao-no13\/#breadcrumb\"},\"inLanguage\":\"pt-BR\",\"potentialAction\":[{\"@type\":\"ReadAction\",\"target\":[\"https:\/\/www.lumiun.com\/blog\/a-semana-da-seguranca-da-informacao-edicao-no13\/\"]}]},{\"@type\":\"ImageObject\",\"inLanguage\":\"pt-BR\",\"@id\":\"https:\/\/www.lumiun.com\/blog\/a-semana-da-seguranca-da-informacao-edicao-no13\/#primaryimage\",\"url\":\"https:\/\/www.lumiun.com\/blog\/wp-content\/uploads\/Semana-da-Seguran\u00e7a-da-Informa\u00e7\u00e3o13-blog.jpg\",\"contentUrl\":\"https:\/\/www.lumiun.com\/blog\/wp-content\/uploads\/Semana-da-Seguran\u00e7a-da-Informa\u00e7\u00e3o13-blog.jpg\",\"width\":1200,\"height\":708},{\"@type\":\"BreadcrumbList\",\"@id\":\"https:\/\/www.lumiun.com\/blog\/a-semana-da-seguranca-da-informacao-edicao-no13\/#breadcrumb\",\"itemListElement\":[{\"@type\":\"ListItem\",\"position\":1,\"name\":\"In\u00edcio\",\"item\":\"https:\/\/www.lumiun.com\/blog\/\"},{\"@type\":\"ListItem\",\"position\":2,\"name\":\"A Semana da Seguran\u00e7a da Informa\u00e7\u00e3o &#8211; Edi\u00e7\u00e3o N\u00ba13\"}]},{\"@type\":\"WebSite\",\"@id\":\"https:\/\/www.lumiun.com\/blog\/#website\",\"url\":\"https:\/\/www.lumiun.com\/blog\/\",\"name\":\"Lumiun Blog\",\"description\":\"Conte\u00fado sobre gest\u00e3o e seguran\u00e7a da internet para gestores e profissionais de TI\",\"publisher\":{\"@id\":\"https:\/\/www.lumiun.com\/blog\/#organization\"},\"potentialAction\":[{\"@type\":\"SearchAction\",\"target\":{\"@type\":\"EntryPoint\",\"urlTemplate\":\"https:\/\/www.lumiun.com\/blog\/?s={search_term_string}\"},\"query-input\":{\"@type\":\"PropertyValueSpecification\",\"valueRequired\":true,\"valueName\":\"search_term_string\"}}],\"inLanguage\":\"pt-BR\"},{\"@type\":\"Organization\",\"@id\":\"https:\/\/www.lumiun.com\/blog\/#organization\",\"name\":\"Lumiun Tecnologia\",\"url\":\"https:\/\/www.lumiun.com\/blog\/\",\"logo\":{\"@type\":\"ImageObject\",\"inLanguage\":\"pt-BR\",\"@id\":\"https:\/\/www.lumiun.com\/blog\/#\/schema\/logo\/image\/\",\"url\":\"https:\/\/www.lumiun.com\/blog\/wp-content\/uploads\/logo-lumiun.png\",\"contentUrl\":\"https:\/\/www.lumiun.com\/blog\/wp-content\/uploads\/logo-lumiun.png\",\"width\":1500,\"height\":930,\"caption\":\"Lumiun Tecnologia\"},\"image\":{\"@id\":\"https:\/\/www.lumiun.com\/blog\/#\/schema\/logo\/image\/\"},\"sameAs\":[\"https:\/\/www.facebook.com\/LumiunTecnologia\/\",\"https:\/\/www.linkedin.com\/company\/lumiun---cloud-managed-network\/\",\"https:\/\/www.youtube.com\/LumiunNetwork\"]},{\"@type\":\"Person\",\"@id\":\"https:\/\/www.lumiun.com\/blog\/#\/schema\/person\/12a17ed19bd7b3c3a482f7ef1077590d\",\"name\":\"Al\u00e9x de Oliveira\",\"image\":{\"@type\":\"ImageObject\",\"inLanguage\":\"pt-BR\",\"@id\":\"https:\/\/www.lumiun.com\/blog\/#\/schema\/person\/image\/\",\"url\":\"https:\/\/secure.gravatar.com\/avatar\/7eb470d4e7f28f1be606747261c0b187?s=96&d=mm&r=g\",\"contentUrl\":\"https:\/\/secure.gravatar.com\/avatar\/7eb470d4e7f28f1be606747261c0b187?s=96&d=mm&r=g\",\"caption\":\"Al\u00e9x de Oliveira\"},\"description\":\"Sou cofundador e CTO da Lumiun, onde lidero o desenvolvimento das nossas solu\u00e7\u00f5es de seguran\u00e7a de rede, com foco em usabilidade, performance e escalabilidade, atendendo tanto MSPs quanto decisores de TI em empresas que buscam controle e prote\u00e7\u00e3o eficaz da navega\u00e7\u00e3o corporativa.\",\"url\":\"https:\/\/www.lumiun.com\/blog\/author\/alex\/\"}]}<\/script>\n<!-- \/ Yoast SEO plugin. -->","yoast_head_json":{"title":"A Semana da Seguran\u00e7a da Informa\u00e7\u00e3o - Edi\u00e7\u00e3o N\u00ba13 | Lumiun Blog","description":"Na edi\u00e7\u00e3o N\u00ba13 da Semana da Seguran\u00e7a da Informa\u00e7\u00e3o, informa\u00e7\u00f5es vazadas de clientes da Natura e Easyjet, LGPD, criar conex\u00e3o VPN e mais v\u00eddeos e eventos","robots":{"index":"index","follow":"follow","max-snippet":"max-snippet:-1","max-image-preview":"max-image-preview:large","max-video-preview":"max-video-preview:-1"},"canonical":"https:\/\/www.lumiun.com\/blog\/a-semana-da-seguranca-da-informacao-edicao-no13\/","og_locale":"pt_BR","og_type":"article","og_title":"A Semana da Seguran\u00e7a da Informa\u00e7\u00e3o - Edi\u00e7\u00e3o N\u00ba13 | Lumiun Blog","og_description":"Na edi\u00e7\u00e3o N\u00ba13 da Semana da Seguran\u00e7a da Informa\u00e7\u00e3o, informa\u00e7\u00f5es vazadas de clientes da Natura e Easyjet, LGPD, criar conex\u00e3o VPN e mais v\u00eddeos e eventos","og_url":"https:\/\/www.lumiun.com\/blog\/a-semana-da-seguranca-da-informacao-edicao-no13\/","og_site_name":"Lumiun Blog","article_publisher":"https:\/\/www.facebook.com\/LumiunTecnologia\/","article_published_time":"2020-05-25T12:35:55+00:00","article_modified_time":"2022-05-02T18:02:14+00:00","og_image":[{"width":1200,"height":708,"url":"https:\/\/www.lumiun.com\/blog\/wp-content\/uploads\/Semana-da-Seguran\u00e7a-da-Informa\u00e7\u00e3o13-blog.jpg","type":"image\/jpeg"}],"author":"Al\u00e9x de Oliveira","twitter_card":"summary_large_image","twitter_misc":{"Escrito por":"Al\u00e9x de Oliveira","Est. tempo de leitura":"3 minutos"},"schema":{"@context":"https:\/\/schema.org","@graph":[{"@type":"Article","@id":"https:\/\/www.lumiun.com\/blog\/a-semana-da-seguranca-da-informacao-edicao-no13\/#article","isPartOf":{"@id":"https:\/\/www.lumiun.com\/blog\/a-semana-da-seguranca-da-informacao-edicao-no13\/"},"author":{"name":"Al\u00e9x de Oliveira","@id":"https:\/\/www.lumiun.com\/blog\/#\/schema\/person\/12a17ed19bd7b3c3a482f7ef1077590d"},"headline":"A Semana da Seguran\u00e7a da Informa\u00e7\u00e3o &#8211; Edi\u00e7\u00e3o N\u00ba13","datePublished":"2020-05-25T12:35:55+00:00","dateModified":"2022-05-02T18:02:14+00:00","mainEntityOfPage":{"@id":"https:\/\/www.lumiun.com\/blog\/a-semana-da-seguranca-da-informacao-edicao-no13\/"},"wordCount":616,"publisher":{"@id":"https:\/\/www.lumiun.com\/blog\/#organization"},"image":{"@id":"https:\/\/www.lumiun.com\/blog\/a-semana-da-seguranca-da-informacao-edicao-no13\/#primaryimage"},"thumbnailUrl":"https:\/\/www.lumiun.com\/blog\/wp-content\/uploads\/Semana-da-Seguran\u00e7a-da-Informa\u00e7\u00e3o13-blog.jpg","keywords":["easyjet","lgpd","natura","vpn"],"articleSection":["Semana da Seguran\u00e7a na Internet"],"inLanguage":"pt-BR"},{"@type":"WebPage","@id":"https:\/\/www.lumiun.com\/blog\/a-semana-da-seguranca-da-informacao-edicao-no13\/","url":"https:\/\/www.lumiun.com\/blog\/a-semana-da-seguranca-da-informacao-edicao-no13\/","name":"A Semana da Seguran\u00e7a da Informa\u00e7\u00e3o - Edi\u00e7\u00e3o N\u00ba13 | Lumiun Blog","isPartOf":{"@id":"https:\/\/www.lumiun.com\/blog\/#website"},"primaryImageOfPage":{"@id":"https:\/\/www.lumiun.com\/blog\/a-semana-da-seguranca-da-informacao-edicao-no13\/#primaryimage"},"image":{"@id":"https:\/\/www.lumiun.com\/blog\/a-semana-da-seguranca-da-informacao-edicao-no13\/#primaryimage"},"thumbnailUrl":"https:\/\/www.lumiun.com\/blog\/wp-content\/uploads\/Semana-da-Seguran\u00e7a-da-Informa\u00e7\u00e3o13-blog.jpg","datePublished":"2020-05-25T12:35:55+00:00","dateModified":"2022-05-02T18:02:14+00:00","description":"Na edi\u00e7\u00e3o N\u00ba13 da Semana da Seguran\u00e7a da Informa\u00e7\u00e3o, informa\u00e7\u00f5es vazadas de clientes da Natura e Easyjet, LGPD, criar conex\u00e3o VPN e mais v\u00eddeos e eventos","breadcrumb":{"@id":"https:\/\/www.lumiun.com\/blog\/a-semana-da-seguranca-da-informacao-edicao-no13\/#breadcrumb"},"inLanguage":"pt-BR","potentialAction":[{"@type":"ReadAction","target":["https:\/\/www.lumiun.com\/blog\/a-semana-da-seguranca-da-informacao-edicao-no13\/"]}]},{"@type":"ImageObject","inLanguage":"pt-BR","@id":"https:\/\/www.lumiun.com\/blog\/a-semana-da-seguranca-da-informacao-edicao-no13\/#primaryimage","url":"https:\/\/www.lumiun.com\/blog\/wp-content\/uploads\/Semana-da-Seguran\u00e7a-da-Informa\u00e7\u00e3o13-blog.jpg","contentUrl":"https:\/\/www.lumiun.com\/blog\/wp-content\/uploads\/Semana-da-Seguran\u00e7a-da-Informa\u00e7\u00e3o13-blog.jpg","width":1200,"height":708},{"@type":"BreadcrumbList","@id":"https:\/\/www.lumiun.com\/blog\/a-semana-da-seguranca-da-informacao-edicao-no13\/#breadcrumb","itemListElement":[{"@type":"ListItem","position":1,"name":"In\u00edcio","item":"https:\/\/www.lumiun.com\/blog\/"},{"@type":"ListItem","position":2,"name":"A Semana da Seguran\u00e7a da Informa\u00e7\u00e3o &#8211; Edi\u00e7\u00e3o N\u00ba13"}]},{"@type":"WebSite","@id":"https:\/\/www.lumiun.com\/blog\/#website","url":"https:\/\/www.lumiun.com\/blog\/","name":"Lumiun Blog","description":"Conte\u00fado sobre gest\u00e3o e seguran\u00e7a da internet para gestores e profissionais de TI","publisher":{"@id":"https:\/\/www.lumiun.com\/blog\/#organization"},"potentialAction":[{"@type":"SearchAction","target":{"@type":"EntryPoint","urlTemplate":"https:\/\/www.lumiun.com\/blog\/?s={search_term_string}"},"query-input":{"@type":"PropertyValueSpecification","valueRequired":true,"valueName":"search_term_string"}}],"inLanguage":"pt-BR"},{"@type":"Organization","@id":"https:\/\/www.lumiun.com\/blog\/#organization","name":"Lumiun Tecnologia","url":"https:\/\/www.lumiun.com\/blog\/","logo":{"@type":"ImageObject","inLanguage":"pt-BR","@id":"https:\/\/www.lumiun.com\/blog\/#\/schema\/logo\/image\/","url":"https:\/\/www.lumiun.com\/blog\/wp-content\/uploads\/logo-lumiun.png","contentUrl":"https:\/\/www.lumiun.com\/blog\/wp-content\/uploads\/logo-lumiun.png","width":1500,"height":930,"caption":"Lumiun Tecnologia"},"image":{"@id":"https:\/\/www.lumiun.com\/blog\/#\/schema\/logo\/image\/"},"sameAs":["https:\/\/www.facebook.com\/LumiunTecnologia\/","https:\/\/www.linkedin.com\/company\/lumiun---cloud-managed-network\/","https:\/\/www.youtube.com\/LumiunNetwork"]},{"@type":"Person","@id":"https:\/\/www.lumiun.com\/blog\/#\/schema\/person\/12a17ed19bd7b3c3a482f7ef1077590d","name":"Al\u00e9x de Oliveira","image":{"@type":"ImageObject","inLanguage":"pt-BR","@id":"https:\/\/www.lumiun.com\/blog\/#\/schema\/person\/image\/","url":"https:\/\/secure.gravatar.com\/avatar\/7eb470d4e7f28f1be606747261c0b187?s=96&d=mm&r=g","contentUrl":"https:\/\/secure.gravatar.com\/avatar\/7eb470d4e7f28f1be606747261c0b187?s=96&d=mm&r=g","caption":"Al\u00e9x de Oliveira"},"description":"Sou cofundador e CTO da Lumiun, onde lidero o desenvolvimento das nossas solu\u00e7\u00f5es de seguran\u00e7a de rede, com foco em usabilidade, performance e escalabilidade, atendendo tanto MSPs quanto decisores de TI em empresas que buscam controle e prote\u00e7\u00e3o eficaz da navega\u00e7\u00e3o corporativa.","url":"https:\/\/www.lumiun.com\/blog\/author\/alex\/"}]}},"_links":{"self":[{"href":"https:\/\/www.lumiun.com\/blog\/wp-json\/wp\/v2\/posts\/5445"}],"collection":[{"href":"https:\/\/www.lumiun.com\/blog\/wp-json\/wp\/v2\/posts"}],"about":[{"href":"https:\/\/www.lumiun.com\/blog\/wp-json\/wp\/v2\/types\/post"}],"author":[{"embeddable":true,"href":"https:\/\/www.lumiun.com\/blog\/wp-json\/wp\/v2\/users\/1"}],"replies":[{"embeddable":true,"href":"https:\/\/www.lumiun.com\/blog\/wp-json\/wp\/v2\/comments?post=5445"}],"version-history":[{"count":5,"href":"https:\/\/www.lumiun.com\/blog\/wp-json\/wp\/v2\/posts\/5445\/revisions"}],"predecessor-version":[{"id":7995,"href":"https:\/\/www.lumiun.com\/blog\/wp-json\/wp\/v2\/posts\/5445\/revisions\/7995"}],"wp:featuredmedia":[{"embeddable":true,"href":"https:\/\/www.lumiun.com\/blog\/wp-json\/wp\/v2\/media\/5450"}],"wp:attachment":[{"href":"https:\/\/www.lumiun.com\/blog\/wp-json\/wp\/v2\/media?parent=5445"}],"wp:term":[{"taxonomy":"category","embeddable":true,"href":"https:\/\/www.lumiun.com\/blog\/wp-json\/wp\/v2\/categories?post=5445"},{"taxonomy":"post_tag","embeddable":true,"href":"https:\/\/www.lumiun.com\/blog\/wp-json\/wp\/v2\/tags?post=5445"}],"curies":[{"name":"wp","href":"https:\/\/api.w.org\/{rel}","templated":true}]}}