{"id":581,"date":"2016-02-24T09:48:14","date_gmt":"2016-02-24T12:48:14","guid":{"rendered":"https:\/\/www.lumiun.com\/blog\/?p=581"},"modified":"2022-05-02T15:01:40","modified_gmt":"2022-05-02T18:01:40","slug":"causas-baixa-produtividade-dos-profissionais-no-trabalho","status":"publish","type":"post","link":"https:\/\/www.lumiun.com\/blog\/causas-baixa-produtividade-dos-profissionais-no-trabalho\/","title":{"rendered":"Causas da baixa produtividade dos profissionais no ambiente de trabalho"},"content":{"rendered":"<p>Atualmente\u00a0\u00e9 muito comum ocorrer distra\u00e7\u00f5es e desperd\u00edcio de tempo no ambiente de trabalho, mesmo com a necessidade que os profissionais e as equipes\u00a0tem de aumentarem seu foco e produtividade.\u00a0Essas pausas comprometem a produtividades e entrega de tarefas dos colaboradores e os resultados das empresas.<\/p>\n<p>S\u00e3o muitas as formas de distra\u00e7\u00e3o existentes, ao longo\u00a0do dia os celulares geram notifica\u00e7\u00f5es\u00a0constantemente informando novidades e avisando que seu amigo est\u00e1 afim de conversa, novos e-mails chegam a todo instante, no computador voc\u00ea vai buscar alguma informa\u00e7\u00e3o na internet e acaba navegando por outros sites que chamam sua aten\u00e7\u00e3o, como uma not\u00edcia dos \u00faltimos acontecimentos da economia ou da pol\u00edtica ou promo\u00e7\u00f5es de produtos do seu interesse, nas redes sociais as atualiza\u00e7\u00f5es constantes atraem e prendem a aten\u00e7\u00e3o por horas durante o dia, seus colegas conversam o tempo todo sobre assuntos diversos, etc. Enfim, o desperd\u00edcio de tempo no ambiente de trabalho ocorre de in\u00fameras formas e \u00e9 necess\u00e1rio que as empresas tomem providencias para atenuar esse problema.<\/p>\n<p>Esse cen\u00e1rio exige que os gestores busquem uma solu\u00e7\u00e3o, considerando que a produtividade das equipes \u00e9 um fator de competitividade no mercado e est\u00e1 diretamente relacionado \u00e0 qualidade dos servi\u00e7os realizados\u00a0pelos colaboradores. Vejamos as principais causas de distra\u00e7\u00e3o e baixa produtividade dos profissionais no ambiente de trabalho:<\/p>\n<h4 id=\"redes-sociais\">Redes sociais<\/h4>\n<p>Estima-se que 90% dos usu\u00e1rios de internet no Brasil possuem perfil em ao menos uma rede social e que 70% destes acessam as redes sociais no ambiente de trabalho. No computador ou no celular, os profissionais acessam constantemente seu perfil nas redes sociais, pesquisas apontam que o tempo gasto nas redes fica em torno de 30% do tempo de trabalho.<\/p>\n<h4 id=\"conversas-via-celular-e-comunicadores-instantaneos\">Conversas via celular e comunicadores instant\u00e2neos<\/h4>\n<p>As conversas atrav\u00e9s da troca de mensagens pelo Whatsapp, Skype, Facebook Messenger e outros, \u00e9 econ\u00f4mica e pr\u00e1tica, por\u00e9m, compromete a concentra\u00e7\u00e3o e a produtividade durante o trabalho. Se as atividades profissionais\u00a0n\u00e3o dependem destas trocas de mensagens, \u00e9 importante\u00a0deixar seu celular desligado\u00a0e haver restri\u00e7\u00f5es para evitar o exagero de conversar e o\u00a0desperd\u00edcio de tempo de trabalho.<\/p>\n<h4 id=\"navegacao-na-internet-e-e-mail-pessoal\">Navega\u00e7\u00e3o na internet e e-mail pessoal<\/h4>\n<p>Basta uma conex\u00e3o com a internet para que milhares de op\u00e7\u00f5es fiquem dispon\u00edveis, \u00e9 comum os colaboradores acessarem o e-mail pessoal, ler not\u00edcias, visitar sites de esporte e entretenimento, pesquisar produtos e promo\u00e7\u00f5es, realizar compras, assistir v\u00eddeos, ouvir r\u00e1dio, etc. Todas essas atividades tomam tempo e reduzem o tempo de trabalho e concentra\u00e7\u00e3o nas atividades da empresa.<\/p>\n<h4 id=\"conversas-paralelas\">Conversas paralelas:<\/h4>\n<p>Esse \u00e9 um problema recorrentes em ambientes corporativos, conversas entre colaboradores\u00a0podem tomar o tempo que deveria estar sendo utilizado\u00a0para produzir. Pequenas paradas e conversas com os colegas atrapalham a concentra\u00e7\u00e3o de todos os que est\u00e3o pr\u00f3ximos.<\/p>\n<h4 id=\"pausas\">Pausas<\/h4>\n<p>Sabemos que as pausas entre as horas de trabalho podem (e devem) ser realizadas, pois ajudam o trabalhador a relaxar e melhorar a sua concentra\u00e7\u00e3o, por\u00e9m, h\u00e1 quem abuse destes momentos, e at\u00e9 utilize disto como uma desculpa para a procrastina\u00e7\u00e3o. Portanto, \u00e9 importante controlar gastos\u00a0nestas atividades durante o dia e analisar se \u00e9 poss\u00edvel reduzir essas pausas durante o tempo de trabalho.<\/p>\n<h4 id=\"barulho-no-ambiente-de-trabalho\">Barulho no ambiente de trabalho<\/h4>\n<p>Em um ambiente corporativo\u00a0a conviv\u00eancia com outras pessoas \u00e9 imprescind\u00edvel. \u00c9 ineg\u00e1vel que est\u00e1 conviv\u00eancia \u00e0s vezes se torna dif\u00edcil, afinal s\u00e3o v\u00e1rias pessoas com culturas, h\u00e1bitos e educa\u00e7\u00e3o\u00a0diferentes. Falar muito alto, fazer muitos barulhos, som alto (mesmo que seja no seu fone de ouvido) podem irritar e atrapalhar o seu colega ao lado. \u00c9 importante orientar a postura dos colaboradores dentro da empresa para manter um ambiente saud\u00e1vel e produtivo.<\/p>\n<p>Bem, podemos perceber que existem in\u00fameras causas de\u00a0distra\u00e7\u00f5es que reduzem a produtividade dos colaboradores. Esse \u00e9 um problema de responsabilidade dos gestores, que devem agir para reduzir o desperd\u00edcio de tempo. Em primeiro lugar, \u00e9 necess\u00e1rio a empresa orientar e treinar os profissionais em rela\u00e7\u00e3o ao comportamento ideal no ambiente de trabalho e como a empresa espera que ele se comporte, criando limites e puni\u00e7\u00f5es caso as orienta\u00e7\u00f5es n\u00e3o sejam seguidas.<\/p>\n<p>Boa parte das causas de distra\u00e7\u00f5es est\u00e1 relacionada ao uso da tecnologia, para isso \u00e9 importante a empresa criar um <a href=\"https:\/\/www.lumiun.com\/blog\/2016\/01\/passo-a-passo-como-criar-um-manual-de-etica-e-bom-uso-da-internet-no-trabalho\/\" target=\"_blank\" rel=\"noopener\">manual de \u00e9tica e boas pr\u00e1ticas no uso da internet<\/a>, al\u00e9m disso, \u00e9 importante utilizar algum servi\u00e7o para controlar e monitorar o uso da Internet, o <a href=\"https:\/\/www.lumiun.com\" target=\"_blank\" rel=\"noopener\">Lumiun <\/a>\u00e9 uma excelente alternativa para isso. Criando regras e filtros do que pode ou n\u00e3o pode ser acessado \u00e9 poss\u00edvel reduzir a maioria do desperd\u00edcio de tempo na internet. \u00c9 sugerido flexibilidade e bom senso quanto a esse controle, podendo haver hor\u00e1rios em que alguns recursos possam ser acessados. Tamb\u00e9m \u00e9 fundamental monitorar os acessos, para saber o que os colaboradores est\u00e3o acessando, pois muitas vezes podem ocorrer exageros que precisam ser barrados e punidos.<\/p>\n<p>Sem d\u00favida, tornar a equipe mais produtiva \u00e9 um desafio complexo, mas \u00e9 fundamental buscar alternativas para que a empresa se torne mais competitiva. Mas com a\u00e7\u00f5es de conscientiza\u00e7\u00e3o e a utiliza\u00e7\u00e3o de ferramentas que limitem as distra\u00e7\u00f5es, \u00e9 poss\u00edvel tornar a equipe mais produtiva.<\/p>\n<p>No artigo <a href=\"https:\/\/www.lumiun.com\/blog\/2016\/02\/como-melhorar-a-produtividade-dos-profissionais-atraves-da-gestao\/\">como aumentar a produtividade das equipes atrav\u00e9s da gest\u00e3o<\/a>, falamos de a\u00e7\u00f5es pr\u00e1ticas a serem implementadas que ir\u00e3o contribuir na produtividade e reduzir o desperd\u00edcio de tempo dos colaboradores.<\/p>\n","protected":false},"excerpt":{"rendered":"Atualmente\u00a0\u00e9 muito comum ocorrer distra\u00e7\u00f5es e desperd\u00edcio de tempo no ambiente de trabalho, mesmo com a necessidade que&hellip;\n","protected":false},"author":2,"featured_media":582,"comment_status":"closed","ping_status":"open","sticky":false,"template":"","format":"image","meta":{"content-type":"","footnotes":""},"categories":[17,3],"tags":[33,28,26,24,8],"yoast_head":"<!-- This site is optimized with the Yoast SEO plugin v24.0 - https:\/\/yoast.com\/wordpress\/plugins\/seo\/ -->\n<title>Causas da baixa produtividade dos profissionais no ambiente de trabalho | Lumiun Blog<\/title>\n<meta name=\"robots\" content=\"index, follow, max-snippet:-1, max-image-preview:large, max-video-preview:-1\" \/>\n<link rel=\"canonical\" href=\"https:\/\/www.lumiun.com\/blog\/causas-baixa-produtividade-dos-profissionais-no-trabalho\/\" \/>\n<meta property=\"og:locale\" content=\"pt_BR\" \/>\n<meta property=\"og:type\" content=\"article\" \/>\n<meta property=\"og:title\" content=\"Causas da baixa produtividade dos profissionais no ambiente de trabalho | Lumiun Blog\" \/>\n<meta property=\"og:description\" content=\"Atualmente\u00a0\u00e9 muito comum ocorrer distra\u00e7\u00f5es e desperd\u00edcio de tempo no ambiente de trabalho, mesmo com a necessidade que&hellip;\" \/>\n<meta property=\"og:url\" content=\"https:\/\/www.lumiun.com\/blog\/causas-baixa-produtividade-dos-profissionais-no-trabalho\/\" \/>\n<meta property=\"og:site_name\" content=\"Lumiun Blog\" \/>\n<meta property=\"article:publisher\" content=\"https:\/\/www.facebook.com\/LumiunTecnologia\/\" \/>\n<meta property=\"article:published_time\" content=\"2016-02-24T12:48:14+00:00\" \/>\n<meta property=\"article:modified_time\" content=\"2022-05-02T18:01:40+00:00\" \/>\n<meta property=\"og:image\" content=\"https:\/\/www.lumiun.com\/blog\/wp-content\/uploads\/2015\/10\/Aumente-a-produtividade.jpg\" \/>\n\t<meta property=\"og:image:width\" content=\"1400\" \/>\n\t<meta property=\"og:image:height\" content=\"650\" \/>\n\t<meta property=\"og:image:type\" content=\"image\/jpeg\" \/>\n<meta name=\"author\" content=\"Equipe Lumiun\" \/>\n<meta name=\"twitter:card\" content=\"summary_large_image\" \/>\n<meta name=\"twitter:label1\" content=\"Escrito por\" \/>\n\t<meta name=\"twitter:data1\" content=\"Equipe Lumiun\" \/>\n\t<meta name=\"twitter:label2\" content=\"Est. tempo de leitura\" \/>\n\t<meta name=\"twitter:data2\" content=\"5 minutos\" \/>\n<script type=\"application\/ld+json\" class=\"yoast-schema-graph\">{\"@context\":\"https:\/\/schema.org\",\"@graph\":[{\"@type\":\"Article\",\"@id\":\"https:\/\/www.lumiun.com\/blog\/causas-baixa-produtividade-dos-profissionais-no-trabalho\/#article\",\"isPartOf\":{\"@id\":\"https:\/\/www.lumiun.com\/blog\/causas-baixa-produtividade-dos-profissionais-no-trabalho\/\"},\"author\":{\"name\":\"Equipe Lumiun\",\"@id\":\"https:\/\/www.lumiun.com\/blog\/#\/schema\/person\/ec6073b9f8118a645a39feb51b710f3a\"},\"headline\":\"Causas da baixa produtividade dos profissionais no ambiente de trabalho\",\"datePublished\":\"2016-02-24T12:48:14+00:00\",\"dateModified\":\"2022-05-02T18:01:40+00:00\",\"mainEntityOfPage\":{\"@id\":\"https:\/\/www.lumiun.com\/blog\/causas-baixa-produtividade-dos-profissionais-no-trabalho\/\"},\"wordCount\":928,\"publisher\":{\"@id\":\"https:\/\/www.lumiun.com\/blog\/#organization\"},\"image\":{\"@id\":\"https:\/\/www.lumiun.com\/blog\/causas-baixa-produtividade-dos-profissionais-no-trabalho\/#primaryimage\"},\"thumbnailUrl\":\"https:\/\/www.lumiun.com\/blog\/wp-content\/uploads\/2015\/10\/Aumente-a-produtividade.jpg\",\"keywords\":[\"empresas\",\"equipe\",\"gestao\",\"produtividade\",\"redes sociais\"],\"articleSection\":[\"Gest\u00e3o e Produtividade\",\"Redes Sociais\"],\"inLanguage\":\"pt-BR\"},{\"@type\":\"WebPage\",\"@id\":\"https:\/\/www.lumiun.com\/blog\/causas-baixa-produtividade-dos-profissionais-no-trabalho\/\",\"url\":\"https:\/\/www.lumiun.com\/blog\/causas-baixa-produtividade-dos-profissionais-no-trabalho\/\",\"name\":\"Causas da baixa produtividade dos profissionais no ambiente de trabalho | Lumiun Blog\",\"isPartOf\":{\"@id\":\"https:\/\/www.lumiun.com\/blog\/#website\"},\"primaryImageOfPage\":{\"@id\":\"https:\/\/www.lumiun.com\/blog\/causas-baixa-produtividade-dos-profissionais-no-trabalho\/#primaryimage\"},\"image\":{\"@id\":\"https:\/\/www.lumiun.com\/blog\/causas-baixa-produtividade-dos-profissionais-no-trabalho\/#primaryimage\"},\"thumbnailUrl\":\"https:\/\/www.lumiun.com\/blog\/wp-content\/uploads\/2015\/10\/Aumente-a-produtividade.jpg\",\"datePublished\":\"2016-02-24T12:48:14+00:00\",\"dateModified\":\"2022-05-02T18:01:40+00:00\",\"breadcrumb\":{\"@id\":\"https:\/\/www.lumiun.com\/blog\/causas-baixa-produtividade-dos-profissionais-no-trabalho\/#breadcrumb\"},\"inLanguage\":\"pt-BR\",\"potentialAction\":[{\"@type\":\"ReadAction\",\"target\":[\"https:\/\/www.lumiun.com\/blog\/causas-baixa-produtividade-dos-profissionais-no-trabalho\/\"]}]},{\"@type\":\"ImageObject\",\"inLanguage\":\"pt-BR\",\"@id\":\"https:\/\/www.lumiun.com\/blog\/causas-baixa-produtividade-dos-profissionais-no-trabalho\/#primaryimage\",\"url\":\"https:\/\/www.lumiun.com\/blog\/wp-content\/uploads\/2015\/10\/Aumente-a-produtividade.jpg\",\"contentUrl\":\"https:\/\/www.lumiun.com\/blog\/wp-content\/uploads\/2015\/10\/Aumente-a-produtividade.jpg\",\"width\":1400,\"height\":650},{\"@type\":\"BreadcrumbList\",\"@id\":\"https:\/\/www.lumiun.com\/blog\/causas-baixa-produtividade-dos-profissionais-no-trabalho\/#breadcrumb\",\"itemListElement\":[{\"@type\":\"ListItem\",\"position\":1,\"name\":\"In\u00edcio\",\"item\":\"https:\/\/www.lumiun.com\/blog\/\"},{\"@type\":\"ListItem\",\"position\":2,\"name\":\"Causas da baixa produtividade dos profissionais no ambiente de trabalho\"}]},{\"@type\":\"WebSite\",\"@id\":\"https:\/\/www.lumiun.com\/blog\/#website\",\"url\":\"https:\/\/www.lumiun.com\/blog\/\",\"name\":\"Lumiun Blog\",\"description\":\"Conte\u00fado sobre gest\u00e3o e seguran\u00e7a da internet para gestores e profissionais de TI\",\"publisher\":{\"@id\":\"https:\/\/www.lumiun.com\/blog\/#organization\"},\"potentialAction\":[{\"@type\":\"SearchAction\",\"target\":{\"@type\":\"EntryPoint\",\"urlTemplate\":\"https:\/\/www.lumiun.com\/blog\/?s={search_term_string}\"},\"query-input\":{\"@type\":\"PropertyValueSpecification\",\"valueRequired\":true,\"valueName\":\"search_term_string\"}}],\"inLanguage\":\"pt-BR\"},{\"@type\":\"Organization\",\"@id\":\"https:\/\/www.lumiun.com\/blog\/#organization\",\"name\":\"Lumiun Tecnologia\",\"url\":\"https:\/\/www.lumiun.com\/blog\/\",\"logo\":{\"@type\":\"ImageObject\",\"inLanguage\":\"pt-BR\",\"@id\":\"https:\/\/www.lumiun.com\/blog\/#\/schema\/logo\/image\/\",\"url\":\"https:\/\/www.lumiun.com\/blog\/wp-content\/uploads\/logo-lumiun.png\",\"contentUrl\":\"https:\/\/www.lumiun.com\/blog\/wp-content\/uploads\/logo-lumiun.png\",\"width\":1500,\"height\":930,\"caption\":\"Lumiun Tecnologia\"},\"image\":{\"@id\":\"https:\/\/www.lumiun.com\/blog\/#\/schema\/logo\/image\/\"},\"sameAs\":[\"https:\/\/www.facebook.com\/LumiunTecnologia\/\",\"https:\/\/www.linkedin.com\/company\/lumiun---cloud-managed-network\/\",\"https:\/\/www.youtube.com\/LumiunNetwork\"]},{\"@type\":\"Person\",\"@id\":\"https:\/\/www.lumiun.com\/blog\/#\/schema\/person\/ec6073b9f8118a645a39feb51b710f3a\",\"name\":\"Equipe Lumiun\",\"image\":{\"@type\":\"ImageObject\",\"inLanguage\":\"pt-BR\",\"@id\":\"https:\/\/www.lumiun.com\/blog\/#\/schema\/person\/image\/\",\"url\":\"https:\/\/secure.gravatar.com\/avatar\/65646655862a1ff55ad08c98066a36cc?s=96&d=mm&r=g\",\"contentUrl\":\"https:\/\/secure.gravatar.com\/avatar\/65646655862a1ff55ad08c98066a36cc?s=96&d=mm&r=g\",\"caption\":\"Equipe Lumiun\"},\"description\":\"Especialistas em tecnologia e ciberseguran\u00e7a, dedicados a simplificar o controle e prote\u00e7\u00e3o de redes corporativas. Apoiamos empresas a crescerem com mais seguran\u00e7a, efici\u00eancia e conectividade.\",\"sameAs\":[\"https:\/\/www.lumiun.com\"],\"url\":\"https:\/\/www.lumiun.com\/blog\/author\/cledison\/\"}]}<\/script>\n<!-- \/ Yoast SEO plugin. -->","yoast_head_json":{"title":"Causas da baixa produtividade dos profissionais no ambiente de trabalho | Lumiun Blog","robots":{"index":"index","follow":"follow","max-snippet":"max-snippet:-1","max-image-preview":"max-image-preview:large","max-video-preview":"max-video-preview:-1"},"canonical":"https:\/\/www.lumiun.com\/blog\/causas-baixa-produtividade-dos-profissionais-no-trabalho\/","og_locale":"pt_BR","og_type":"article","og_title":"Causas da baixa produtividade dos profissionais no ambiente de trabalho | Lumiun Blog","og_description":"Atualmente\u00a0\u00e9 muito comum ocorrer distra\u00e7\u00f5es e desperd\u00edcio de tempo no ambiente de trabalho, mesmo com a necessidade que&hellip;","og_url":"https:\/\/www.lumiun.com\/blog\/causas-baixa-produtividade-dos-profissionais-no-trabalho\/","og_site_name":"Lumiun Blog","article_publisher":"https:\/\/www.facebook.com\/LumiunTecnologia\/","article_published_time":"2016-02-24T12:48:14+00:00","article_modified_time":"2022-05-02T18:01:40+00:00","og_image":[{"width":1400,"height":650,"url":"https:\/\/www.lumiun.com\/blog\/wp-content\/uploads\/2015\/10\/Aumente-a-produtividade.jpg","type":"image\/jpeg"}],"author":"Equipe Lumiun","twitter_card":"summary_large_image","twitter_misc":{"Escrito por":"Equipe Lumiun","Est. tempo de leitura":"5 minutos"},"schema":{"@context":"https:\/\/schema.org","@graph":[{"@type":"Article","@id":"https:\/\/www.lumiun.com\/blog\/causas-baixa-produtividade-dos-profissionais-no-trabalho\/#article","isPartOf":{"@id":"https:\/\/www.lumiun.com\/blog\/causas-baixa-produtividade-dos-profissionais-no-trabalho\/"},"author":{"name":"Equipe Lumiun","@id":"https:\/\/www.lumiun.com\/blog\/#\/schema\/person\/ec6073b9f8118a645a39feb51b710f3a"},"headline":"Causas da baixa produtividade dos profissionais no ambiente de trabalho","datePublished":"2016-02-24T12:48:14+00:00","dateModified":"2022-05-02T18:01:40+00:00","mainEntityOfPage":{"@id":"https:\/\/www.lumiun.com\/blog\/causas-baixa-produtividade-dos-profissionais-no-trabalho\/"},"wordCount":928,"publisher":{"@id":"https:\/\/www.lumiun.com\/blog\/#organization"},"image":{"@id":"https:\/\/www.lumiun.com\/blog\/causas-baixa-produtividade-dos-profissionais-no-trabalho\/#primaryimage"},"thumbnailUrl":"https:\/\/www.lumiun.com\/blog\/wp-content\/uploads\/2015\/10\/Aumente-a-produtividade.jpg","keywords":["empresas","equipe","gestao","produtividade","redes sociais"],"articleSection":["Gest\u00e3o e Produtividade","Redes Sociais"],"inLanguage":"pt-BR"},{"@type":"WebPage","@id":"https:\/\/www.lumiun.com\/blog\/causas-baixa-produtividade-dos-profissionais-no-trabalho\/","url":"https:\/\/www.lumiun.com\/blog\/causas-baixa-produtividade-dos-profissionais-no-trabalho\/","name":"Causas da baixa produtividade dos profissionais no ambiente de trabalho | Lumiun Blog","isPartOf":{"@id":"https:\/\/www.lumiun.com\/blog\/#website"},"primaryImageOfPage":{"@id":"https:\/\/www.lumiun.com\/blog\/causas-baixa-produtividade-dos-profissionais-no-trabalho\/#primaryimage"},"image":{"@id":"https:\/\/www.lumiun.com\/blog\/causas-baixa-produtividade-dos-profissionais-no-trabalho\/#primaryimage"},"thumbnailUrl":"https:\/\/www.lumiun.com\/blog\/wp-content\/uploads\/2015\/10\/Aumente-a-produtividade.jpg","datePublished":"2016-02-24T12:48:14+00:00","dateModified":"2022-05-02T18:01:40+00:00","breadcrumb":{"@id":"https:\/\/www.lumiun.com\/blog\/causas-baixa-produtividade-dos-profissionais-no-trabalho\/#breadcrumb"},"inLanguage":"pt-BR","potentialAction":[{"@type":"ReadAction","target":["https:\/\/www.lumiun.com\/blog\/causas-baixa-produtividade-dos-profissionais-no-trabalho\/"]}]},{"@type":"ImageObject","inLanguage":"pt-BR","@id":"https:\/\/www.lumiun.com\/blog\/causas-baixa-produtividade-dos-profissionais-no-trabalho\/#primaryimage","url":"https:\/\/www.lumiun.com\/blog\/wp-content\/uploads\/2015\/10\/Aumente-a-produtividade.jpg","contentUrl":"https:\/\/www.lumiun.com\/blog\/wp-content\/uploads\/2015\/10\/Aumente-a-produtividade.jpg","width":1400,"height":650},{"@type":"BreadcrumbList","@id":"https:\/\/www.lumiun.com\/blog\/causas-baixa-produtividade-dos-profissionais-no-trabalho\/#breadcrumb","itemListElement":[{"@type":"ListItem","position":1,"name":"In\u00edcio","item":"https:\/\/www.lumiun.com\/blog\/"},{"@type":"ListItem","position":2,"name":"Causas da baixa produtividade dos profissionais no ambiente de trabalho"}]},{"@type":"WebSite","@id":"https:\/\/www.lumiun.com\/blog\/#website","url":"https:\/\/www.lumiun.com\/blog\/","name":"Lumiun Blog","description":"Conte\u00fado sobre gest\u00e3o e seguran\u00e7a da internet para gestores e profissionais de TI","publisher":{"@id":"https:\/\/www.lumiun.com\/blog\/#organization"},"potentialAction":[{"@type":"SearchAction","target":{"@type":"EntryPoint","urlTemplate":"https:\/\/www.lumiun.com\/blog\/?s={search_term_string}"},"query-input":{"@type":"PropertyValueSpecification","valueRequired":true,"valueName":"search_term_string"}}],"inLanguage":"pt-BR"},{"@type":"Organization","@id":"https:\/\/www.lumiun.com\/blog\/#organization","name":"Lumiun Tecnologia","url":"https:\/\/www.lumiun.com\/blog\/","logo":{"@type":"ImageObject","inLanguage":"pt-BR","@id":"https:\/\/www.lumiun.com\/blog\/#\/schema\/logo\/image\/","url":"https:\/\/www.lumiun.com\/blog\/wp-content\/uploads\/logo-lumiun.png","contentUrl":"https:\/\/www.lumiun.com\/blog\/wp-content\/uploads\/logo-lumiun.png","width":1500,"height":930,"caption":"Lumiun Tecnologia"},"image":{"@id":"https:\/\/www.lumiun.com\/blog\/#\/schema\/logo\/image\/"},"sameAs":["https:\/\/www.facebook.com\/LumiunTecnologia\/","https:\/\/www.linkedin.com\/company\/lumiun---cloud-managed-network\/","https:\/\/www.youtube.com\/LumiunNetwork"]},{"@type":"Person","@id":"https:\/\/www.lumiun.com\/blog\/#\/schema\/person\/ec6073b9f8118a645a39feb51b710f3a","name":"Equipe Lumiun","image":{"@type":"ImageObject","inLanguage":"pt-BR","@id":"https:\/\/www.lumiun.com\/blog\/#\/schema\/person\/image\/","url":"https:\/\/secure.gravatar.com\/avatar\/65646655862a1ff55ad08c98066a36cc?s=96&d=mm&r=g","contentUrl":"https:\/\/secure.gravatar.com\/avatar\/65646655862a1ff55ad08c98066a36cc?s=96&d=mm&r=g","caption":"Equipe Lumiun"},"description":"Especialistas em tecnologia e ciberseguran\u00e7a, dedicados a simplificar o controle e prote\u00e7\u00e3o de redes corporativas. Apoiamos empresas a crescerem com mais seguran\u00e7a, efici\u00eancia e conectividade.","sameAs":["https:\/\/www.lumiun.com"],"url":"https:\/\/www.lumiun.com\/blog\/author\/cledison\/"}]}},"_links":{"self":[{"href":"https:\/\/www.lumiun.com\/blog\/wp-json\/wp\/v2\/posts\/581"}],"collection":[{"href":"https:\/\/www.lumiun.com\/blog\/wp-json\/wp\/v2\/posts"}],"about":[{"href":"https:\/\/www.lumiun.com\/blog\/wp-json\/wp\/v2\/types\/post"}],"author":[{"embeddable":true,"href":"https:\/\/www.lumiun.com\/blog\/wp-json\/wp\/v2\/users\/2"}],"replies":[{"embeddable":true,"href":"https:\/\/www.lumiun.com\/blog\/wp-json\/wp\/v2\/comments?post=581"}],"version-history":[{"count":13,"href":"https:\/\/www.lumiun.com\/blog\/wp-json\/wp\/v2\/posts\/581\/revisions"}],"predecessor-version":[{"id":386715,"href":"https:\/\/www.lumiun.com\/blog\/wp-json\/wp\/v2\/posts\/581\/revisions\/386715"}],"wp:featuredmedia":[{"embeddable":true,"href":"https:\/\/www.lumiun.com\/blog\/wp-json\/wp\/v2\/media\/582"}],"wp:attachment":[{"href":"https:\/\/www.lumiun.com\/blog\/wp-json\/wp\/v2\/media?parent=581"}],"wp:term":[{"taxonomy":"category","embeddable":true,"href":"https:\/\/www.lumiun.com\/blog\/wp-json\/wp\/v2\/categories?post=581"},{"taxonomy":"post_tag","embeddable":true,"href":"https:\/\/www.lumiun.com\/blog\/wp-json\/wp\/v2\/tags?post=581"}],"curies":[{"name":"wp","href":"https:\/\/api.w.org\/{rel}","templated":true}]}}