{"id":6414,"date":"2020-07-27T09:34:52","date_gmt":"2020-07-27T12:34:52","guid":{"rendered":"https:\/\/www.lumiun.com\/blog\/?p=6414"},"modified":"2022-05-02T15:02:11","modified_gmt":"2022-05-02T18:02:11","slug":"a-semana-da-seguranca-da-informacao-edicao-no22","status":"publish","type":"post","link":"https:\/\/www.lumiun.com\/blog\/a-semana-da-seguranca-da-informacao-edicao-no22\/","title":{"rendered":"A Semana da Seguran\u00e7a da Informa\u00e7\u00e3o &#8211; Edi\u00e7\u00e3o N\u00ba22"},"content":{"rendered":"<p>Na edi\u00e7\u00e3o N\u00ba 22 da Semana da Seguran\u00e7a da Informa\u00e7\u00e3o, LGPD e Covid-19, VPN \u00e9 essencial para empresas, onda de ciberataques afetam telecoms, 8 li\u00e7\u00f5es de seguran\u00e7a que a pandemia deixou para as empresas e muito mais.<\/p>\n<hr \/>\n<h2 id=\"noticias\">Not\u00edcias<\/h2>\n<h3 id=\"lgpd-covid-19-e-os-impactos-nas-empresas-afinal-quem-deve-cumprir-a-lei\" class=\"content-head__title\"><a href=\"https:\/\/tiinside.com.br\/23\/07\/2020\/lgpd-covid-19-e-os-impacto-nas-empresas-afinal-quem-deve-cumprir-a-lei\/\" target=\"_blank\" rel=\"noopener noreferrer\">LGPD, Covid-19 e os impactos nas empresas: afinal, quem deve cumprir a lei?<\/a><\/h3>\n<p class=\"content-head__subtitle\">A pretensa dicotomia entre privacidade e sa\u00fade veio \u00e0 tona com muita for\u00e7a, a exemplo do que j\u00e1 vinha acontecendo em rela\u00e7\u00e3o a seguran\u00e7a p\u00fablica. At\u00e9 onde se tem o direito de quebrar a privacidade do cidad\u00e3o em nome da seguran\u00e7a ou da sa\u00fade?<\/p>\n<p class=\"content-publication-data__from\" title=\"Isabela Cabral, para o TechTudo\"><span style=\"color: #808080;\"><em>Por Enio Klein em TI Inside<\/em><\/span><\/p>\n<h3 id=\"por-que-com-o-distanciamento-social-a-vpn-e-essencial-para-as-empresas\" class=\"content-head__title\"><a href=\"https:\/\/www.lumiun.com\/blog\/por-que-com-o-distanciamento-social-a-vpn-e-essencial-para-as-empresas\/\" target=\"_blank\" rel=\"noopener noreferrer\">Por que, com o distanciamento social, a VPN \u00e9 essencial para as empresas?<\/a><\/h3>\n<p>Com a ado\u00e7\u00e3o do home office, a VPN corporativa est\u00e1 sendo uma ferramenta essencial de seguran\u00e7a e produtividade para os colaboradores que precisam trabalhar de casa e, ao mesmo tempo, necessitam se conectar com o escrit\u00f3rio remotamente.<\/p>\n<p><span style=\"color: #808080;\"><i>Por Al\u00e9x de Oliveira em Blog do Lumiun<\/i><\/span><\/p>\n<h3 id=\"onda-de-ciberataques-imprevisiveis-afetam-telecoms-centros-de-saude-e-outros\" class=\"materia-manchete entry-title\"><a href=\"https:\/\/canaltech.com.br\/hacker\/onda-de-ciberataques-imprevisiveis-afetam-telecoms-centros-de-saude-e-outros-168545\/\" target=\"_blank\" rel=\"noopener noreferrer\">Onda de ciberataques imprevis\u00edveis afetam telecoms, centros de sa\u00fade e outros<\/a><\/h3>\n<p>Uma onda peri\u00f3dica de ataques usando malwares pode colocar infraestruturas essenciais, organiza\u00e7\u00f5es governamentais e institui\u00e7\u00f5es de sa\u00fade em risco nos pr\u00f3ximos meses.<\/p>\n<p><span style=\"color: #808080;\"><em>Por Felipe Demartini em CanalTech<\/em><\/span><\/p>\n<h3 id=\"quais-dados-um-provedor-armazena-sobre-a-atividade-na-internet\"><a href=\"https:\/\/g1.globo.com\/economia\/tecnologia\/blog\/altieres-rohr\/post\/2020\/07\/23\/quais-dados-um-provedor-armazena-sobre-a-atividade-na-internet.ghtml\" target=\"_blank\" rel=\"noopener noreferrer\">Quais dados um provedor armazena sobre a atividade na internet?<\/a><\/h3>\n<p>Veja as diferen\u00e7as na legisla\u00e7\u00e3o brasileira e quais as obriga\u00e7\u00f5es que o Marco Civil da Internet traz para cada um.<\/p>\n<p><span style=\"color: #808080;\"><em>Por Altieres Rohr em G1<\/em><\/span><\/p>\n<h3 id=\"8-licoes-de-seguranca-que-a-covid%e2%80%9119-deixou-para-as-empresas\" class=\"ArticleHeader_headline\"><a href=\"https:\/\/cio.com.br\/8-licoes-de-seguranca-que-a-covid%E2%80%9119-deixou-para-as-empresas\/\" target=\"_blank\" rel=\"noopener noreferrer\">8 li\u00e7\u00f5es de seguran\u00e7a que a Covid\u201119 deixou para as empresas<\/a><\/h3>\n<p>N\u00edvel de desenvolvimento da transforma\u00e7\u00e3o digital pode determinar o grau de risco que ela enfrenta com as mudan\u00e7as geradas a partir da pandemia.<\/p>\n<p><span style=\"color: #808080;\"><i>Em CIO<\/i><\/span><\/p>\n<h3 id=\"entenda-por-que-os-anonymous-querem-que-voce-delete-o-tiktok-imediatamente\"><a href=\"https:\/\/canaltech.com.br\/seguranca\/entenda-porque-os-anonymous-querem-que-voce-delete-o-tiktok-imediatamente-168500\/\" target=\"_blank\" rel=\"noopener noreferrer\">Entenda por que os Anonymous querem que voc\u00ea \u201cdelete o TikTok imediatamente\u201d<\/a><\/h3>\n<p>Essa n\u00e3o foi a primeira vez que o grupo descentralizado emitiu alertas a respeito do aplicativo asi\u00e1tico \u2014 ali\u00e1s, os Anonymous em si est\u00e3o longe de serem os primeiros especialistas a criticar tal rede social.<\/p>\n<p><span style=\"color: #808080;\"><em>Por Ramon De Souza em CanalTech<\/em><\/span><\/p>\n<h3 id=\"bolsonaro-cria-novo-comite-de-governanca-digital-e-seguranca-da-informacao\"><a href=\"https:\/\/teletime.com.br\/22\/07\/2020\/bolsonaro-cria-novo-comite-de-governanca-digital-e-seguranca-da-informacao\/\" target=\"_blank\" rel=\"noopener noreferrer\">Bolsonaro cria novo comit\u00ea de governan\u00e7a digital e seguran\u00e7a da informa\u00e7\u00e3o<\/a><\/h3>\n<p>O governo federal publicou no Di\u00e1rio Oficial da Uni\u00e3o desta quarta-feira, 22, o decreto 10.433\/2020, que cria o Comit\u00ea de Governan\u00e7a Digital e Seguran\u00e7a da Informa\u00e7\u00e3o da Presid\u00eancia e vice-presid\u00eancia da Rep\u00fablica.<\/p>\n<p><span style=\"color: #808080;\"><em>Por Marcos Urup\u00e1\u00a0em Teletime<\/em><\/span><\/p>\n<h3 id=\"o-que-e-criptografia-veja-tudo-sobre-o-assunto\" class=\"margin-bottom-10 title\"><a href=\"https:\/\/www.windowsteam.com.br\/o-que-e-criptografia-veja-tudo-sobre-o-assunto\/\" target=\"_blank\" rel=\"noopener noreferrer\">O que \u00e9 criptografia? Veja tudo sobre o assunto!<\/a><\/h3>\n<p>A maioria dos mecanismos de pesquisa, independentemente de rastrear voc\u00ea, utilizam criptografia para proteger os seus dados de pesquisa. \u00c9 assim que os mecanismos de pesquisa, incluindo Google, Yahoo e Search Encrypt, protegem as informa\u00e7\u00f5es de seus usu\u00e1rios.<\/p>\n<p><span style=\"color: #808080;\"><em>Por Rafael Pimenta em Windows Team<\/em><\/span><\/p>\n<h3 id=\"5-dicas-para-cortar-orcamentos-em-uma-crise-sem-prejudicar-a-seguranca\" class=\"margin-bottom-10 title\"><a href=\"https:\/\/cio.com.br\/5-dicas-para-cortar-orcamentos-em-uma-crise-sem-prejudicar-a-seguranca\/\" target=\"_blank\" rel=\"noopener noreferrer\">5 dicas para cortar or\u00e7amentos em uma crise sem prejudicar a seguran\u00e7a<\/a><\/h3>\n<p>A seguran\u00e7a da informa\u00e7\u00e3o h\u00e1 muito tempo tem a reputa\u00e7\u00e3o de n\u00e3o ter pessoal e financiamento, e isso foi antes da Covid-19.<\/p>\n<p><span style=\"color: #808080;\"><em>Por Terena Bell em CIO<\/em><\/span><\/p>\n<h3 id=\"veja-17-dicas-simples-para-o-uso-consciente-e-seguro-da-internet\" class=\"margin-bottom-10 title\"><a href=\"https:\/\/www.lumiun.com\/blog\/veja-dicas-simples-para-uso-consciente-seguro-da-internet\/\" target=\"_blank\" rel=\"noopener noreferrer\">Veja 17 dicas simples para o uso consciente e seguro da internet<\/a><\/h3>\n<p>O segmento empresarial est\u00e1 se tornando alvo cada vez mais atraente para ataques virtuais. Por conta disso, as empresas precisam tomar cuidados di\u00e1rios para manter-se longe das amea\u00e7as, adotando medidas de combate, preven\u00e7\u00e3o e orientando os colaboradores sobre o uso consciente e seguro da internet na empresa, principalmente, com grande parte dos colaboradores em home office.<\/p>\n<p><span style=\"color: #808080;\"><em>Por Cledison Eduardo Fritzen em Blog do Lumiun<\/em><\/span><\/p>\n<hr \/>\n<h2 id=\"dicas-de-ferramentas-antivirus-e-antimalware\">Dicas de Ferramentas: Antiv\u00edrus e Antimalware<\/h2>\n<p>Juntamos neste t\u00f3pico as melhores solu\u00e7\u00f5es de Antiv\u00edrus e Antimalware:<\/p>\n<p>\u2694 &#8211; <a href=\"https:\/\/www.bitdefender.com\/\">Bitdefender<\/a><\/p>\n<p>\u2694 &#8211; <a href=\"https:\/\/www.f-secure.com\/br-pt\">F-Secure<\/a><\/p>\n<p>\u2694 &#8211; <a href=\"https:\/\/www.kaspersky.com.br\/\">Kaspersky<\/a><\/p>\n<p>\u2694 &#8211; <a href=\"https:\/\/www.symantec.com\/\">Symantec<\/a><\/p>\n<p>\u2694 &#8211; <a href=\"https:\/\/www.trendmicro.com\/pt_br\/business.html\">Trend Micro<\/a><\/p>\n<p>\u2694 &#8211; <a href=\"https:\/\/www.vipre.com\/\">Vipre<\/a><\/p>\n<hr \/>\n<h2 id=\"material\">Material<\/h2>\n<div class=\"rock-convert-banner\"><a href=\"https:\/\/www.lumiun.com\/blog\/guia-de-ti-para-pequenas-e-medias-empresas\/?utm_medium=rock-convert\" target=\"_blank\" class=\"rock-convert-cta-link\" data-cta-id=\"6002\" data-cta-title=\"Banner Guia de TI para Pequenas Empresas\"><picture><source srcset=\"https:\/\/www.lumiun.com\/blog\/wp-content\/webp-express\/webp-images\/uploads\/Imagens-Banners-Rock12344.jpg.webp 1201w, https:\/\/www.lumiun.com\/blog\/wp-content\/webp-express\/webp-images\/uploads\/Imagens-Banners-Rock12344-500x202.jpg.webp 500w, https:\/\/www.lumiun.com\/blog\/wp-content\/webp-express\/webp-images\/uploads\/Imagens-Banners-Rock12344-1140x461.jpg.webp 1140w, https:\/\/www.lumiun.com\/blog\/wp-content\/webp-express\/webp-images\/uploads\/Imagens-Banners-Rock12344-768x311.jpg.webp 768w, https:\/\/www.lumiun.com\/blog\/wp-content\/webp-express\/webp-images\/uploads\/Imagens-Banners-Rock12344-380x154.jpg.webp 380w, https:\/\/www.lumiun.com\/blog\/wp-content\/webp-express\/webp-images\/uploads\/Imagens-Banners-Rock12344-800x324.jpg.webp 800w, https:\/\/www.lumiun.com\/blog\/wp-content\/webp-express\/webp-images\/uploads\/Imagens-Banners-Rock12344-1160x469.jpg.webp 1160w\" sizes=\"(max-width: 1201px) 100vw, 1201px\" type=\"image\/webp\"><img fetchpriority=\"high\" decoding=\"async\" width=\"1201\" height=\"486\" src=\"https:\/\/www.lumiun.com\/blog\/wp-content\/uploads\/Imagens-Banners-Rock12344.jpg\" class=\"attachment-full size-full webpexpress-processed\" alt=\"\" title=\"Banner Guia de TI para Pequenas Empresas\" srcset=\"https:\/\/www.lumiun.com\/blog\/wp-content\/uploads\/Imagens-Banners-Rock12344.jpg 1201w, https:\/\/www.lumiun.com\/blog\/wp-content\/uploads\/Imagens-Banners-Rock12344-500x202.jpg 500w, https:\/\/www.lumiun.com\/blog\/wp-content\/uploads\/Imagens-Banners-Rock12344-1140x461.jpg 1140w, https:\/\/www.lumiun.com\/blog\/wp-content\/uploads\/Imagens-Banners-Rock12344-768x311.jpg 768w, https:\/\/www.lumiun.com\/blog\/wp-content\/uploads\/Imagens-Banners-Rock12344-380x154.jpg 380w, https:\/\/www.lumiun.com\/blog\/wp-content\/uploads\/Imagens-Banners-Rock12344-800x324.jpg 800w, https:\/\/www.lumiun.com\/blog\/wp-content\/uploads\/Imagens-Banners-Rock12344-1160x469.jpg 1160w\" sizes=\"(max-width: 1201px) 100vw, 1201px\" loading=\"eager\"><\/picture><\/a><\/div>\n<hr \/>\n<h2 id=\"videos\">V\u00eddeos<\/h2>\n<h3 id=\"crypto-id-entrevista-william-bergamo-e-as-novas-solucoes-de-seguranca-da-informacao\" class=\"title style-scope ytd-video-primary-info-renderer\"><a href=\"https:\/\/www.youtube.com\/watch?v=24GexErX9nY\" target=\"_blank\" rel=\"noopener noreferrer\">Crypto ID entrevista: William Bergamo e as novas solu\u00e7\u00f5es de seguran\u00e7a da informa\u00e7\u00e3o<\/a><\/h3>\n<div  id=\"_ytid_74693\"  width=\"800\" height=\"450\"  data-origwidth=\"800\" data-origheight=\"450\"  data-relstop=\"1\" data-facadesrc=\"https:\/\/www.youtube.com\/embed\/24GexErX9nY?enablejsapi=1&#038;autoplay=0&#038;cc_load_policy=0&#038;iv_load_policy=1&#038;loop=0&#038;modestbranding=1&#038;fs=1&#038;playsinline=0&#038;controls=1&#038;color=red&#038;cc_lang_pref=&#038;rel=0&#038;autohide=2&#038;theme=dark&#038;\" class=\"__youtube_prefs__ epyt-facade epyt-is-override  no-lazyload\" data-epautoplay=\"1\" ><img decoding=\"async\" data-spai-excluded=\"true\" class=\"epyt-facade-poster skip-lazy\" loading=\"lazy\"  alt=\"YouTube player\"  src=\"https:\/\/i.ytimg.com\/vi\/24GexErX9nY\/maxresdefault.jpg\"  \/><button class=\"epyt-facade-play\" aria-label=\"Play\"><svg data-no-lazy=\"1\" height=\"100%\" version=\"1.1\" viewBox=\"0 0 68 48\" width=\"100%\"><path class=\"ytp-large-play-button-bg\" d=\"M66.52,7.74c-0.78-2.93-2.49-5.41-5.42-6.19C55.79,.13,34,0,34,0S12.21,.13,6.9,1.55 C3.97,2.33,2.27,4.81,1.48,7.74C0.06,13.05,0,24,0,24s0.06,10.95,1.48,16.26c0.78,2.93,2.49,5.41,5.42,6.19 C12.21,47.87,34,48,34,48s21.79-0.13,27.1-1.55c2.93-0.78,4.64-3.26,5.42-6.19C67.94,34.95,68,24,68,24S67.94,13.05,66.52,7.74z\" fill=\"#f00\"><\/path><path d=\"M 45,24 27,14 27,34\" fill=\"#fff\"><\/path><\/svg><\/button><\/div>\n<h3 id=\"desafios-do-dpo-10-7\" class=\"title style-scope ytd-video-primary-info-renderer\"><a href=\"https:\/\/www.youtube.com\/watch?v=L613kxUN7bo\" target=\"_blank\" rel=\"noopener noreferrer\">Desafios do DPO 10\/7<\/a><\/h3>\n<div  id=\"_ytid_79121\"  width=\"800\" height=\"450\"  data-origwidth=\"800\" data-origheight=\"450\"  data-relstop=\"1\" data-facadesrc=\"https:\/\/www.youtube.com\/embed\/L613kxUN7bo?enablejsapi=1&#038;autoplay=0&#038;cc_load_policy=0&#038;iv_load_policy=1&#038;loop=0&#038;modestbranding=1&#038;fs=1&#038;playsinline=0&#038;controls=1&#038;color=red&#038;cc_lang_pref=&#038;rel=0&#038;autohide=2&#038;theme=dark&#038;\" class=\"__youtube_prefs__ epyt-facade epyt-is-override  no-lazyload\" data-epautoplay=\"1\" ><img decoding=\"async\" data-spai-excluded=\"true\" class=\"epyt-facade-poster skip-lazy\" loading=\"lazy\"  alt=\"YouTube player\"  src=\"https:\/\/i.ytimg.com\/vi\/L613kxUN7bo\/maxresdefault.jpg\"  \/><button class=\"epyt-facade-play\" aria-label=\"Play\"><svg data-no-lazy=\"1\" height=\"100%\" version=\"1.1\" viewBox=\"0 0 68 48\" width=\"100%\"><path class=\"ytp-large-play-button-bg\" d=\"M66.52,7.74c-0.78-2.93-2.49-5.41-5.42-6.19C55.79,.13,34,0,34,0S12.21,.13,6.9,1.55 C3.97,2.33,2.27,4.81,1.48,7.74C0.06,13.05,0,24,0,24s0.06,10.95,1.48,16.26c0.78,2.93,2.49,5.41,5.42,6.19 C12.21,47.87,34,48,34,48s21.79-0.13,27.1-1.55c2.93-0.78,4.64-3.26,5.42-6.19C67.94,34.95,68,24,68,24S67.94,13.05,66.52,7.74z\" fill=\"#f00\"><\/path><path d=\"M 45,24 27,14 27,34\" fill=\"#fff\"><\/path><\/svg><\/button><\/div>\n<hr \/>\n<h2 id=\"info\" class=\"style-scope ytd-video-primary-info-renderer\"><span id=\"eventos\">Eventos<\/span><\/h2>\n<h3 id=\"webinar-seguranca-da-informacao-e-privacidade-conforme-a-iso-iec-277012019\" class=\"event-name\"><a href=\"https:\/\/www.sympla.com.br\/webinar--seguranca-da-informacao-e-privacidade-conforme-a-isoiec-277012019__897239\" target=\"_blank\" rel=\"noopener noreferrer\">Webinar | Seguran\u00e7a da informa\u00e7\u00e3o e privacidade conforme a ISO\/IEC 27701:2019<\/a><\/h3>\n<ul>\n<li>28 de julho de 2020, 19h &#8211; 20h<\/li>\n<li>Evento on-line<\/li>\n<\/ul>\n<h3 id=\"como-garantir-seguranca-e-eficiencia-no-trabalho-remoto\" class=\"title style-scope ytd-video-primary-info-renderer\"><a href=\"https:\/\/www.sympla.com.br\/como-garantir-seguranca-e-eficiencia-no-trabalho-remoto__909554\" target=\"_blank\" rel=\"noopener noreferrer\">Como garantir seguran\u00e7a e efici\u00eancia no trabalho remoto<\/a><\/h3>\n<ul>\n<li class=\"title style-scope ytd-video-primary-info-renderer\">30 de julho de 2020, 10h &#8211; 11h20<\/li>\n<li class=\"title style-scope ytd-video-primary-info-renderer\">Evento on-line<\/li>\n<\/ul>\n<div class=\"row\">\n<div class=\"col-md-12\">\n<div class=\"\"><\/div>\n<\/div>\n<\/div>\n<hr \/>\n<p>Voc\u00ea ainda n\u00e3o est\u00e1 inscrito na nossa newsletter para receber esse conte\u00fado semanalmente no e-mail? Ent\u00e3o se inscreva atrav\u00e9s do link abaixo:<\/p>\n<p><a href=\"https:\/\/conteudo.lumiun.com\/semana-da-seguranca-na-internet\">https:\/\/conteudo.lumiun.com\/semana-da-seguranca-na-internet<\/a><\/p>\n<p>Compartilhe o link com seus colegas e amigos.<\/p>\n","protected":false},"excerpt":{"rendered":"Na edi\u00e7\u00e3o N\u00ba 22 da Semana da Seguran\u00e7a da Informa\u00e7\u00e3o, LGPD e Covid-19, VPN \u00e9 essencial para empresas,&hellip;\n","protected":false},"author":11,"featured_media":6421,"comment_status":"closed","ping_status":"open","sticky":false,"template":"","format":"image","meta":{"content-type":"","footnotes":""},"categories":[143],"tags":[201,137,247,149],"yoast_head":"<!-- This site is optimized with the Yoast SEO plugin v24.0 - https:\/\/yoast.com\/wordpress\/plugins\/seo\/ -->\n<title>A Semana da Seguran\u00e7a da Informa\u00e7\u00e3o - Edi\u00e7\u00e3o N\u00ba22 | Lumiun Blog<\/title>\n<meta name=\"description\" content=\"Na edi\u00e7\u00e3o N\u00ba 22 da Semana da Seguran\u00e7a da Informa\u00e7\u00e3o, LGPD e Covid-19, onda de ciberataques afetam telecoms, e muito mais.\" \/>\n<meta name=\"robots\" content=\"index, follow, max-snippet:-1, max-image-preview:large, max-video-preview:-1\" \/>\n<link rel=\"canonical\" href=\"https:\/\/www.lumiun.com\/blog\/a-semana-da-seguranca-da-informacao-edicao-no22\/\" \/>\n<meta property=\"og:locale\" content=\"pt_BR\" \/>\n<meta property=\"og:type\" content=\"article\" \/>\n<meta property=\"og:title\" content=\"A Semana da Seguran\u00e7a da Informa\u00e7\u00e3o - Edi\u00e7\u00e3o N\u00ba22 | Lumiun Blog\" \/>\n<meta property=\"og:description\" content=\"Na edi\u00e7\u00e3o N\u00ba 22 da Semana da Seguran\u00e7a da Informa\u00e7\u00e3o, LGPD e Covid-19, onda de ciberataques afetam telecoms, e muito mais.\" \/>\n<meta property=\"og:url\" content=\"https:\/\/www.lumiun.com\/blog\/a-semana-da-seguranca-da-informacao-edicao-no22\/\" \/>\n<meta property=\"og:site_name\" content=\"Lumiun Blog\" \/>\n<meta property=\"article:publisher\" content=\"https:\/\/www.facebook.com\/LumiunTecnologia\/\" \/>\n<meta property=\"article:published_time\" content=\"2020-07-27T12:34:52+00:00\" \/>\n<meta property=\"article:modified_time\" content=\"2022-05-02T18:02:11+00:00\" \/>\n<meta property=\"og:image\" content=\"https:\/\/www.lumiun.com\/blog\/wp-content\/uploads\/Semana-da-Seguran\u00e7a-da-Informa\u00e7\u00e3oblog.jpg\" \/>\n\t<meta property=\"og:image:width\" content=\"1200\" \/>\n\t<meta property=\"og:image:height\" content=\"708\" \/>\n\t<meta property=\"og:image:type\" content=\"image\/jpeg\" \/>\n<meta name=\"author\" content=\"Kelvin Zimmer\" \/>\n<meta name=\"twitter:card\" content=\"summary_large_image\" \/>\n<meta name=\"twitter:label1\" content=\"Escrito por\" \/>\n\t<meta name=\"twitter:data1\" content=\"Kelvin Zimmer\" \/>\n\t<meta name=\"twitter:label2\" content=\"Est. tempo de leitura\" \/>\n\t<meta name=\"twitter:data2\" content=\"4 minutos\" \/>\n<script type=\"application\/ld+json\" class=\"yoast-schema-graph\">{\"@context\":\"https:\/\/schema.org\",\"@graph\":[{\"@type\":\"Article\",\"@id\":\"https:\/\/www.lumiun.com\/blog\/a-semana-da-seguranca-da-informacao-edicao-no22\/#article\",\"isPartOf\":{\"@id\":\"https:\/\/www.lumiun.com\/blog\/a-semana-da-seguranca-da-informacao-edicao-no22\/\"},\"author\":{\"name\":\"Kelvin Zimmer\",\"@id\":\"https:\/\/www.lumiun.com\/blog\/#\/schema\/person\/30ba726a925be4e704df87ac2f3aeb77\"},\"headline\":\"A Semana da Seguran\u00e7a da Informa\u00e7\u00e3o &#8211; Edi\u00e7\u00e3o N\u00ba22\",\"datePublished\":\"2020-07-27T12:34:52+00:00\",\"dateModified\":\"2022-05-02T18:02:11+00:00\",\"mainEntityOfPage\":{\"@id\":\"https:\/\/www.lumiun.com\/blog\/a-semana-da-seguranca-da-informacao-edicao-no22\/\"},\"wordCount\":747,\"publisher\":{\"@id\":\"https:\/\/www.lumiun.com\/blog\/#organization\"},\"image\":{\"@id\":\"https:\/\/www.lumiun.com\/blog\/a-semana-da-seguranca-da-informacao-edicao-no22\/#primaryimage\"},\"thumbnailUrl\":\"https:\/\/www.lumiun.com\/blog\/wp-content\/uploads\/Semana-da-Seguran\u00e7a-da-Informa\u00e7\u00e3oblog.jpg\",\"keywords\":[\"ciberataque\",\"seguran\u00e7a da informa\u00e7\u00e3o\",\"tiktok\",\"vpn\"],\"articleSection\":[\"Semana da Seguran\u00e7a na Internet\"],\"inLanguage\":\"pt-BR\"},{\"@type\":\"WebPage\",\"@id\":\"https:\/\/www.lumiun.com\/blog\/a-semana-da-seguranca-da-informacao-edicao-no22\/\",\"url\":\"https:\/\/www.lumiun.com\/blog\/a-semana-da-seguranca-da-informacao-edicao-no22\/\",\"name\":\"A Semana da Seguran\u00e7a da Informa\u00e7\u00e3o - Edi\u00e7\u00e3o N\u00ba22 | Lumiun Blog\",\"isPartOf\":{\"@id\":\"https:\/\/www.lumiun.com\/blog\/#website\"},\"primaryImageOfPage\":{\"@id\":\"https:\/\/www.lumiun.com\/blog\/a-semana-da-seguranca-da-informacao-edicao-no22\/#primaryimage\"},\"image\":{\"@id\":\"https:\/\/www.lumiun.com\/blog\/a-semana-da-seguranca-da-informacao-edicao-no22\/#primaryimage\"},\"thumbnailUrl\":\"https:\/\/www.lumiun.com\/blog\/wp-content\/uploads\/Semana-da-Seguran\u00e7a-da-Informa\u00e7\u00e3oblog.jpg\",\"datePublished\":\"2020-07-27T12:34:52+00:00\",\"dateModified\":\"2022-05-02T18:02:11+00:00\",\"description\":\"Na edi\u00e7\u00e3o N\u00ba 22 da Semana da Seguran\u00e7a da Informa\u00e7\u00e3o, LGPD e Covid-19, onda de ciberataques afetam telecoms, e muito mais.\",\"breadcrumb\":{\"@id\":\"https:\/\/www.lumiun.com\/blog\/a-semana-da-seguranca-da-informacao-edicao-no22\/#breadcrumb\"},\"inLanguage\":\"pt-BR\",\"potentialAction\":[{\"@type\":\"ReadAction\",\"target\":[\"https:\/\/www.lumiun.com\/blog\/a-semana-da-seguranca-da-informacao-edicao-no22\/\"]}]},{\"@type\":\"ImageObject\",\"inLanguage\":\"pt-BR\",\"@id\":\"https:\/\/www.lumiun.com\/blog\/a-semana-da-seguranca-da-informacao-edicao-no22\/#primaryimage\",\"url\":\"https:\/\/www.lumiun.com\/blog\/wp-content\/uploads\/Semana-da-Seguran\u00e7a-da-Informa\u00e7\u00e3oblog.jpg\",\"contentUrl\":\"https:\/\/www.lumiun.com\/blog\/wp-content\/uploads\/Semana-da-Seguran\u00e7a-da-Informa\u00e7\u00e3oblog.jpg\",\"width\":1200,\"height\":708},{\"@type\":\"BreadcrumbList\",\"@id\":\"https:\/\/www.lumiun.com\/blog\/a-semana-da-seguranca-da-informacao-edicao-no22\/#breadcrumb\",\"itemListElement\":[{\"@type\":\"ListItem\",\"position\":1,\"name\":\"In\u00edcio\",\"item\":\"https:\/\/www.lumiun.com\/blog\/\"},{\"@type\":\"ListItem\",\"position\":2,\"name\":\"A Semana da Seguran\u00e7a da Informa\u00e7\u00e3o &#8211; Edi\u00e7\u00e3o N\u00ba22\"}]},{\"@type\":\"WebSite\",\"@id\":\"https:\/\/www.lumiun.com\/blog\/#website\",\"url\":\"https:\/\/www.lumiun.com\/blog\/\",\"name\":\"Lumiun Blog\",\"description\":\"Conte\u00fado sobre gest\u00e3o e seguran\u00e7a da internet para gestores e profissionais de TI\",\"publisher\":{\"@id\":\"https:\/\/www.lumiun.com\/blog\/#organization\"},\"potentialAction\":[{\"@type\":\"SearchAction\",\"target\":{\"@type\":\"EntryPoint\",\"urlTemplate\":\"https:\/\/www.lumiun.com\/blog\/?s={search_term_string}\"},\"query-input\":{\"@type\":\"PropertyValueSpecification\",\"valueRequired\":true,\"valueName\":\"search_term_string\"}}],\"inLanguage\":\"pt-BR\"},{\"@type\":\"Organization\",\"@id\":\"https:\/\/www.lumiun.com\/blog\/#organization\",\"name\":\"Lumiun Tecnologia\",\"url\":\"https:\/\/www.lumiun.com\/blog\/\",\"logo\":{\"@type\":\"ImageObject\",\"inLanguage\":\"pt-BR\",\"@id\":\"https:\/\/www.lumiun.com\/blog\/#\/schema\/logo\/image\/\",\"url\":\"https:\/\/www.lumiun.com\/blog\/wp-content\/uploads\/logo-lumiun.png\",\"contentUrl\":\"https:\/\/www.lumiun.com\/blog\/wp-content\/uploads\/logo-lumiun.png\",\"width\":1500,\"height\":930,\"caption\":\"Lumiun Tecnologia\"},\"image\":{\"@id\":\"https:\/\/www.lumiun.com\/blog\/#\/schema\/logo\/image\/\"},\"sameAs\":[\"https:\/\/www.facebook.com\/LumiunTecnologia\/\",\"https:\/\/www.linkedin.com\/company\/lumiun---cloud-managed-network\/\",\"https:\/\/www.youtube.com\/LumiunNetwork\"]},{\"@type\":\"Person\",\"@id\":\"https:\/\/www.lumiun.com\/blog\/#\/schema\/person\/30ba726a925be4e704df87ac2f3aeb77\",\"name\":\"Kelvin Zimmer\",\"image\":{\"@type\":\"ImageObject\",\"inLanguage\":\"pt-BR\",\"@id\":\"https:\/\/www.lumiun.com\/blog\/#\/schema\/person\/image\/\",\"url\":\"https:\/\/secure.gravatar.com\/avatar\/86b5cf3e5814ca737f2d6ba0be399339?s=96&d=mm&r=g\",\"contentUrl\":\"https:\/\/secure.gravatar.com\/avatar\/86b5cf3e5814ca737f2d6ba0be399339?s=96&d=mm&r=g\",\"caption\":\"Kelvin Zimmer\"},\"description\":\"Colunista de ciberseguran\u00e7a, especialista em produtividade e Analista de Marketing na Lumiun.\",\"sameAs\":[\"http:\/\/lumiun.com\"],\"url\":\"https:\/\/www.lumiun.com\/blog\/author\/kelvin\/\"}]}<\/script>\n<!-- \/ Yoast SEO plugin. -->","yoast_head_json":{"title":"A Semana da Seguran\u00e7a da Informa\u00e7\u00e3o - Edi\u00e7\u00e3o N\u00ba22 | Lumiun Blog","description":"Na edi\u00e7\u00e3o N\u00ba 22 da Semana da Seguran\u00e7a da Informa\u00e7\u00e3o, LGPD e Covid-19, onda de ciberataques afetam telecoms, e muito mais.","robots":{"index":"index","follow":"follow","max-snippet":"max-snippet:-1","max-image-preview":"max-image-preview:large","max-video-preview":"max-video-preview:-1"},"canonical":"https:\/\/www.lumiun.com\/blog\/a-semana-da-seguranca-da-informacao-edicao-no22\/","og_locale":"pt_BR","og_type":"article","og_title":"A Semana da Seguran\u00e7a da Informa\u00e7\u00e3o - Edi\u00e7\u00e3o N\u00ba22 | Lumiun Blog","og_description":"Na edi\u00e7\u00e3o N\u00ba 22 da Semana da Seguran\u00e7a da Informa\u00e7\u00e3o, LGPD e Covid-19, onda de ciberataques afetam telecoms, e muito mais.","og_url":"https:\/\/www.lumiun.com\/blog\/a-semana-da-seguranca-da-informacao-edicao-no22\/","og_site_name":"Lumiun Blog","article_publisher":"https:\/\/www.facebook.com\/LumiunTecnologia\/","article_published_time":"2020-07-27T12:34:52+00:00","article_modified_time":"2022-05-02T18:02:11+00:00","og_image":[{"width":1200,"height":708,"url":"https:\/\/www.lumiun.com\/blog\/wp-content\/uploads\/Semana-da-Seguran\u00e7a-da-Informa\u00e7\u00e3oblog.jpg","type":"image\/jpeg"}],"author":"Kelvin Zimmer","twitter_card":"summary_large_image","twitter_misc":{"Escrito por":"Kelvin Zimmer","Est. tempo de leitura":"4 minutos"},"schema":{"@context":"https:\/\/schema.org","@graph":[{"@type":"Article","@id":"https:\/\/www.lumiun.com\/blog\/a-semana-da-seguranca-da-informacao-edicao-no22\/#article","isPartOf":{"@id":"https:\/\/www.lumiun.com\/blog\/a-semana-da-seguranca-da-informacao-edicao-no22\/"},"author":{"name":"Kelvin Zimmer","@id":"https:\/\/www.lumiun.com\/blog\/#\/schema\/person\/30ba726a925be4e704df87ac2f3aeb77"},"headline":"A Semana da Seguran\u00e7a da Informa\u00e7\u00e3o &#8211; Edi\u00e7\u00e3o N\u00ba22","datePublished":"2020-07-27T12:34:52+00:00","dateModified":"2022-05-02T18:02:11+00:00","mainEntityOfPage":{"@id":"https:\/\/www.lumiun.com\/blog\/a-semana-da-seguranca-da-informacao-edicao-no22\/"},"wordCount":747,"publisher":{"@id":"https:\/\/www.lumiun.com\/blog\/#organization"},"image":{"@id":"https:\/\/www.lumiun.com\/blog\/a-semana-da-seguranca-da-informacao-edicao-no22\/#primaryimage"},"thumbnailUrl":"https:\/\/www.lumiun.com\/blog\/wp-content\/uploads\/Semana-da-Seguran\u00e7a-da-Informa\u00e7\u00e3oblog.jpg","keywords":["ciberataque","seguran\u00e7a da informa\u00e7\u00e3o","tiktok","vpn"],"articleSection":["Semana da Seguran\u00e7a na Internet"],"inLanguage":"pt-BR"},{"@type":"WebPage","@id":"https:\/\/www.lumiun.com\/blog\/a-semana-da-seguranca-da-informacao-edicao-no22\/","url":"https:\/\/www.lumiun.com\/blog\/a-semana-da-seguranca-da-informacao-edicao-no22\/","name":"A Semana da Seguran\u00e7a da Informa\u00e7\u00e3o - Edi\u00e7\u00e3o N\u00ba22 | Lumiun Blog","isPartOf":{"@id":"https:\/\/www.lumiun.com\/blog\/#website"},"primaryImageOfPage":{"@id":"https:\/\/www.lumiun.com\/blog\/a-semana-da-seguranca-da-informacao-edicao-no22\/#primaryimage"},"image":{"@id":"https:\/\/www.lumiun.com\/blog\/a-semana-da-seguranca-da-informacao-edicao-no22\/#primaryimage"},"thumbnailUrl":"https:\/\/www.lumiun.com\/blog\/wp-content\/uploads\/Semana-da-Seguran\u00e7a-da-Informa\u00e7\u00e3oblog.jpg","datePublished":"2020-07-27T12:34:52+00:00","dateModified":"2022-05-02T18:02:11+00:00","description":"Na edi\u00e7\u00e3o N\u00ba 22 da Semana da Seguran\u00e7a da Informa\u00e7\u00e3o, LGPD e Covid-19, onda de ciberataques afetam telecoms, e muito mais.","breadcrumb":{"@id":"https:\/\/www.lumiun.com\/blog\/a-semana-da-seguranca-da-informacao-edicao-no22\/#breadcrumb"},"inLanguage":"pt-BR","potentialAction":[{"@type":"ReadAction","target":["https:\/\/www.lumiun.com\/blog\/a-semana-da-seguranca-da-informacao-edicao-no22\/"]}]},{"@type":"ImageObject","inLanguage":"pt-BR","@id":"https:\/\/www.lumiun.com\/blog\/a-semana-da-seguranca-da-informacao-edicao-no22\/#primaryimage","url":"https:\/\/www.lumiun.com\/blog\/wp-content\/uploads\/Semana-da-Seguran\u00e7a-da-Informa\u00e7\u00e3oblog.jpg","contentUrl":"https:\/\/www.lumiun.com\/blog\/wp-content\/uploads\/Semana-da-Seguran\u00e7a-da-Informa\u00e7\u00e3oblog.jpg","width":1200,"height":708},{"@type":"BreadcrumbList","@id":"https:\/\/www.lumiun.com\/blog\/a-semana-da-seguranca-da-informacao-edicao-no22\/#breadcrumb","itemListElement":[{"@type":"ListItem","position":1,"name":"In\u00edcio","item":"https:\/\/www.lumiun.com\/blog\/"},{"@type":"ListItem","position":2,"name":"A Semana da Seguran\u00e7a da Informa\u00e7\u00e3o &#8211; Edi\u00e7\u00e3o N\u00ba22"}]},{"@type":"WebSite","@id":"https:\/\/www.lumiun.com\/blog\/#website","url":"https:\/\/www.lumiun.com\/blog\/","name":"Lumiun Blog","description":"Conte\u00fado sobre gest\u00e3o e seguran\u00e7a da internet para gestores e profissionais de TI","publisher":{"@id":"https:\/\/www.lumiun.com\/blog\/#organization"},"potentialAction":[{"@type":"SearchAction","target":{"@type":"EntryPoint","urlTemplate":"https:\/\/www.lumiun.com\/blog\/?s={search_term_string}"},"query-input":{"@type":"PropertyValueSpecification","valueRequired":true,"valueName":"search_term_string"}}],"inLanguage":"pt-BR"},{"@type":"Organization","@id":"https:\/\/www.lumiun.com\/blog\/#organization","name":"Lumiun Tecnologia","url":"https:\/\/www.lumiun.com\/blog\/","logo":{"@type":"ImageObject","inLanguage":"pt-BR","@id":"https:\/\/www.lumiun.com\/blog\/#\/schema\/logo\/image\/","url":"https:\/\/www.lumiun.com\/blog\/wp-content\/uploads\/logo-lumiun.png","contentUrl":"https:\/\/www.lumiun.com\/blog\/wp-content\/uploads\/logo-lumiun.png","width":1500,"height":930,"caption":"Lumiun Tecnologia"},"image":{"@id":"https:\/\/www.lumiun.com\/blog\/#\/schema\/logo\/image\/"},"sameAs":["https:\/\/www.facebook.com\/LumiunTecnologia\/","https:\/\/www.linkedin.com\/company\/lumiun---cloud-managed-network\/","https:\/\/www.youtube.com\/LumiunNetwork"]},{"@type":"Person","@id":"https:\/\/www.lumiun.com\/blog\/#\/schema\/person\/30ba726a925be4e704df87ac2f3aeb77","name":"Kelvin Zimmer","image":{"@type":"ImageObject","inLanguage":"pt-BR","@id":"https:\/\/www.lumiun.com\/blog\/#\/schema\/person\/image\/","url":"https:\/\/secure.gravatar.com\/avatar\/86b5cf3e5814ca737f2d6ba0be399339?s=96&d=mm&r=g","contentUrl":"https:\/\/secure.gravatar.com\/avatar\/86b5cf3e5814ca737f2d6ba0be399339?s=96&d=mm&r=g","caption":"Kelvin Zimmer"},"description":"Colunista de ciberseguran\u00e7a, especialista em produtividade e Analista de Marketing na Lumiun.","sameAs":["http:\/\/lumiun.com"],"url":"https:\/\/www.lumiun.com\/blog\/author\/kelvin\/"}]}},"_links":{"self":[{"href":"https:\/\/www.lumiun.com\/blog\/wp-json\/wp\/v2\/posts\/6414"}],"collection":[{"href":"https:\/\/www.lumiun.com\/blog\/wp-json\/wp\/v2\/posts"}],"about":[{"href":"https:\/\/www.lumiun.com\/blog\/wp-json\/wp\/v2\/types\/post"}],"author":[{"embeddable":true,"href":"https:\/\/www.lumiun.com\/blog\/wp-json\/wp\/v2\/users\/11"}],"replies":[{"embeddable":true,"href":"https:\/\/www.lumiun.com\/blog\/wp-json\/wp\/v2\/comments?post=6414"}],"version-history":[{"count":12,"href":"https:\/\/www.lumiun.com\/blog\/wp-json\/wp\/v2\/posts\/6414\/revisions"}],"predecessor-version":[{"id":8004,"href":"https:\/\/www.lumiun.com\/blog\/wp-json\/wp\/v2\/posts\/6414\/revisions\/8004"}],"wp:featuredmedia":[{"embeddable":true,"href":"https:\/\/www.lumiun.com\/blog\/wp-json\/wp\/v2\/media\/6421"}],"wp:attachment":[{"href":"https:\/\/www.lumiun.com\/blog\/wp-json\/wp\/v2\/media?parent=6414"}],"wp:term":[{"taxonomy":"category","embeddable":true,"href":"https:\/\/www.lumiun.com\/blog\/wp-json\/wp\/v2\/categories?post=6414"},{"taxonomy":"post_tag","embeddable":true,"href":"https:\/\/www.lumiun.com\/blog\/wp-json\/wp\/v2\/tags?post=6414"}],"curies":[{"name":"wp","href":"https:\/\/api.w.org\/{rel}","templated":true}]}}