{"id":6631,"date":"2020-08-17T13:00:00","date_gmt":"2020-08-17T16:00:00","guid":{"rendered":"https:\/\/www.lumiun.com\/blog\/?p=6631"},"modified":"2022-05-02T15:02:10","modified_gmt":"2022-05-02T18:02:10","slug":"a-semana-da-seguranca-da-informacao-edicao-no25","status":"publish","type":"post","link":"https:\/\/www.lumiun.com\/blog\/a-semana-da-seguranca-da-informacao-edicao-no25\/","title":{"rendered":"A Semana da Seguran\u00e7a da Informa\u00e7\u00e3o &#8211; Edi\u00e7\u00e3o N\u00ba25"},"content":{"rendered":"\r\n<p>Na edi\u00e7\u00e3o N\u00ba 25 da Semana da Seguran\u00e7a da Informa\u00e7\u00e3o, vazamento de dados do SANS Institute, apps de rastreamento, Zoom \u00e9 acusado de enganar usu\u00e1rios, ataques cibern\u00e9ticos disparam na pandemia, falha de seguran\u00e7a de site da AOB e muito mais.<\/p>\r\n\r\n\r\n<hr class=\"wp-block-separator is-style-wide\" \/>\r\n\r\n\r\n<h2 id=\"noticias\" class=\"wp-block-heading\">Not\u00edcias<\/h2>\r\n\r\n\r\n\r\n<h3 id=\"acontece-ne-vazamento-de-dados-do-sans-institute-afeta-28-mil-registros\" class=\"wp-block-heading\"><a href=\"https:\/\/thehack.com.br\/acontece-ne-vazamento-de-dados-do-sans-institute-afeta-28-mil-registros\/\">Acontece, n\u00e9? Vazamento de dados do SANS Institute afeta 28 mil registros<\/a><\/h3>\r\n\r\n\r\n\r\n<p>Todo mundo est\u00e1 vulner\u00e1vel a incidentes de seguran\u00e7a da informa\u00e7\u00e3o \u2014 at\u00e9 mesmo aquelas empresas que se focam em prover treinamentos de alto n\u00edvel sobre esse assunto.<\/p>\r\n\r\n\r\n\r\n<p><em>Por Ramon de Souza em The Hack<\/em><\/p>\r\n\r\n\r\n\r\n<h3 id=\"covid-19-apps-de-rastreamento-podem-comprometer-seguranca-e-privacidade-de-usuario\" class=\"wp-block-heading\"><a href=\"https:\/\/olhardigital.com.br\/fique_seguro\/noticia\/covid-19-apps-de-rastreamento-podem-comprometer-seguranca-e-privacidade-de-usuario\/105001\">Covid-19: apps de rastreamento podem comprometer seguran\u00e7a e privacidade de usu\u00e1rio<\/a><\/h3>\r\n\r\n\r\n\r\n<p>Empresa de ciberseguran\u00e7a encontrou erros de configura\u00e7\u00e3o que poderiam expor informa\u00e7\u00f5es coletadas.<\/p>\r\n\r\n\r\n\r\n<p><em>Por Luiz Nogueira<\/em> <em>em Olhar Digital<\/em><\/p>\r\n\r\n\r\n\r\n<h3 id=\"zoom-e-acusado-de-enganar-usuarios-sobre-criptografia-e-protecao-de-dados\" class=\"wp-block-heading\"><a href=\"https:\/\/canaltech.com.br\/seguranca\/zoom-e-acusado-de-enganar-usuarios-sobre-criptografia-e-protecao-de-dados-169938\/\">Zoom \u00e9 acusado de enganar usu\u00e1rios sobre criptografia e prote\u00e7\u00e3o de dados<\/a><\/h3>\r\n\r\n\r\n\r\n<p>O Zoom est\u00e1 no centro de mais uma disputa relacionada \u00e0 seguran\u00e7a, com um grupo americano de defesa do consumidor acusando a empresa de mentir aos usu\u00e1rios sobre aspectos relacionados \u00e0 prote\u00e7\u00e3o de privacidade e dados pessoais.<\/p>\r\n\r\n\r\n\r\n<p><em>Por Felipe Demartini em Canaltech<\/em><\/p>\r\n\r\n\r\n\r\n<h3 id=\"oab-corrige-falha-que-deixou-dados-de-advogados-expostos-na-web\" class=\"wp-block-heading\"><a href=\"https:\/\/g1.globo.com\/economia\/tecnologia\/blog\/altieres-rohr\/post\/2020\/08\/13\/oab-corrige-falha-que-deixou-dados-de-advogados-expostos-na-web.ghtml\">OAB corrige falha que deixou dados de advogados expostos na web<\/a><\/h3>\r\n\r\n\r\n\r\n<p>Entidade informou que est\u00e1 discutindo um &#8216;plano de aperfei\u00e7oamento cont\u00ednuo da seguran\u00e7a&#8217; e que comunicou autoridades.<\/p>\r\n\r\n\r\n\r\n<p><em>Por Altieres Rohr <\/em>e<em>m G1<\/em><\/p>\r\n\r\n\r\n\r\n<h3 id=\"no-brasil-96-das-empresas-assumem-ter-sofrido-um-ataque-cibernetico-nos-ultimos-12-meses\" class=\"wp-block-heading\"><a href=\"https:\/\/www.convergenciadigital.com.br\/cgi\/cgilua.exe\/sys\/start.htm?UserActiveTemplate=site&amp;infoid=54476&amp;sid=18\">No Brasil, 96% das empresas assumem ter sofrido um ataque cibern\u00e9tico nos \u00faltimos 12 meses<\/a><\/h3>\r\n\r\n\r\n\r\n<p>A maior parte das organiza\u00e7\u00f5es brasileiras (96%) sofreu um ataque cibern\u00e9tico que afetou o neg\u00f3cio nos \u00faltimos 12 meses, segundo executivos de neg\u00f3cios e de seguran\u00e7a.<\/p>\r\n\r\n\r\n\r\n<p><em>Em Converg\u00eancia Digital<\/em><\/p>\r\n\r\n\r\n\r\n<h3 id=\"tiktok-burlou-protecoes-do-android-para-rastrear-dados-de-usuarios\" class=\"wp-block-heading\"><a href=\"https:\/\/googlediscovery.com\/2020\/08\/15\/tiktok-burlou-protecoes-do-android-para-rastrear-dados-de-usuarios\/\">TikTok burlou prote\u00e7\u00f5es do Android para rastrear dados de usu\u00e1rios<\/a><\/h3>\r\n\r\n\r\n\r\n<p>O TikTok teria rastreado endere\u00e7os MAC de telefones Android \u2013 identificadores de hardware exclusivos atribu\u00eddos a uma interface de rede \u2013 possivelmente para fins publicit\u00e1rios.<\/p>\r\n\r\n\r\n\r\n<p><em>Por Ren\u00ea Fraga<\/em> <em>em Discovery<\/em><\/p>\r\n\r\n\r\n\r\n<h3 id=\"maioria-dos-profissionais-ignora-impactos-de-ataques-ciberneticos\" class=\"wp-block-heading\"><a href=\"https:\/\/amanha.com.br\/tecnologia\/maioria-dos-profissionais-ignora-impactos-de-ataques-ciberneticos\">Maioria dos profissionais ignora impactos de ataques cibern\u00e9ticos<\/a><\/h3>\r\n\r\n\r\n\r\n<p>Pesquisa da PwC revela que o treinamento que as empresas v\u00eam oferecendo sobre preven\u00e7\u00e3o de crimes digitais n\u00e3o t\u00eam ressoado junto aos profissionais.<\/p>\r\n\r\n\r\n\r\n<p><em>Em Amanh\u00e3<\/em><\/p>\r\n\r\n\r\n\r\n<h3 id=\"brasil-ja-tem-mais-de-tres-milhoes-de-vitimas-de-clonagem-do-whatsapp\" class=\"wp-block-heading\"><a href=\"https:\/\/canaltech.com.br\/seguranca\/brasil-ja-tem-mais-de-tres-milhoes-de-vitimas-de-clonagem-do-whatsapp-169837\/\">Brasil j\u00e1 tem mais de tr\u00eas milh\u00f5es de v\u00edtimas de clonagem do WhatsApp<\/a><\/h3>\r\n\r\n\r\n\r\n<p>Levantamento realizado pelo dfndr lab, laborat\u00f3rio especializado em seguran\u00e7a digital da PSafe, identificou que a clonagem de WhatsApp j\u00e1 atinge mais de tr\u00eas milh\u00f5es de usu\u00e1rios em 2020.<\/p>\r\n\r\n\r\n\r\n<p><em>Por Rui Maciel em Canaltech<\/em><\/p>\r\n\r\n\r\n\r\n<h3 id=\"acesso-remoto-seguro-controle-de-acesso-aos-funcionarios-em-home-office\" class=\"wp-block-heading\"><a href=\"https:\/\/www.lumiun.com\/blog\/acesso-remoto-seguro-controle-de-acesso-aos-funcionarios-em-home-office\/\">Acesso remoto seguro: controle de acesso aos funcion\u00e1rios em home office<\/a><\/h3>\r\n\r\n\r\n\r\n<p>A seguran\u00e7a de dados tem sido amplamente difundida nos meios empresariais, buscando melhorias nos sistemas de prote\u00e7\u00e3o e principalmente, perda de (mais) faturamento ou investimento em reparos relacionados ao tema.<\/p>\r\n\r\n\r\n\r\n<p><em>Por Kelvin Zimmer em Blog do Lumiun<\/em><\/p>\r\n\r\n\r\n<hr class=\"wp-block-separator is-style-wide\" \/>\r\n\r\n\r\n<h2 id=\"dicas-de-ferramentas-comunicacao-corporativa\" class=\"wp-block-heading\">Dicas de Ferramentas: Comunica\u00e7\u00e3o Corporativa<\/h2>\r\n\r\n\r\n\r\n<p>Juntamos neste t\u00f3pico as melhores solu\u00e7\u00f5es de comunica\u00e7\u00e3o corporativa:<\/p>\r\n\r\n\r\n\r\n<p>\ud83d\udccd &#8211; <a href=\"https:\/\/slack.com\/intl\/pt-br\/\">Slack<\/a><\/p>\r\n\r\n\r\n\r\n<p>\ud83d\udccd &#8211; <a href=\"https:\/\/discord.com\/why-discord\">Discord<\/a><\/p>\r\n\r\n\r\n\r\n<p>\ud83d\udccd &#8211; <a href=\"https:\/\/www.microsoft.com\/pt-br\/microsoft-365\/microsoft-teams\/group-chat-software\">Microsoft Teams<\/a><\/p>\r\n\r\n\r\n\r\n<p>\ud83d\udccd &#8211; <a href=\"https:\/\/work.workplace.com\/\">Workplace<\/a><\/p>\r\n\r\n\r\n\r\n<p>&nbsp;<\/p>\r\n\r\n\r\n<hr class=\"wp-block-separator is-style-wide\" \/>\r\n\r\n\r\n<h2 id=\"materiais\" class=\"wp-block-heading\">Materiais<\/h2>\r\n\r\n\r\n<div class=\"rock-convert-banner\"><a href=\"https:\/\/conteudo.lumiun.com\/ebook-falhas-seguranca-2020?utm_medium=rock-convert\" target=\"_blank\" class=\"rock-convert-cta-link\" data-cta-id=\"6511\" data-cta-title=\"eBook Grandes Falhas de Seguran\u00e7a\"><picture><source srcset=\"https:\/\/www.lumiun.com\/blog\/wp-content\/webp-express\/webp-images\/uploads\/Imagens-Banners-Rock-ebook-1.jpg.webp 619w, https:\/\/www.lumiun.com\/blog\/wp-content\/webp-express\/webp-images\/uploads\/Imagens-Banners-Rock-ebook-1-500x203.jpg.webp 500w, https:\/\/www.lumiun.com\/blog\/wp-content\/webp-express\/webp-images\/uploads\/Imagens-Banners-Rock-ebook-1-380x154.jpg.webp 380w\" sizes=\"(max-width: 619px) 100vw, 619px\" type=\"image\/webp\"><img fetchpriority=\"high\" decoding=\"async\" width=\"619\" height=\"251\" src=\"https:\/\/www.lumiun.com\/blog\/wp-content\/uploads\/Imagens-Banners-Rock-ebook-1.jpg\" class=\"attachment-full size-full webpexpress-processed\" alt=\"\" title=\"eBook Grandes Falhas de Seguran\u00e7a\" srcset=\"https:\/\/www.lumiun.com\/blog\/wp-content\/uploads\/Imagens-Banners-Rock-ebook-1.jpg 619w, https:\/\/www.lumiun.com\/blog\/wp-content\/uploads\/Imagens-Banners-Rock-ebook-1-500x203.jpg 500w, https:\/\/www.lumiun.com\/blog\/wp-content\/uploads\/Imagens-Banners-Rock-ebook-1-380x154.jpg 380w\" sizes=\"(max-width: 619px) 100vw, 619px\" loading=\"eager\"><\/picture><\/a><\/div>\n\r\n\r\n<div class=\"rock-convert-banner\"><a href=\"https:\/\/www.lumiun.com\/blog\/guia-de-ti-para-pequenas-e-medias-empresas\/?utm_medium=rock-convert\" target=\"_blank\" class=\"rock-convert-cta-link\" data-cta-id=\"6002\" data-cta-title=\"Banner Guia de TI para Pequenas Empresas\"><picture><source srcset=\"https:\/\/www.lumiun.com\/blog\/wp-content\/webp-express\/webp-images\/uploads\/Imagens-Banners-Rock12344.jpg.webp 1201w, https:\/\/www.lumiun.com\/blog\/wp-content\/webp-express\/webp-images\/uploads\/Imagens-Banners-Rock12344-500x202.jpg.webp 500w, https:\/\/www.lumiun.com\/blog\/wp-content\/webp-express\/webp-images\/uploads\/Imagens-Banners-Rock12344-1140x461.jpg.webp 1140w, https:\/\/www.lumiun.com\/blog\/wp-content\/webp-express\/webp-images\/uploads\/Imagens-Banners-Rock12344-768x311.jpg.webp 768w, https:\/\/www.lumiun.com\/blog\/wp-content\/webp-express\/webp-images\/uploads\/Imagens-Banners-Rock12344-380x154.jpg.webp 380w, https:\/\/www.lumiun.com\/blog\/wp-content\/webp-express\/webp-images\/uploads\/Imagens-Banners-Rock12344-800x324.jpg.webp 800w, https:\/\/www.lumiun.com\/blog\/wp-content\/webp-express\/webp-images\/uploads\/Imagens-Banners-Rock12344-1160x469.jpg.webp 1160w\" sizes=\"(max-width: 1201px) 100vw, 1201px\" type=\"image\/webp\"><img decoding=\"async\" width=\"1201\" height=\"486\" src=\"https:\/\/www.lumiun.com\/blog\/wp-content\/uploads\/Imagens-Banners-Rock12344.jpg\" class=\"attachment-full size-full webpexpress-processed\" alt=\"\" title=\"Banner Guia de TI para Pequenas Empresas\" srcset=\"https:\/\/www.lumiun.com\/blog\/wp-content\/uploads\/Imagens-Banners-Rock12344.jpg 1201w, https:\/\/www.lumiun.com\/blog\/wp-content\/uploads\/Imagens-Banners-Rock12344-500x202.jpg 500w, https:\/\/www.lumiun.com\/blog\/wp-content\/uploads\/Imagens-Banners-Rock12344-1140x461.jpg 1140w, https:\/\/www.lumiun.com\/blog\/wp-content\/uploads\/Imagens-Banners-Rock12344-768x311.jpg 768w, https:\/\/www.lumiun.com\/blog\/wp-content\/uploads\/Imagens-Banners-Rock12344-380x154.jpg 380w, https:\/\/www.lumiun.com\/blog\/wp-content\/uploads\/Imagens-Banners-Rock12344-800x324.jpg 800w, https:\/\/www.lumiun.com\/blog\/wp-content\/uploads\/Imagens-Banners-Rock12344-1160x469.jpg 1160w\" sizes=\"(max-width: 1201px) 100vw, 1201px\" loading=\"eager\"><\/picture><\/a><\/div>\n\r\n\r\n<hr class=\"wp-block-separator is-style-wide\" \/>\r\n\r\n\r\n<h2 id=\"videos\" class=\"wp-block-heading\">V\u00eddeos<\/h2>\r\n\r\n\r\n\r\n<h3 id=\"bernoulli-360-os-desafios-da-seguranca-da-informacao-e-gestao-de-riscos-no-contexto-atual\" class=\"wp-block-heading\"><a href=\"https:\/\/www.youtube.com\/watch?v=vEum9mE55FE\">BERNOULLI 360\u00b0 | Os desafios da seguran\u00e7a da informa\u00e7\u00e3o e gest\u00e3o de riscos no contexto atual<\/a><\/h3>\r\n\r\n\r\n\r\n<figure class=\"wp-block-embed-youtube wp-block-embed is-type-video is-provider-youtube wp-embed-aspect-16-9 wp-has-aspect-ratio\">\r\n<div class=\"wp-block-embed__wrapper\">https:\/\/www.youtube.com\/watch?v=vEum9mE55FE<\/div>\r\n<\/figure>\r\n\r\n\r\n\r\n<h3 id=\"protecao-de-dados-desafios-da-adequacao-a-lgpd\" class=\"wp-block-heading\"><a href=\"https:\/\/www.youtube.com\/watch?v=7SiaUMJQdcM&amp;feature=emb_logo\">Prote\u00e7\u00e3o de Dados: Desafios da Adequa\u00e7\u00e3o \u00e0 LGPD<\/a><\/h3>\r\n\r\n\r\n\r\n<figure class=\"wp-block-embed-youtube wp-block-embed is-type-video is-provider-youtube wp-embed-aspect-16-9 wp-has-aspect-ratio\">\r\n<div class=\"wp-block-embed__wrapper\">https:\/\/www.youtube.com\/watch?v=7SiaUMJQdcM&amp;feature=emb_logo<\/div>\r\n<\/figure>\r\n\r\n\r\n<hr class=\"wp-block-separator is-style-wide\" \/>\r\n\r\n\r\n<h2 class=\"wp-block-heading\" id=\"info\"><span id=\"eventos\">Eventos<\/span><\/h2>\r\n\r\n\r\n\r\n<h3 id=\"data-protection-day-lgpd-seguranca-da-informacao\" class=\"wp-block-heading\"><a href=\"https:\/\/www.sympla.com.br\/data-protection-day-lgpd--seguranca-da-informacao__758867\">Data Protection Day |LGPD \/ Seguran\u00e7a da Informa\u00e7\u00e3o<\/a><\/h3>\r\n\r\n\r\n\r\n<ul>\r\n<li>20 de agosto de 2020, 19h &#8211; 21h<\/li>\r\n<li>Evento on-line<\/li>\r\n<\/ul>\r\n\r\n\r\n\r\n<h3 id=\"aspectos-de-seguranca-da-informacao-relevantes-para-o-desenvolvimento-de-sistemas\" class=\"wp-block-heading\"><a href=\"https:\/\/www.sympla.com.br\/aspectos-de-seguranca-da-informacao-relevantes-para-o-desenvolvimento-de-sistemas__943132\">Aspectos de seguran\u00e7a da informa\u00e7\u00e3o relevantes para o desenvolvimento de sistemas<\/a><\/h3>\r\n\r\n\r\n\r\n<ul>\r\n<li>17 de agosto de 2020, 18h30 &#8211; 20h30<\/li>\r\n<li>Evento on-line<\/li>\r\n<\/ul>\r\n\r\n\r\n<hr class=\"wp-block-separator is-style-wide\" \/>\r\n\r\n\r\n<p>Voc\u00ea ainda n\u00e3o est\u00e1 inscrito na nossa newsletter para receber esse conte\u00fado semanalmente no e-mail? Ent\u00e3o se inscreva atrav\u00e9s do link abaixo:<\/p>\r\n<p><a href=\"https:\/\/conteudo.lumiun.com\/semana-da-seguranca-na-internet\">https:\/\/conteudo.lumiun.com\/semana-da-seguranca-na-internet<\/a><\/p>\r\n\r\n\r\n\r\n<p>Compartilhe o link com seus colegas e amigos.<\/p>\r\n","protected":false},"excerpt":{"rendered":"Na edi\u00e7\u00e3o N\u00ba 25 da Semana da Seguran\u00e7a da Informa\u00e7\u00e3o, vazamento de dados do SANS Institute, apps de&hellip;\n","protected":false},"author":11,"featured_media":6633,"comment_status":"closed","ping_status":"open","sticky":false,"template":"","format":"image","meta":{"content-type":"","footnotes":""},"categories":[143],"tags":[260,261,137,247,226,177],"yoast_head":"<!-- This site is optimized with the Yoast SEO plugin v24.0 - https:\/\/yoast.com\/wordpress\/plugins\/seo\/ -->\n<title>A Semana da Seguran\u00e7a da Informa\u00e7\u00e3o - Edi\u00e7\u00e3o N\u00ba25 | Lumiun Blog<\/title>\n<meta name=\"description\" content=\"Na edi\u00e7\u00e3o N\u00ba 25 da Semana da Seguran\u00e7a da Informa\u00e7\u00e3o, Zoom \u00e9 acusado de enganar usu\u00e1rios, falha de seguran\u00e7a de site da OAB e muito mais.\" \/>\n<meta name=\"robots\" content=\"index, follow, max-snippet:-1, max-image-preview:large, max-video-preview:-1\" \/>\n<link rel=\"canonical\" href=\"https:\/\/www.lumiun.com\/blog\/a-semana-da-seguranca-da-informacao-edicao-no25\/\" \/>\n<meta property=\"og:locale\" content=\"pt_BR\" \/>\n<meta property=\"og:type\" content=\"article\" \/>\n<meta property=\"og:title\" content=\"A Semana da Seguran\u00e7a da Informa\u00e7\u00e3o - Edi\u00e7\u00e3o N\u00ba25 | Lumiun Blog\" \/>\n<meta property=\"og:description\" content=\"Na edi\u00e7\u00e3o N\u00ba 25 da Semana da Seguran\u00e7a da Informa\u00e7\u00e3o, Zoom \u00e9 acusado de enganar usu\u00e1rios, falha de seguran\u00e7a de site da OAB e muito mais.\" \/>\n<meta property=\"og:url\" content=\"https:\/\/www.lumiun.com\/blog\/a-semana-da-seguranca-da-informacao-edicao-no25\/\" \/>\n<meta property=\"og:site_name\" content=\"Lumiun Blog\" \/>\n<meta property=\"article:publisher\" content=\"https:\/\/www.facebook.com\/LumiunTecnologia\/\" \/>\n<meta property=\"article:published_time\" content=\"2020-08-17T16:00:00+00:00\" \/>\n<meta property=\"article:modified_time\" content=\"2022-05-02T18:02:10+00:00\" \/>\n<meta property=\"og:image\" content=\"https:\/\/www.lumiun.com\/blog\/wp-content\/uploads\/Semana-da-Seguran\u00e7a-da-Informa\u00e7\u00e3o25-blog.jpg\" \/>\n\t<meta property=\"og:image:width\" content=\"1200\" \/>\n\t<meta property=\"og:image:height\" content=\"708\" \/>\n\t<meta property=\"og:image:type\" content=\"image\/jpeg\" \/>\n<meta name=\"author\" content=\"Kelvin Zimmer\" \/>\n<meta name=\"twitter:card\" content=\"summary_large_image\" \/>\n<meta name=\"twitter:label1\" content=\"Escrito por\" \/>\n\t<meta name=\"twitter:data1\" content=\"Kelvin Zimmer\" \/>\n\t<meta name=\"twitter:label2\" content=\"Est. tempo de leitura\" \/>\n\t<meta name=\"twitter:data2\" content=\"3 minutos\" \/>\n<script type=\"application\/ld+json\" class=\"yoast-schema-graph\">{\"@context\":\"https:\/\/schema.org\",\"@graph\":[{\"@type\":\"Article\",\"@id\":\"https:\/\/www.lumiun.com\/blog\/a-semana-da-seguranca-da-informacao-edicao-no25\/#article\",\"isPartOf\":{\"@id\":\"https:\/\/www.lumiun.com\/blog\/a-semana-da-seguranca-da-informacao-edicao-no25\/\"},\"author\":{\"name\":\"Kelvin Zimmer\",\"@id\":\"https:\/\/www.lumiun.com\/blog\/#\/schema\/person\/30ba726a925be4e704df87ac2f3aeb77\"},\"headline\":\"A Semana da Seguran\u00e7a da Informa\u00e7\u00e3o &#8211; Edi\u00e7\u00e3o N\u00ba25\",\"datePublished\":\"2020-08-17T16:00:00+00:00\",\"dateModified\":\"2022-05-02T18:02:10+00:00\",\"mainEntityOfPage\":{\"@id\":\"https:\/\/www.lumiun.com\/blog\/a-semana-da-seguranca-da-informacao-edicao-no25\/\"},\"wordCount\":622,\"publisher\":{\"@id\":\"https:\/\/www.lumiun.com\/blog\/#organization\"},\"image\":{\"@id\":\"https:\/\/www.lumiun.com\/blog\/a-semana-da-seguranca-da-informacao-edicao-no25\/#primaryimage\"},\"thumbnailUrl\":\"https:\/\/www.lumiun.com\/blog\/wp-content\/uploads\/Semana-da-Seguran\u00e7a-da-Informa\u00e7\u00e3o25-blog.jpg\",\"keywords\":[\"AOB\",\"rastreamento\",\"seguran\u00e7a da informa\u00e7\u00e3o\",\"tiktok\",\"vazamento de dados\",\"zoom\"],\"articleSection\":[\"Semana da Seguran\u00e7a na Internet\"],\"inLanguage\":\"pt-BR\"},{\"@type\":\"WebPage\",\"@id\":\"https:\/\/www.lumiun.com\/blog\/a-semana-da-seguranca-da-informacao-edicao-no25\/\",\"url\":\"https:\/\/www.lumiun.com\/blog\/a-semana-da-seguranca-da-informacao-edicao-no25\/\",\"name\":\"A Semana da Seguran\u00e7a da Informa\u00e7\u00e3o - Edi\u00e7\u00e3o N\u00ba25 | Lumiun Blog\",\"isPartOf\":{\"@id\":\"https:\/\/www.lumiun.com\/blog\/#website\"},\"primaryImageOfPage\":{\"@id\":\"https:\/\/www.lumiun.com\/blog\/a-semana-da-seguranca-da-informacao-edicao-no25\/#primaryimage\"},\"image\":{\"@id\":\"https:\/\/www.lumiun.com\/blog\/a-semana-da-seguranca-da-informacao-edicao-no25\/#primaryimage\"},\"thumbnailUrl\":\"https:\/\/www.lumiun.com\/blog\/wp-content\/uploads\/Semana-da-Seguran\u00e7a-da-Informa\u00e7\u00e3o25-blog.jpg\",\"datePublished\":\"2020-08-17T16:00:00+00:00\",\"dateModified\":\"2022-05-02T18:02:10+00:00\",\"description\":\"Na edi\u00e7\u00e3o N\u00ba 25 da Semana da Seguran\u00e7a da Informa\u00e7\u00e3o, Zoom \u00e9 acusado de enganar usu\u00e1rios, falha de seguran\u00e7a de site da OAB e muito mais.\",\"breadcrumb\":{\"@id\":\"https:\/\/www.lumiun.com\/blog\/a-semana-da-seguranca-da-informacao-edicao-no25\/#breadcrumb\"},\"inLanguage\":\"pt-BR\",\"potentialAction\":[{\"@type\":\"ReadAction\",\"target\":[\"https:\/\/www.lumiun.com\/blog\/a-semana-da-seguranca-da-informacao-edicao-no25\/\"]}]},{\"@type\":\"ImageObject\",\"inLanguage\":\"pt-BR\",\"@id\":\"https:\/\/www.lumiun.com\/blog\/a-semana-da-seguranca-da-informacao-edicao-no25\/#primaryimage\",\"url\":\"https:\/\/www.lumiun.com\/blog\/wp-content\/uploads\/Semana-da-Seguran\u00e7a-da-Informa\u00e7\u00e3o25-blog.jpg\",\"contentUrl\":\"https:\/\/www.lumiun.com\/blog\/wp-content\/uploads\/Semana-da-Seguran\u00e7a-da-Informa\u00e7\u00e3o25-blog.jpg\",\"width\":1200,\"height\":708},{\"@type\":\"BreadcrumbList\",\"@id\":\"https:\/\/www.lumiun.com\/blog\/a-semana-da-seguranca-da-informacao-edicao-no25\/#breadcrumb\",\"itemListElement\":[{\"@type\":\"ListItem\",\"position\":1,\"name\":\"In\u00edcio\",\"item\":\"https:\/\/www.lumiun.com\/blog\/\"},{\"@type\":\"ListItem\",\"position\":2,\"name\":\"A Semana da Seguran\u00e7a da Informa\u00e7\u00e3o &#8211; Edi\u00e7\u00e3o N\u00ba25\"}]},{\"@type\":\"WebSite\",\"@id\":\"https:\/\/www.lumiun.com\/blog\/#website\",\"url\":\"https:\/\/www.lumiun.com\/blog\/\",\"name\":\"Lumiun Blog\",\"description\":\"Conte\u00fado sobre gest\u00e3o e seguran\u00e7a da internet para gestores e profissionais de TI\",\"publisher\":{\"@id\":\"https:\/\/www.lumiun.com\/blog\/#organization\"},\"potentialAction\":[{\"@type\":\"SearchAction\",\"target\":{\"@type\":\"EntryPoint\",\"urlTemplate\":\"https:\/\/www.lumiun.com\/blog\/?s={search_term_string}\"},\"query-input\":{\"@type\":\"PropertyValueSpecification\",\"valueRequired\":true,\"valueName\":\"search_term_string\"}}],\"inLanguage\":\"pt-BR\"},{\"@type\":\"Organization\",\"@id\":\"https:\/\/www.lumiun.com\/blog\/#organization\",\"name\":\"Lumiun Tecnologia\",\"url\":\"https:\/\/www.lumiun.com\/blog\/\",\"logo\":{\"@type\":\"ImageObject\",\"inLanguage\":\"pt-BR\",\"@id\":\"https:\/\/www.lumiun.com\/blog\/#\/schema\/logo\/image\/\",\"url\":\"https:\/\/www.lumiun.com\/blog\/wp-content\/uploads\/logo-lumiun.png\",\"contentUrl\":\"https:\/\/www.lumiun.com\/blog\/wp-content\/uploads\/logo-lumiun.png\",\"width\":1500,\"height\":930,\"caption\":\"Lumiun Tecnologia\"},\"image\":{\"@id\":\"https:\/\/www.lumiun.com\/blog\/#\/schema\/logo\/image\/\"},\"sameAs\":[\"https:\/\/www.facebook.com\/LumiunTecnologia\/\",\"https:\/\/www.linkedin.com\/company\/lumiun---cloud-managed-network\/\",\"https:\/\/www.youtube.com\/LumiunNetwork\"]},{\"@type\":\"Person\",\"@id\":\"https:\/\/www.lumiun.com\/blog\/#\/schema\/person\/30ba726a925be4e704df87ac2f3aeb77\",\"name\":\"Kelvin Zimmer\",\"image\":{\"@type\":\"ImageObject\",\"inLanguage\":\"pt-BR\",\"@id\":\"https:\/\/www.lumiun.com\/blog\/#\/schema\/person\/image\/\",\"url\":\"https:\/\/secure.gravatar.com\/avatar\/86b5cf3e5814ca737f2d6ba0be399339?s=96&d=mm&r=g\",\"contentUrl\":\"https:\/\/secure.gravatar.com\/avatar\/86b5cf3e5814ca737f2d6ba0be399339?s=96&d=mm&r=g\",\"caption\":\"Kelvin Zimmer\"},\"description\":\"Colunista de ciberseguran\u00e7a, especialista em produtividade e Analista de Marketing na Lumiun.\",\"sameAs\":[\"http:\/\/lumiun.com\"],\"url\":\"https:\/\/www.lumiun.com\/blog\/author\/kelvin\/\"}]}<\/script>\n<!-- \/ Yoast SEO plugin. -->","yoast_head_json":{"title":"A Semana da Seguran\u00e7a da Informa\u00e7\u00e3o - Edi\u00e7\u00e3o N\u00ba25 | Lumiun Blog","description":"Na edi\u00e7\u00e3o N\u00ba 25 da Semana da Seguran\u00e7a da Informa\u00e7\u00e3o, Zoom \u00e9 acusado de enganar usu\u00e1rios, falha de seguran\u00e7a de site da OAB e muito mais.","robots":{"index":"index","follow":"follow","max-snippet":"max-snippet:-1","max-image-preview":"max-image-preview:large","max-video-preview":"max-video-preview:-1"},"canonical":"https:\/\/www.lumiun.com\/blog\/a-semana-da-seguranca-da-informacao-edicao-no25\/","og_locale":"pt_BR","og_type":"article","og_title":"A Semana da Seguran\u00e7a da Informa\u00e7\u00e3o - Edi\u00e7\u00e3o N\u00ba25 | Lumiun Blog","og_description":"Na edi\u00e7\u00e3o N\u00ba 25 da Semana da Seguran\u00e7a da Informa\u00e7\u00e3o, Zoom \u00e9 acusado de enganar usu\u00e1rios, falha de seguran\u00e7a de site da OAB e muito mais.","og_url":"https:\/\/www.lumiun.com\/blog\/a-semana-da-seguranca-da-informacao-edicao-no25\/","og_site_name":"Lumiun Blog","article_publisher":"https:\/\/www.facebook.com\/LumiunTecnologia\/","article_published_time":"2020-08-17T16:00:00+00:00","article_modified_time":"2022-05-02T18:02:10+00:00","og_image":[{"width":1200,"height":708,"url":"https:\/\/www.lumiun.com\/blog\/wp-content\/uploads\/Semana-da-Seguran\u00e7a-da-Informa\u00e7\u00e3o25-blog.jpg","type":"image\/jpeg"}],"author":"Kelvin Zimmer","twitter_card":"summary_large_image","twitter_misc":{"Escrito por":"Kelvin Zimmer","Est. tempo de leitura":"3 minutos"},"schema":{"@context":"https:\/\/schema.org","@graph":[{"@type":"Article","@id":"https:\/\/www.lumiun.com\/blog\/a-semana-da-seguranca-da-informacao-edicao-no25\/#article","isPartOf":{"@id":"https:\/\/www.lumiun.com\/blog\/a-semana-da-seguranca-da-informacao-edicao-no25\/"},"author":{"name":"Kelvin Zimmer","@id":"https:\/\/www.lumiun.com\/blog\/#\/schema\/person\/30ba726a925be4e704df87ac2f3aeb77"},"headline":"A Semana da Seguran\u00e7a da Informa\u00e7\u00e3o &#8211; Edi\u00e7\u00e3o N\u00ba25","datePublished":"2020-08-17T16:00:00+00:00","dateModified":"2022-05-02T18:02:10+00:00","mainEntityOfPage":{"@id":"https:\/\/www.lumiun.com\/blog\/a-semana-da-seguranca-da-informacao-edicao-no25\/"},"wordCount":622,"publisher":{"@id":"https:\/\/www.lumiun.com\/blog\/#organization"},"image":{"@id":"https:\/\/www.lumiun.com\/blog\/a-semana-da-seguranca-da-informacao-edicao-no25\/#primaryimage"},"thumbnailUrl":"https:\/\/www.lumiun.com\/blog\/wp-content\/uploads\/Semana-da-Seguran\u00e7a-da-Informa\u00e7\u00e3o25-blog.jpg","keywords":["AOB","rastreamento","seguran\u00e7a da informa\u00e7\u00e3o","tiktok","vazamento de dados","zoom"],"articleSection":["Semana da Seguran\u00e7a na Internet"],"inLanguage":"pt-BR"},{"@type":"WebPage","@id":"https:\/\/www.lumiun.com\/blog\/a-semana-da-seguranca-da-informacao-edicao-no25\/","url":"https:\/\/www.lumiun.com\/blog\/a-semana-da-seguranca-da-informacao-edicao-no25\/","name":"A Semana da Seguran\u00e7a da Informa\u00e7\u00e3o - Edi\u00e7\u00e3o N\u00ba25 | Lumiun Blog","isPartOf":{"@id":"https:\/\/www.lumiun.com\/blog\/#website"},"primaryImageOfPage":{"@id":"https:\/\/www.lumiun.com\/blog\/a-semana-da-seguranca-da-informacao-edicao-no25\/#primaryimage"},"image":{"@id":"https:\/\/www.lumiun.com\/blog\/a-semana-da-seguranca-da-informacao-edicao-no25\/#primaryimage"},"thumbnailUrl":"https:\/\/www.lumiun.com\/blog\/wp-content\/uploads\/Semana-da-Seguran\u00e7a-da-Informa\u00e7\u00e3o25-blog.jpg","datePublished":"2020-08-17T16:00:00+00:00","dateModified":"2022-05-02T18:02:10+00:00","description":"Na edi\u00e7\u00e3o N\u00ba 25 da Semana da Seguran\u00e7a da Informa\u00e7\u00e3o, Zoom \u00e9 acusado de enganar usu\u00e1rios, falha de seguran\u00e7a de site da OAB e muito mais.","breadcrumb":{"@id":"https:\/\/www.lumiun.com\/blog\/a-semana-da-seguranca-da-informacao-edicao-no25\/#breadcrumb"},"inLanguage":"pt-BR","potentialAction":[{"@type":"ReadAction","target":["https:\/\/www.lumiun.com\/blog\/a-semana-da-seguranca-da-informacao-edicao-no25\/"]}]},{"@type":"ImageObject","inLanguage":"pt-BR","@id":"https:\/\/www.lumiun.com\/blog\/a-semana-da-seguranca-da-informacao-edicao-no25\/#primaryimage","url":"https:\/\/www.lumiun.com\/blog\/wp-content\/uploads\/Semana-da-Seguran\u00e7a-da-Informa\u00e7\u00e3o25-blog.jpg","contentUrl":"https:\/\/www.lumiun.com\/blog\/wp-content\/uploads\/Semana-da-Seguran\u00e7a-da-Informa\u00e7\u00e3o25-blog.jpg","width":1200,"height":708},{"@type":"BreadcrumbList","@id":"https:\/\/www.lumiun.com\/blog\/a-semana-da-seguranca-da-informacao-edicao-no25\/#breadcrumb","itemListElement":[{"@type":"ListItem","position":1,"name":"In\u00edcio","item":"https:\/\/www.lumiun.com\/blog\/"},{"@type":"ListItem","position":2,"name":"A Semana da Seguran\u00e7a da Informa\u00e7\u00e3o &#8211; Edi\u00e7\u00e3o N\u00ba25"}]},{"@type":"WebSite","@id":"https:\/\/www.lumiun.com\/blog\/#website","url":"https:\/\/www.lumiun.com\/blog\/","name":"Lumiun Blog","description":"Conte\u00fado sobre gest\u00e3o e seguran\u00e7a da internet para gestores e profissionais de TI","publisher":{"@id":"https:\/\/www.lumiun.com\/blog\/#organization"},"potentialAction":[{"@type":"SearchAction","target":{"@type":"EntryPoint","urlTemplate":"https:\/\/www.lumiun.com\/blog\/?s={search_term_string}"},"query-input":{"@type":"PropertyValueSpecification","valueRequired":true,"valueName":"search_term_string"}}],"inLanguage":"pt-BR"},{"@type":"Organization","@id":"https:\/\/www.lumiun.com\/blog\/#organization","name":"Lumiun Tecnologia","url":"https:\/\/www.lumiun.com\/blog\/","logo":{"@type":"ImageObject","inLanguage":"pt-BR","@id":"https:\/\/www.lumiun.com\/blog\/#\/schema\/logo\/image\/","url":"https:\/\/www.lumiun.com\/blog\/wp-content\/uploads\/logo-lumiun.png","contentUrl":"https:\/\/www.lumiun.com\/blog\/wp-content\/uploads\/logo-lumiun.png","width":1500,"height":930,"caption":"Lumiun Tecnologia"},"image":{"@id":"https:\/\/www.lumiun.com\/blog\/#\/schema\/logo\/image\/"},"sameAs":["https:\/\/www.facebook.com\/LumiunTecnologia\/","https:\/\/www.linkedin.com\/company\/lumiun---cloud-managed-network\/","https:\/\/www.youtube.com\/LumiunNetwork"]},{"@type":"Person","@id":"https:\/\/www.lumiun.com\/blog\/#\/schema\/person\/30ba726a925be4e704df87ac2f3aeb77","name":"Kelvin Zimmer","image":{"@type":"ImageObject","inLanguage":"pt-BR","@id":"https:\/\/www.lumiun.com\/blog\/#\/schema\/person\/image\/","url":"https:\/\/secure.gravatar.com\/avatar\/86b5cf3e5814ca737f2d6ba0be399339?s=96&d=mm&r=g","contentUrl":"https:\/\/secure.gravatar.com\/avatar\/86b5cf3e5814ca737f2d6ba0be399339?s=96&d=mm&r=g","caption":"Kelvin Zimmer"},"description":"Colunista de ciberseguran\u00e7a, especialista em produtividade e Analista de Marketing na Lumiun.","sameAs":["http:\/\/lumiun.com"],"url":"https:\/\/www.lumiun.com\/blog\/author\/kelvin\/"}]}},"_links":{"self":[{"href":"https:\/\/www.lumiun.com\/blog\/wp-json\/wp\/v2\/posts\/6631"}],"collection":[{"href":"https:\/\/www.lumiun.com\/blog\/wp-json\/wp\/v2\/posts"}],"about":[{"href":"https:\/\/www.lumiun.com\/blog\/wp-json\/wp\/v2\/types\/post"}],"author":[{"embeddable":true,"href":"https:\/\/www.lumiun.com\/blog\/wp-json\/wp\/v2\/users\/11"}],"replies":[{"embeddable":true,"href":"https:\/\/www.lumiun.com\/blog\/wp-json\/wp\/v2\/comments?post=6631"}],"version-history":[{"count":13,"href":"https:\/\/www.lumiun.com\/blog\/wp-json\/wp\/v2\/posts\/6631\/revisions"}],"predecessor-version":[{"id":8008,"href":"https:\/\/www.lumiun.com\/blog\/wp-json\/wp\/v2\/posts\/6631\/revisions\/8008"}],"wp:featuredmedia":[{"embeddable":true,"href":"https:\/\/www.lumiun.com\/blog\/wp-json\/wp\/v2\/media\/6633"}],"wp:attachment":[{"href":"https:\/\/www.lumiun.com\/blog\/wp-json\/wp\/v2\/media?parent=6631"}],"wp:term":[{"taxonomy":"category","embeddable":true,"href":"https:\/\/www.lumiun.com\/blog\/wp-json\/wp\/v2\/categories?post=6631"},{"taxonomy":"post_tag","embeddable":true,"href":"https:\/\/www.lumiun.com\/blog\/wp-json\/wp\/v2\/tags?post=6631"}],"curies":[{"name":"wp","href":"https:\/\/api.w.org\/{rel}","templated":true}]}}